{"id":41423,"date":"2024-06-03T19:23:12","date_gmt":"2024-06-03T17:23:12","guid":{"rendered":"https:\/\/thereportzone.it\/?p=41423"},"modified":"2024-06-03T19:23:14","modified_gmt":"2024-06-03T17:23:14","slug":"appena-conclusosi-incontro-istituzionale-tra-il-sindaco-di-mondragone-e-il-ministro-piantedosi","status":"publish","type":"post","link":"https:\/\/www.thereportzone.it\/?p=41423","title":{"rendered":"Appena conclusosi incontro istituzionale tra il Sindaco di Mondragone e il Ministro Piantedosi"},"content":{"rendered":"\n<figure class=\"wp-block-image aligncenter size-full\"><img fetchpriority=\"high\" decoding=\"async\" width=\"691\" height=\"338\" src=\"https:\/\/thereportzone.it\/wp-content\/uploads\/2022\/07\/nuova-st-justin.png\" alt=\"\" class=\"wp-image-36457\"\/><\/figure>\n\n\n\n<p><\/p>\n\n\n\n<figure class=\"wp-block-image aligncenter size-full\"><img decoding=\"async\" width=\"700\" height=\"700\" src=\"https:\/\/thereportzone.it\/wp-content\/uploads\/2023\/03\/NUOVO-BANNER-NAVE.png\" alt=\"\" class=\"wp-image-38336\"\/><\/figure>\n\n\n\n<p>Un incontro utile per il nostro territorio. <br><\/p>\n\n\n\n<p><\/p>\n\n\n\n<p>Cos\u00ec il sindaco di Mondragone Francesco Iavanga ha commentato l&#8217;interlocuzione avuta questa mattina, a Roma, con il Ministro Piantedosi. Ho riscontrato una conoscenza dettagliata di ogni problematica della nostra zona e una chiara consapevolezza che lo Stato deve affermare la propria autorit\u00e0 con presenza costante. <\/p>\n\n\n\n<p><\/p>\n\n\n\n<p>Sono rimasto davvero soddisfatto. Abbiamo discusso anche della riqualificazione del parco Oasi sulla Domitiana e della possibilit\u00e0 di una stipula di una convenzione ad hoc con il Ministero per la sua riqualificazione. Inoltre ci siamo confrontati sulla possibilit\u00e0 di avere pi\u00f9 uomini in dotazione alle forze dell\u2019ordine (che stanno facendo comunque un lavoro straordinario come e\u2019 testimoniato dal recente arresto del criminale La Torre Tiberio ad opera dei Carabinieri e grazie alla denuncia del consigliere regionale Giovanni Zannini e dell\u2019imprenditore Alfredo Campoli) e anche della possibilit\u00e0 di una dotazione straordinaria di telecamere. <\/p>\n\n\n\n<p><\/p>\n\n\n\n<p>Mondragone \u00e8 il litorale domitio mi sono sembrati ben fissi tra le priorit\u00e0 del Ministro e questo mi ha fatto davvero piacere. Lavorer\u00f2 da subito per preparare gli atti propedeutici per la stipula della convenzione convocando il consiglio comunale. <\/p>\n\n\n\n<p><\/p>\n\n\n\n<p>La mia comunit\u00e0 \u00e8 pronta per fare il salto di qualit\u00e0 che da anni si aspetta. Anche la recente sottoscrizione da parte del mio comune, della versione aggiornata del protocollo di legalit\u00e0 con la Prefettura di Caserta, vanno nella direzione giusta. Legalit\u00e0, trasparenza, sicurezza e vivibilit\u00e0 sono i nostri obiettivi. <\/p>\n\n\n\n<p><\/p>\n\n\n\n<p>Ce la metteremo tutta. Oggi davvero ho incontrato un uomo dello Stato volenteroso e determinato a risolvere i problemi<\/p>\n\n\n\n<p><\/p>\n\n\n\n<h2 class=\"wp-block-heading has-text-align-center\">TIENITI AGGIORNATO SULLE NOTIZIE DELLA CITTA&#8217;, CLICCA SUL LOGO QUI SOTTO E SEGUI LA PAGINA &#8220;QUESTO E&#8217; MONDRAGONE&#8221;<\/h2>\n\n\n\n<figure class=\"wp-block-image aligncenter size-large\"><a href=\"https:\/\/www.facebook.com\/QUESTOEMONDRAGONE\"><img decoding=\"async\" width=\"1024\" height=\"923\" src=\"https:\/\/thereportzone.it\/wp-content\/uploads\/2023\/06\/LOGO-QUESTO-E-MONDRAGONE-1024x923.jpg\" alt=\"\" class=\"wp-image-38777\" srcset=\"https:\/\/www.thereportzone.it\/wp-content\/uploads\/2023\/06\/LOGO-QUESTO-E-MONDRAGONE-1024x923.jpg 1024w, https:\/\/www.thereportzone.it\/wp-content\/uploads\/2023\/06\/LOGO-QUESTO-E-MONDRAGONE-300x271.jpg 300w, https:\/\/www.thereportzone.it\/wp-content\/uploads\/2023\/06\/LOGO-QUESTO-E-MONDRAGONE-768x693.jpg 768w, https:\/\/www.thereportzone.it\/wp-content\/uploads\/2023\/06\/LOGO-QUESTO-E-MONDRAGONE.jpg 1170w\" sizes=\"(max-width: 1024px) 100vw, 1024px\" \/><\/a><\/figure>\n","protected":false},"excerpt":{"rendered":"<p>Un incontro utile per il nostro territorio. Cos\u00ec il sindaco di Mondragone Francesco Iavanga ha commentato l&#8217;interlocuzione avuta<\/p>\n","protected":false},"author":2,"featured_media":41424,"comment_status":"closed","ping_status":"closed","sticky":false,"template":"","format":"image","meta":{"sfsi_plus_gutenberg_text_before_share":"","sfsi_plus_gutenberg_show_text_before_share":"","sfsi_plus_gutenberg_icon_type":"","sfsi_plus_gutenberg_icon_alignemt":"","sfsi_plus_gutenburg_max_per_row":"","footnotes":""},"categories":[8,5,9],"tags":[],"class_list":["post-41423","post","type-post","status-publish","format-image","has-post-thumbnail","hentry","category-cronaca","category-mondragone","category-politica","post_format-post-format-image"],"_links":{"self":[{"href":"https:\/\/www.thereportzone.it\/index.php?rest_route=\/wp\/v2\/posts\/41423"}],"collection":[{"href":"https:\/\/www.thereportzone.it\/index.php?rest_route=\/wp\/v2\/posts"}],"about":[{"href":"https:\/\/www.thereportzone.it\/index.php?rest_route=\/wp\/v2\/types\/post"}],"author":[{"embeddable":true,"href":"https:\/\/www.thereportzone.it\/index.php?rest_route=\/wp\/v2\/users\/2"}],"replies":[{"embeddable":true,"href":"https:\/\/www.thereportzone.it\/index.php?rest_route=%2Fwp%2Fv2%2Fcomments&post=41423"}],"version-history":[{"count":1,"href":"https:\/\/www.thereportzone.it\/index.php?rest_route=\/wp\/v2\/posts\/41423\/revisions"}],"predecessor-version":[{"id":41425,"href":"https:\/\/www.thereportzone.it\/index.php?rest_route=\/wp\/v2\/posts\/41423\/revisions\/41425"}],"wp:featuredmedia":[{"embeddable":true,"href":"https:\/\/www.thereportzone.it\/index.php?rest_route=\/wp\/v2\/media\/41424"}],"wp:attachment":[{"href":"https:\/\/www.thereportzone.it\/index.php?rest_route=%2Fwp%2Fv2%2Fmedia&parent=41423"}],"wp:term":[{"taxonomy":"category","embeddable":true,"href":"https:\/\/www.thereportzone.it\/index.php?rest_route=%2Fwp%2Fv2%2Fcategories&post=41423"},{"taxonomy":"post_tag","embeddable":true,"href":"https:\/\/www.thereportzone.it\/index.php?rest_route=%2Fwp%2Fv2%2Ftags&post=41423"}],"curies":[{"name":"wp","href":"https:\/\/api.w.org\/{rel}","templated":true}]}}