{"id":41296,"date":"2024-05-18T07:46:32","date_gmt":"2024-05-18T05:46:32","guid":{"rendered":"https:\/\/thereportzone.it\/?p=41296"},"modified":"2024-05-18T07:46:40","modified_gmt":"2024-05-18T05:46:40","slug":"mondragone-estorsione-arresto-tiberio-la-torre-determinante-la-denuncia-del-consigliere-regionale-giovanni-zannini-e-dellimprenditore-alfredo-campoli-lesponente-politico-ho-fatto-il-mio-do","status":"publish","type":"post","link":"https:\/\/www.thereportzone.it\/?p=41296","title":{"rendered":"MONDRAGONE &#8211; Estorsione, arresto Tiberio La Torre: determinante la denuncia del consigliere regionale Giovanni Zannini e dell&#8217;imprenditore Alfredo Campoli. L&#8217;esponente politico: &#8220;Ho fatto il mio dovere, lo Stato c&#8217;\u00e8 ed \u00e8 forte&#8221;"},"content":{"rendered":"\n<figure class=\"wp-block-image aligncenter size-full\"><img fetchpriority=\"high\" decoding=\"async\" width=\"691\" height=\"338\" src=\"https:\/\/thereportzone.it\/wp-content\/uploads\/2022\/07\/nuova-st-justin.png\" alt=\"\" class=\"wp-image-36457\"\/><\/figure>\n\n\n\n<p><\/p>\n\n\n\n<figure class=\"wp-block-image aligncenter size-full\"><img decoding=\"async\" width=\"700\" height=\"700\" src=\"https:\/\/thereportzone.it\/wp-content\/uploads\/2023\/03\/NUOVO-BANNER-NAVE.png\" alt=\"\" class=\"wp-image-38336\"\/><\/figure>\n\n\n\n<p>Nella giornata di ieri i carabinieri di Mondragone, comandati dal Colonnello Bandelli, hanno tratto in arresto il killer pluripregiudicato La Torre Tiberio detto \u201cpuntinella\u201d.<\/p>\n\n\n\n<p><\/p>\n\n\n\n<p><\/p>\n\n\n\n<p>Determinanti le attivit\u00e0 investigative condotte dalla DDA di Napoli con l\u2019agguato Del Prete e il PM Patskot. L\u2019arresto del La Torre si fonda sulla denuncia sporta dal Consigliere regionale Giovanni Zannini (al quale il La Torre voleva estorcere 50 mila euro sul presupposte di fine pretese risarcitorie) e dall\u2019imprenditore Alfredo Campoli (al quale il La Torre avrebbe estorto circa 22 mila euro pretendendo che la consegna avvenisse presso una cappella del locale cimitero). <\/p>\n\n\n\n<p><\/p>\n\n\n\n<p><\/p>\n\n\n\n<p>Il La Torre si \u00e8 presentato a casa dello Zannini pi\u00f9 volte senza che nessuno gli aprisse la porta. La famiglia del consigliere regionale rimaneva costretta d chiusa in casa mentre il consigliere regionale si recava presso i carabinieri ottenendone l\u2019immediato e risolutivo intervento. Poi le denunce, poi l\u2019intervento della DDA e poi l\u2019arresto.<\/p>\n\n\n\n<p><\/p>\n\n\n\n<p><br><br>In merito ai fatti, il denunciante Zannini ha dichiarato: \u201cHo fatto il mio dovere. Speravo che condotte del genere non si verificassero pi\u00f9. Ringrazio la DDA di Napoli e i Carabinieri per l\u2019intervento tempestivo e dirimente. In quattro giorni hanno arrestato il La Torre dimostrando che lo Stato c\u2019\u00e8 ed \u00e8 forte. Sono circa 6 mesi che vivo sotto minaccia. La settimana scorsa si \u00e8 superato ogni limite. Invito tutti a denunciare e a vincere ogni paura\u201d.<\/p>\n\n\n\n<p><\/p>\n\n\n\n<h2 class=\"wp-block-heading has-text-align-center\">TIENITI AGGIORNATO SULLE NOTIZIE DELLA CITTA&#8217;, CLICCA SUL LOGO QUI SOTTO E SEGUI LA PAGINA &#8220;QUESTO E&#8217; MONDRAGONE&#8221;<\/h2>\n\n\n\n<figure class=\"wp-block-image aligncenter size-large\"><a href=\"https:\/\/www.facebook.com\/QUESTOEMONDRAGONE\"><img decoding=\"async\" width=\"1024\" height=\"923\" src=\"https:\/\/thereportzone.it\/wp-content\/uploads\/2023\/06\/LOGO-QUESTO-E-MONDRAGONE-1024x923.jpg\" alt=\"\" class=\"wp-image-38777\" srcset=\"https:\/\/www.thereportzone.it\/wp-content\/uploads\/2023\/06\/LOGO-QUESTO-E-MONDRAGONE-1024x923.jpg 1024w, https:\/\/www.thereportzone.it\/wp-content\/uploads\/2023\/06\/LOGO-QUESTO-E-MONDRAGONE-300x271.jpg 300w, https:\/\/www.thereportzone.it\/wp-content\/uploads\/2023\/06\/LOGO-QUESTO-E-MONDRAGONE-768x693.jpg 768w, https:\/\/www.thereportzone.it\/wp-content\/uploads\/2023\/06\/LOGO-QUESTO-E-MONDRAGONE.jpg 1170w\" sizes=\"(max-width: 1024px) 100vw, 1024px\" \/><\/a><\/figure>\n","protected":false},"excerpt":{"rendered":"<p>Nella giornata di ieri i carabinieri di Mondragone, comandati dal Colonnello Bandelli, hanno tratto in arresto il killer<\/p>\n","protected":false},"author":2,"featured_media":41297,"comment_status":"closed","ping_status":"closed","sticky":false,"template":"","format":"image","meta":{"sfsi_plus_gutenberg_text_before_share":"","sfsi_plus_gutenberg_show_text_before_share":"","sfsi_plus_gutenberg_icon_type":"","sfsi_plus_gutenberg_icon_alignemt":"","sfsi_plus_gutenburg_max_per_row":"","footnotes":""},"categories":[8,5,9],"tags":[],"class_list":["post-41296","post","type-post","status-publish","format-image","has-post-thumbnail","hentry","category-cronaca","category-mondragone","category-politica","post_format-post-format-image"],"_links":{"self":[{"href":"https:\/\/www.thereportzone.it\/index.php?rest_route=\/wp\/v2\/posts\/41296"}],"collection":[{"href":"https:\/\/www.thereportzone.it\/index.php?rest_route=\/wp\/v2\/posts"}],"about":[{"href":"https:\/\/www.thereportzone.it\/index.php?rest_route=\/wp\/v2\/types\/post"}],"author":[{"embeddable":true,"href":"https:\/\/www.thereportzone.it\/index.php?rest_route=\/wp\/v2\/users\/2"}],"replies":[{"embeddable":true,"href":"https:\/\/www.thereportzone.it\/index.php?rest_route=%2Fwp%2Fv2%2Fcomments&post=41296"}],"version-history":[{"count":1,"href":"https:\/\/www.thereportzone.it\/index.php?rest_route=\/wp\/v2\/posts\/41296\/revisions"}],"predecessor-version":[{"id":41298,"href":"https:\/\/www.thereportzone.it\/index.php?rest_route=\/wp\/v2\/posts\/41296\/revisions\/41298"}],"wp:featuredmedia":[{"embeddable":true,"href":"https:\/\/www.thereportzone.it\/index.php?rest_route=\/wp\/v2\/media\/41297"}],"wp:attachment":[{"href":"https:\/\/www.thereportzone.it\/index.php?rest_route=%2Fwp%2Fv2%2Fmedia&parent=41296"}],"wp:term":[{"taxonomy":"category","embeddable":true,"href":"https:\/\/www.thereportzone.it\/index.php?rest_route=%2Fwp%2Fv2%2Fcategories&post=41296"},{"taxonomy":"post_tag","embeddable":true,"href":"https:\/\/www.thereportzone.it\/index.php?rest_route=%2Fwp%2Fv2%2Ftags&post=41296"}],"curies":[{"name":"wp","href":"https:\/\/api.w.org\/{rel}","templated":true}]}}