{"id":41194,"date":"2024-05-02T17:50:28","date_gmt":"2024-05-02T15:50:28","guid":{"rendered":"https:\/\/thereportzone.it\/?p=41194"},"modified":"2024-05-02T17:50:36","modified_gmt":"2024-05-02T15:50:36","slug":"mondragone-quadro-dellincaldana-da-restauro-emergono-particolari-prima-invisibili","status":"publish","type":"post","link":"https:\/\/www.thereportzone.it\/?p=41194","title":{"rendered":"MONDRAGONE &#8211; Quadro dell\u2019Incaldana, da restauro emergono particolari prima invisibili"},"content":{"rendered":"\n<figure class=\"wp-block-image aligncenter size-full\"><img fetchpriority=\"high\" decoding=\"async\" width=\"691\" height=\"338\" src=\"https:\/\/thereportzone.it\/wp-content\/uploads\/2022\/07\/nuova-st-justin.png\" alt=\"\" class=\"wp-image-36457\"\/><\/figure>\n\n\n\n<p><\/p>\n\n\n\n<figure class=\"wp-block-image aligncenter size-full\"><img decoding=\"async\" width=\"700\" height=\"700\" src=\"https:\/\/thereportzone.it\/wp-content\/uploads\/2023\/03\/NUOVO-BANNER-NAVE.png\" alt=\"\" class=\"wp-image-38336\"\/><\/figure>\n\n\n\n<p><strong><em>di Maria Assunta Cavallo<\/em><\/strong> &#8211; Il 30 aprile scorso sono terminati i festeggiamenti in onore di Maria S.S. Incaldana, Protettrice di Mondragone per i 400 anni dalla &#8220;traslatio&#8221; della immagine, dalla chiesa del Belvedere al Santuario. <br><\/p>\n\n\n\n<p><\/p>\n\n\n\n<p>Il quadro della Madonna sar\u00e0 esposto sull&#8217;altare maggiore della Basilica Minore in pieno centro storico, fino al 5 maggio 2024, quando alle ore 16.00 partir\u00e0 in processione per Falciano del Massico, dando inizio cos\u00ec alla &#8220;peregrinatio Mariae&#8221; nei paesi limitrofi che proseguir\u00e0 fino al 30 maggio, quando poi la Santa icona torner\u00e0 in citt\u00e0. <br><\/p>\n\n\n\n<p><\/p>\n\n\n\n<p>Vi \u00e8 un particolare che probabilmente non tutti hanno ancora notato e che riguarda proprio l&#8217;immagine della Patrona, oggetto di restauro il mese scorso. <\/p>\n\n\n\n<p><\/p>\n\n\n\n<p>Allargando la cornice, \u00e8 ora visibile per intero il secondo piedino del bambino che Maria abbraccia in grembo, ed il trono su cui siede, rendendo ancora pi\u00f9 maestosa la sua figura. <\/p>\n\n\n\n<p><\/p>\n\n\n\n<p>Vi \u00e8 inoltre un secondo particolare importantissimo, emerso durante i lavori di restauro, che verr\u00e0 svelato dalla stessa restauratrice, a settembre prossimo, quando verr\u00e0 a Mondragone per far visita a Maria S.S.Incaldana.<\/p>\n\n\n\n<figure class=\"wp-block-image aligncenter size-full\"><img decoding=\"async\" width=\"472\" height=\"734\" src=\"https:\/\/thereportzone.it\/wp-content\/uploads\/2024\/05\/75800588-cde9-4db1-ab5e-f7bf44523821.jpeg\" alt=\"\" class=\"wp-image-41195\" srcset=\"https:\/\/www.thereportzone.it\/wp-content\/uploads\/2024\/05\/75800588-cde9-4db1-ab5e-f7bf44523821.jpeg 472w, https:\/\/www.thereportzone.it\/wp-content\/uploads\/2024\/05\/75800588-cde9-4db1-ab5e-f7bf44523821-193x300.jpeg 193w\" sizes=\"(max-width: 472px) 100vw, 472px\" \/><\/figure>\n\n\n\n<h2 class=\"wp-block-heading has-text-align-center\">TIENITI AGGIORNATO SULLE NOTIZIE DELLA CITTA&#8217;, CLICCA SUL LOGO QUI SOTTO E SEGUI LA PAGINA &#8220;QUESTO E&#8217; MONDRAGONE&#8221;<\/h2>\n\n\n\n<figure class=\"wp-block-image aligncenter size-large\"><a href=\"https:\/\/www.facebook.com\/QUESTOEMONDRAGONE\"><img loading=\"lazy\" decoding=\"async\" width=\"1024\" height=\"923\" src=\"https:\/\/thereportzone.it\/wp-content\/uploads\/2023\/06\/LOGO-QUESTO-E-MONDRAGONE-1024x923.jpg\" alt=\"\" class=\"wp-image-38777\" srcset=\"https:\/\/www.thereportzone.it\/wp-content\/uploads\/2023\/06\/LOGO-QUESTO-E-MONDRAGONE-1024x923.jpg 1024w, https:\/\/www.thereportzone.it\/wp-content\/uploads\/2023\/06\/LOGO-QUESTO-E-MONDRAGONE-300x271.jpg 300w, https:\/\/www.thereportzone.it\/wp-content\/uploads\/2023\/06\/LOGO-QUESTO-E-MONDRAGONE-768x693.jpg 768w, https:\/\/www.thereportzone.it\/wp-content\/uploads\/2023\/06\/LOGO-QUESTO-E-MONDRAGONE.jpg 1170w\" sizes=\"(max-width: 1024px) 100vw, 1024px\" \/><\/a><\/figure>\n","protected":false},"excerpt":{"rendered":"<p>di Maria Assunta Cavallo &#8211; Il 30 aprile scorso sono terminati i festeggiamenti in onore di Maria S.S.<\/p>\n","protected":false},"author":2,"featured_media":41195,"comment_status":"closed","ping_status":"closed","sticky":false,"template":"","format":"image","meta":{"sfsi_plus_gutenberg_text_before_share":"","sfsi_plus_gutenberg_show_text_before_share":"","sfsi_plus_gutenberg_icon_type":"","sfsi_plus_gutenberg_icon_alignemt":"","sfsi_plus_gutenburg_max_per_row":"","footnotes":""},"categories":[8,5],"tags":[],"class_list":["post-41194","post","type-post","status-publish","format-image","has-post-thumbnail","hentry","category-cronaca","category-mondragone","post_format-post-format-image"],"_links":{"self":[{"href":"https:\/\/www.thereportzone.it\/index.php?rest_route=\/wp\/v2\/posts\/41194"}],"collection":[{"href":"https:\/\/www.thereportzone.it\/index.php?rest_route=\/wp\/v2\/posts"}],"about":[{"href":"https:\/\/www.thereportzone.it\/index.php?rest_route=\/wp\/v2\/types\/post"}],"author":[{"embeddable":true,"href":"https:\/\/www.thereportzone.it\/index.php?rest_route=\/wp\/v2\/users\/2"}],"replies":[{"embeddable":true,"href":"https:\/\/www.thereportzone.it\/index.php?rest_route=%2Fwp%2Fv2%2Fcomments&post=41194"}],"version-history":[{"count":1,"href":"https:\/\/www.thereportzone.it\/index.php?rest_route=\/wp\/v2\/posts\/41194\/revisions"}],"predecessor-version":[{"id":41196,"href":"https:\/\/www.thereportzone.it\/index.php?rest_route=\/wp\/v2\/posts\/41194\/revisions\/41196"}],"wp:featuredmedia":[{"embeddable":true,"href":"https:\/\/www.thereportzone.it\/index.php?rest_route=\/wp\/v2\/media\/41195"}],"wp:attachment":[{"href":"https:\/\/www.thereportzone.it\/index.php?rest_route=%2Fwp%2Fv2%2Fmedia&parent=41194"}],"wp:term":[{"taxonomy":"category","embeddable":true,"href":"https:\/\/www.thereportzone.it\/index.php?rest_route=%2Fwp%2Fv2%2Fcategories&post=41194"},{"taxonomy":"post_tag","embeddable":true,"href":"https:\/\/www.thereportzone.it\/index.php?rest_route=%2Fwp%2Fv2%2Ftags&post=41194"}],"curies":[{"name":"wp","href":"https:\/\/api.w.org\/{rel}","templated":true}]}}