{"id":41187,"date":"2024-05-02T07:58:43","date_gmt":"2024-05-02T05:58:43","guid":{"rendered":"https:\/\/thereportzone.it\/?p=41187"},"modified":"2024-05-02T07:58:50","modified_gmt":"2024-05-02T05:58:50","slug":"mondragone-sara-inaugurata-domani-al-palazzo-ducale-la-mostra-a-cura-degli-alunni-del-i-circolo-didattico","status":"publish","type":"post","link":"https:\/\/www.thereportzone.it\/?p=41187","title":{"rendered":"MONDRAGONE &#8211; Sar\u00e0 inaugurata domani al Palazzo Ducale la mostra a cura degli alunni del I Circolo Didattico"},"content":{"rendered":"\n<figure class=\"wp-block-image aligncenter size-full\"><img fetchpriority=\"high\" decoding=\"async\" width=\"691\" height=\"338\" src=\"https:\/\/thereportzone.it\/wp-content\/uploads\/2022\/07\/nuova-st-justin.png\" alt=\"\" class=\"wp-image-36457\"\/><\/figure>\n\n\n\n<p><\/p>\n\n\n\n<figure class=\"wp-block-image aligncenter size-full\"><img decoding=\"async\" width=\"700\" height=\"700\" src=\"https:\/\/thereportzone.it\/wp-content\/uploads\/2023\/03\/NUOVO-BANNER-NAVE.png\" alt=\"\" class=\"wp-image-38336\"\/><\/figure>\n\n\n\n<p>\u201cEducare al bello, il bello dell\u2019educare\u201d, \u00e8 questo il titolo della mostra che sar\u00e0 inaugurata domani, 3 Maggio, e che rester\u00e0 fino al 15 Maggio. <br><\/p>\n\n\n\n<p><\/p>\n\n\n\n<p><br>Nella splendida cornice del Palazzo Ducale sar\u00e0 inaugurata la mostra che vede esposti<br>i lavori degli alunni delle classi della Scuola Primaria. La mostra rappresenta la naturale conclusione del Progetto d\u2019ARTE che da pi\u00f9 di dieci anni viene proposto dal Primo Circolo didattico di Mondragone. <br><\/p>\n\n\n\n<p><\/p>\n\n\n\n<p>I capolavori esposti sono stati realizzati durante l\u2019anno scolastico da tutti gli alunni della Scuola Primaria. Gli alunni, magistralmente coordinati da esperti e dalle docenti, hanno creato i propri lavori nei vari laboratori d\u2019ARTE. <br><\/p>\n\n\n\n<p><\/p>\n\n\n\n<p>Avvicinandosi alla vita e alle opere di straordinari artisti, gli alunni hanno colto il vissuto dell\u2019autore oggetto di studio e l\u2019originalit\u00e0 dell\u2019opera prescelta. L\u2019alunno ha scelto il capolavoro che lo ha maggiormente colpito e attraverso un percorso a tappe \u00e8 stato accompagnato alla rielaborazione personale dell\u2019opera scelta. Ha, cos\u00ec, imparato a cogliere le qualit\u00e0 cromatiche dell\u2019opera, le varie densit\u00e0 del colore riuscendo a cogliere frammenti del vissuto interiore dell\u2019artista.<br>AMEDEO MODIGLIANI, FERNANDO BOTERO, CLAUDE MONET, ANDY WARHOL, GIOTTO: questi sono gli autori ai quali si sono avvicinati i giovani artisti.<\/p>\n\n\n\n<p><\/p>\n\n\n\n<p><br>\u201cNon \u00e8 importante l\u2019oggetto finito, ma il percorso che il bambino fa per arrivare allo stesso\u201d. (Bruno MUNARI). Siamo fortemente convinti che, attraverso laboratori didattici, l\u2019ARTE possa diventare un potente mezzo per favorire l\u2019autostima dell\u2019alunno e sviluppare senso critico rispetto alla realt\u00e0 che lo circonda. Non tutti saremo artisti, cantanti, scrittori, musicisti, danzatori, attori, ma ci\u00f2 non toglie che il nostro spirito non possa essere arricchito da arte, musica, poesia e teatro.<br>Mai come oggi, educare all\u2019arte \u00e8 importante per tornare a generare bellezza.<br><br><\/p>\n\n\n\n<p><\/p>\n\n\n\n<p>Dall\u2019organizzazione, fanno sapere: \u201cUn ringraziamento va a tutti i docenti che hanno collaborato alla realizzazione della<br>mostra dedicando tempo e risorse.<br>Alle docenti coordinatrici e curatrici del Progetto, Maria Ausiello, Gerardina Sannino<br>e Bernardina D\u2019Angelo la nostra pi\u00f9 viva riconoscenza per essere state capaci di<br>realizzare in citt\u00e0 una proposta culturale di alto livello. Grazie anche alla dott.ssa Concetta Sciaudone, assessore alla cultura, al Sindaco avv. Francesco Lavanga per aver colto con maestria l\u2019eccezionalit\u00e0 di un evento come<br>questo per il nostro territorio e per essersi lasciati coinvolgere nell\u2019avventura\u201d. <br><\/p>\n\n\n\n<p><\/p>\n\n\n\n<p>La mostra sar\u00e0 aperta a tutti e visitabile dal 03 maggio al 15 maggio presso il Palazzo Ducale.<br>Orari: dal luned\u00ec al venerd\u00ec dalle ore 9.00 alle ore 12 e i pomeriggi di marted\u00ec e gioved\u00ec dalle ore 15.30 alle ore 17.30. <br><\/p>\n\n\n\n<p><\/p>\n\n\n\n<p><br>L\u2019auspicio \u00e8 che, nel periodo di apertura, la mostra possa essere visitata da un numero<br>significativo di visitatori, appassionati o semplici curiosi, ma soprattutto da genitori<br>accompagnatori dei propri figli al fine di condividere la straordinaria emozione che<br>solo l\u2019ARTE sa incutere. <\/p>\n\n\n\n<p><\/p>\n\n\n\n<h2 class=\"wp-block-heading has-text-align-center\">TIENITI AGGIORNATO SULLE NOTIZIE DELLA CITTA&#8217;, CLICCA SUL LOGO QUI SOTTO E SEGUI LA PAGINA &#8220;QUESTO E&#8217; MONDRAGONE&#8221;<\/h2>\n\n\n\n<figure class=\"wp-block-image aligncenter size-large\"><a href=\"https:\/\/www.facebook.com\/QUESTOEMONDRAGONE\"><img decoding=\"async\" width=\"1024\" height=\"923\" src=\"https:\/\/thereportzone.it\/wp-content\/uploads\/2023\/06\/LOGO-QUESTO-E-MONDRAGONE-1024x923.jpg\" alt=\"\" class=\"wp-image-38777\" srcset=\"https:\/\/www.thereportzone.it\/wp-content\/uploads\/2023\/06\/LOGO-QUESTO-E-MONDRAGONE-1024x923.jpg 1024w, https:\/\/www.thereportzone.it\/wp-content\/uploads\/2023\/06\/LOGO-QUESTO-E-MONDRAGONE-300x271.jpg 300w, https:\/\/www.thereportzone.it\/wp-content\/uploads\/2023\/06\/LOGO-QUESTO-E-MONDRAGONE-768x693.jpg 768w, https:\/\/www.thereportzone.it\/wp-content\/uploads\/2023\/06\/LOGO-QUESTO-E-MONDRAGONE.jpg 1170w\" sizes=\"(max-width: 1024px) 100vw, 1024px\" \/><\/a><\/figure>\n","protected":false},"excerpt":{"rendered":"<p>\u201cEducare al bello, il bello dell\u2019educare\u201d, \u00e8 questo il titolo della mostra che sar\u00e0 inaugurata domani, 3 Maggio,<\/p>\n","protected":false},"author":2,"featured_media":41188,"comment_status":"closed","ping_status":"closed","sticky":false,"template":"","format":"image","meta":{"sfsi_plus_gutenberg_text_before_share":"","sfsi_plus_gutenberg_show_text_before_share":"","sfsi_plus_gutenberg_icon_type":"","sfsi_plus_gutenberg_icon_alignemt":"","sfsi_plus_gutenburg_max_per_row":"","footnotes":""},"categories":[8,10,5],"tags":[],"class_list":["post-41187","post","type-post","status-publish","format-image","has-post-thumbnail","hentry","category-cronaca","category-cultura","category-mondragone","post_format-post-format-image"],"_links":{"self":[{"href":"https:\/\/www.thereportzone.it\/index.php?rest_route=\/wp\/v2\/posts\/41187"}],"collection":[{"href":"https:\/\/www.thereportzone.it\/index.php?rest_route=\/wp\/v2\/posts"}],"about":[{"href":"https:\/\/www.thereportzone.it\/index.php?rest_route=\/wp\/v2\/types\/post"}],"author":[{"embeddable":true,"href":"https:\/\/www.thereportzone.it\/index.php?rest_route=\/wp\/v2\/users\/2"}],"replies":[{"embeddable":true,"href":"https:\/\/www.thereportzone.it\/index.php?rest_route=%2Fwp%2Fv2%2Fcomments&post=41187"}],"version-history":[{"count":1,"href":"https:\/\/www.thereportzone.it\/index.php?rest_route=\/wp\/v2\/posts\/41187\/revisions"}],"predecessor-version":[{"id":41189,"href":"https:\/\/www.thereportzone.it\/index.php?rest_route=\/wp\/v2\/posts\/41187\/revisions\/41189"}],"wp:featuredmedia":[{"embeddable":true,"href":"https:\/\/www.thereportzone.it\/index.php?rest_route=\/wp\/v2\/media\/41188"}],"wp:attachment":[{"href":"https:\/\/www.thereportzone.it\/index.php?rest_route=%2Fwp%2Fv2%2Fmedia&parent=41187"}],"wp:term":[{"taxonomy":"category","embeddable":true,"href":"https:\/\/www.thereportzone.it\/index.php?rest_route=%2Fwp%2Fv2%2Fcategories&post=41187"},{"taxonomy":"post_tag","embeddable":true,"href":"https:\/\/www.thereportzone.it\/index.php?rest_route=%2Fwp%2Fv2%2Ftags&post=41187"}],"curies":[{"name":"wp","href":"https:\/\/api.w.org\/{rel}","templated":true}]}}