{"id":41050,"date":"2024-04-13T11:38:25","date_gmt":"2024-04-13T09:38:25","guid":{"rendered":"https:\/\/thereportzone.it\/?p=41050"},"modified":"2024-04-13T11:38:38","modified_gmt":"2024-04-13T09:38:38","slug":"mondragone-1a-edizione-del-progetto-medio-fondo-al-via-oggi-lattesa-manifestazione-sportiva-che-coinvolgera-centinaia-si-ciclisti","status":"publish","type":"post","link":"https:\/\/www.thereportzone.it\/?p=41050","title":{"rendered":"MONDRAGONE &#8211; 1\u00aa Edizione del progetto Medio Fondo, al via oggi l&#8217;attesa manifestazione sportiva che coinvolger\u00e0 centinaia si ciclisti"},"content":{"rendered":"\n<figure class=\"wp-block-image aligncenter size-full\"><img fetchpriority=\"high\" decoding=\"async\" width=\"691\" height=\"338\" src=\"https:\/\/thereportzone.it\/wp-content\/uploads\/2022\/07\/nuova-st-justin.png\" alt=\"\" class=\"wp-image-36457\"\/><\/figure>\n\n\n\n<figure class=\"wp-block-image aligncenter size-large\"><img decoding=\"async\" width=\"1024\" height=\"576\" src=\"https:\/\/thereportzone.it\/wp-content\/uploads\/2023\/08\/Family-1600x900-1-1024x576.jpg\" alt=\"\" class=\"wp-image-39481\" srcset=\"https:\/\/www.thereportzone.it\/wp-content\/uploads\/2023\/08\/Family-1600x900-1-1024x576.jpg 1024w, https:\/\/www.thereportzone.it\/wp-content\/uploads\/2023\/08\/Family-1600x900-1-300x169.jpg 300w, https:\/\/www.thereportzone.it\/wp-content\/uploads\/2023\/08\/Family-1600x900-1-768x432.jpg 768w, https:\/\/www.thereportzone.it\/wp-content\/uploads\/2023\/08\/Family-1600x900-1-1536x864.jpg 1536w, https:\/\/www.thereportzone.it\/wp-content\/uploads\/2023\/08\/Family-1600x900-1.jpg 1600w\" sizes=\"(max-width: 1024px) 100vw, 1024px\" \/><\/figure>\n\n\n\n<figure class=\"wp-block-image aligncenter size-full\"><img decoding=\"async\" width=\"700\" height=\"700\" src=\"http:\/\/thereportzone.it\/wp-content\/uploads\/2023\/03\/NUOVO-BANNER-NAVE.png\" alt=\"\" class=\"wp-image-38336\"\/><\/figure>\n\n\n\n<p>Nel fine settimana del 13 e 14 aprile p.v. la citt\u00e0 di Mondragone e vari territori limitrofi ospiteranno un evento di eccezionale rarit\u00e0 e bellezza: la 1\u00aa Edizione del progetto Medio Fondo Mondragone.<\/p>\n\n\n\n<p>Paolo Pagano, presidente dell\u2019associazione ASD FREE BIKE NAPOLI, ha promosso e organizzato l\u2019entusiasmante gara ciclistica con l\u2019idea di far conoscere la bellezza della disciplina sportiva ma soprattutto per promuovere il territorio.<br><\/p>\n\n\n\n<p><\/p>\n\n\n\n<p>Questo evento, patrocinato moralmente dalla citt\u00e0 di Mondragone, potr\u00e0 svolgersi anche grazie alla collaborazione del sindaco di Mondragone, dott. Lavanga Francesco, dell\u2019amministrazione comunale ma soprattutto grazie all\u2019impegno profuso dal consigliere dott.ssa Spatrisano Luisa che fin da subito ha speso energie affinch\u00e9 questa gara potesse svolgersi.<br><\/p>\n\n\n\n<p><\/p>\n\n\n\n<p>La gara ciclistica partir\u00e0 dal bellissimo lungomare per poi proseguire lungo la strada statale Domitiana, dirigendosi verso l&#8217;entroterra attraversando zone dove la produzione del vino Falerno \u00e8 prioritaria. Durante il percorso si costeggia il lago di Falciano del Massico e si giunge a Carinola, dove inizia l&#8217;unico dislivello che porta a Cascano di Carinola, situata a 228 metri sul livello del mare. <\/p>\n\n\n\n<p><\/p>\n\n\n\n<p>Da qui, il percorso \u00e8 prevalentemente in discesa, passando per le frazioni di Avezzano-Sorbello, Carano e Piedimonte di Sessa Aurunca, fino a ritrovarsi di nuovo sulla via Domitiana, all&#8217;altezza di dove sorgeva in epoca romana l&#8217;antica colonia dedicata alla dea Sinuessa. Infine, si raggiunge la linea di traguardo sul lungomare di Mondragone all&#8217;altezza di Piazza Conte. Successivamente ci sar\u00e0 un momento di condivisione.<br><\/p>\n\n\n\n<p><\/p>\n\n\n\n<p>Tutti i partecipanti che accorreranno potranno apprezzare non solo il paesaggio, ma anche la storia di questi luoghi.<br>Si ringrazia, inoltre, per la fattiva collaborazione &#8211; oltre ai summenzionati Lavanga e Spatrisano per l\u2019impegno in prima persona profuso &#8211; i sindaci interessati all\u2019iniziativa: dott. Fava Erasmo di Falciano del Massico, dott. Di Iorio Lorenzo di Sessa Aurunca, dott. Russo Antonio di Carinola. Una menzione anche alle Polizie locali dei territori coinvolti nelle persone dell\u2019Avv. Caputo Carmine, la dott.ssa Lombardi Laura, dott. Emerito Pasqualino.<br><\/p>\n\n\n\n<p><\/p>\n\n\n\n<p>L&#8217;ASD FREE BIKE NAPOLI (titolata a organizzare l\u2019evento) \u00e8 nata nel febbraio 2023 a Napoli da un gruppo di 10 amici appassionati di ciclismo su strada. Con tanta dedizione e passione, il gruppo \u00e8 cresciuto fino a raggiungere pi\u00f9 di 30 soci. Pi\u00f9 che soci sono amici che si supportano a vicenda, sia durante le uscite settimanali che nelle gare. Il loro obiettivo \u00e8 quello di promuovere l&#8217;inclusione e la passione per il ciclismo, organizzando eventi e attivit\u00e0 per tutti i livelli di esperienza.<\/p>\n\n\n\n<p><\/p>\n\n\n\n<p><\/p>\n\n\n\n<h2 class=\"wp-block-heading has-text-align-center\">TIENITI AGGIORNATO SULLE NOTIZIE DELLA CITTA&#8217;, CLICCA SUL LOGO QUI SOTTO E SEGUI LA PAGINA &#8220;QUESTO E&#8217; MONDRAGONE&#8221;<\/h2>\n\n\n\n<figure class=\"wp-block-image aligncenter size-large\"><a href=\"https:\/\/www.facebook.com\/QUESTOEMONDRAGONE\"><img loading=\"lazy\" decoding=\"async\" width=\"1024\" height=\"923\" src=\"https:\/\/thereportzone.it\/wp-content\/uploads\/2023\/06\/LOGO-QUESTO-E-MONDRAGONE-1024x923.jpg\" alt=\"\" class=\"wp-image-38777\" srcset=\"https:\/\/www.thereportzone.it\/wp-content\/uploads\/2023\/06\/LOGO-QUESTO-E-MONDRAGONE-1024x923.jpg 1024w, https:\/\/www.thereportzone.it\/wp-content\/uploads\/2023\/06\/LOGO-QUESTO-E-MONDRAGONE-300x271.jpg 300w, https:\/\/www.thereportzone.it\/wp-content\/uploads\/2023\/06\/LOGO-QUESTO-E-MONDRAGONE-768x693.jpg 768w, https:\/\/www.thereportzone.it\/wp-content\/uploads\/2023\/06\/LOGO-QUESTO-E-MONDRAGONE.jpg 1170w\" sizes=\"(max-width: 1024px) 100vw, 1024px\" \/><\/a><\/figure>\n","protected":false},"excerpt":{"rendered":"<p>Nel fine settimana del 13 e 14 aprile p.v. la citt\u00e0 di Mondragone e vari territori limitrofi ospiteranno<\/p>\n","protected":false},"author":2,"featured_media":41051,"comment_status":"closed","ping_status":"closed","sticky":false,"template":"","format":"image","meta":{"sfsi_plus_gutenberg_text_before_share":"","sfsi_plus_gutenberg_show_text_before_share":"","sfsi_plus_gutenberg_icon_type":"","sfsi_plus_gutenberg_icon_alignemt":"","sfsi_plus_gutenburg_max_per_row":"","footnotes":""},"categories":[8,5],"tags":[],"class_list":["post-41050","post","type-post","status-publish","format-image","has-post-thumbnail","hentry","category-cronaca","category-mondragone","post_format-post-format-image"],"_links":{"self":[{"href":"https:\/\/www.thereportzone.it\/index.php?rest_route=\/wp\/v2\/posts\/41050"}],"collection":[{"href":"https:\/\/www.thereportzone.it\/index.php?rest_route=\/wp\/v2\/posts"}],"about":[{"href":"https:\/\/www.thereportzone.it\/index.php?rest_route=\/wp\/v2\/types\/post"}],"author":[{"embeddable":true,"href":"https:\/\/www.thereportzone.it\/index.php?rest_route=\/wp\/v2\/users\/2"}],"replies":[{"embeddable":true,"href":"https:\/\/www.thereportzone.it\/index.php?rest_route=%2Fwp%2Fv2%2Fcomments&post=41050"}],"version-history":[{"count":1,"href":"https:\/\/www.thereportzone.it\/index.php?rest_route=\/wp\/v2\/posts\/41050\/revisions"}],"predecessor-version":[{"id":41052,"href":"https:\/\/www.thereportzone.it\/index.php?rest_route=\/wp\/v2\/posts\/41050\/revisions\/41052"}],"wp:featuredmedia":[{"embeddable":true,"href":"https:\/\/www.thereportzone.it\/index.php?rest_route=\/wp\/v2\/media\/41051"}],"wp:attachment":[{"href":"https:\/\/www.thereportzone.it\/index.php?rest_route=%2Fwp%2Fv2%2Fmedia&parent=41050"}],"wp:term":[{"taxonomy":"category","embeddable":true,"href":"https:\/\/www.thereportzone.it\/index.php?rest_route=%2Fwp%2Fv2%2Fcategories&post=41050"},{"taxonomy":"post_tag","embeddable":true,"href":"https:\/\/www.thereportzone.it\/index.php?rest_route=%2Fwp%2Fv2%2Ftags&post=41050"}],"curies":[{"name":"wp","href":"https:\/\/api.w.org\/{rel}","templated":true}]}}