{"id":40871,"date":"2024-03-05T17:50:34","date_gmt":"2024-03-05T16:50:34","guid":{"rendered":"https:\/\/thereportzone.it\/?p=40871"},"modified":"2024-03-05T17:52:24","modified_gmt":"2024-03-05T16:52:24","slug":"lagronomo-carinolese-pasquale-galdieri-allevento-di-acli-terra-nel-principato-di-monaco","status":"publish","type":"post","link":"https:\/\/www.thereportzone.it\/?p=40871","title":{"rendered":"L&#8217;agronomo carinolese Pasquale Galdieri all&#8217;evento di Acli Terra nel Principato di Monaco"},"content":{"rendered":"\n<figure class=\"wp-block-image aligncenter size-full\"><img fetchpriority=\"high\" decoding=\"async\" width=\"691\" height=\"338\" src=\"https:\/\/thereportzone.it\/wp-content\/uploads\/2022\/07\/nuova-st-justin.png\" alt=\"\" class=\"wp-image-36457\"\/><\/figure>\n\n\n\n<figure class=\"wp-block-image aligncenter size-large\"><img decoding=\"async\" width=\"1024\" height=\"576\" src=\"https:\/\/thereportzone.it\/wp-content\/uploads\/2023\/08\/Family-1600x900-1-1024x576.jpg\" alt=\"\" class=\"wp-image-39481\" srcset=\"https:\/\/www.thereportzone.it\/wp-content\/uploads\/2023\/08\/Family-1600x900-1-1024x576.jpg 1024w, https:\/\/www.thereportzone.it\/wp-content\/uploads\/2023\/08\/Family-1600x900-1-300x169.jpg 300w, https:\/\/www.thereportzone.it\/wp-content\/uploads\/2023\/08\/Family-1600x900-1-768x432.jpg 768w, https:\/\/www.thereportzone.it\/wp-content\/uploads\/2023\/08\/Family-1600x900-1-1536x864.jpg 1536w, https:\/\/www.thereportzone.it\/wp-content\/uploads\/2023\/08\/Family-1600x900-1.jpg 1600w\" sizes=\"(max-width: 1024px) 100vw, 1024px\" \/><\/figure>\n\n\n\n<figure class=\"wp-block-image aligncenter size-full\"><img decoding=\"async\" width=\"700\" height=\"700\" src=\"http:\/\/thereportzone.it\/wp-content\/uploads\/2023\/03\/NUOVO-BANNER-NAVE.png\" alt=\"\" class=\"wp-image-38336\"\/><\/figure>\n\n\n\n<p class=\"has-text-align-center\"><em><strong>L&#8217;agronomo carinolese Pasquale Galdieri all&#8217;evento di Acli Terra nel Principato di Monaco<\/strong><\/em><\/p>\n\n\n\n<p><\/p>\n\n\n\n<p><\/p>\n\n\n\n<p>Il patron di Masseria San Rocco, insieme agli chef Antonio Troise e Germano Parisi,<br>parteciper\u00e0 all&#8217; <em>evento internazionale di Acli Terra<\/em>, <em>&#8220;Officine dei sensi, filiera risicola e trasformato ittico&#8221;<\/em>, del prossimo 7 marzo, organizzato in collaborazione con il rooftop bar <em>\u00c9quivoque<\/em>, nel Principato di Monaco, con ospite l&#8217;ambasciatore italiano Giulio Alaimo.<\/p>\n\n\n\n<p><\/p>\n\n\n\n<p><\/p>\n\n\n\n<p>Il comunicato di Acli Terra:<\/p>\n\n\n\n<p>Gioved\u00ec 7 marzo 2024, a partire dalle ore 16.00 sulla raffinata terrazza dell&#8217;\u00c9quivoque, affacciato su Porto Hercules, nel centro del Principato, con un proficuo lavoro di squadra, si intende far emergere l&#8217;importanza e l\u2019alta qualit\u00e0 di due rilevanti filiere italiane del gusto italiano: quella del riso vercellese e quella del trasformato ittico tirrenico.<\/p>\n\n\n\n<p><\/p>\n\n\n\n<p><\/p>\n\n\n\n<p>Saranno quindi al centro dell\u2019evento, il ricercato <em>riso rosa dell\u2019area di Vercelli<\/em>, qui rappresentato dalle aziende associate Acli Terra, in raffinate combinazioni gastronomiche, ma anche cocktail, con il <em>pesce del Mar Tirreno<\/em>. Si valorizzer\u00e0 altres\u00ec la pregiata <em>Mela Annurca IGP della Campania<\/em>.<\/p>\n\n\n\n<p><\/p>\n\n\n\n<p><\/p>\n\n\n\n<p>Attraverso questo nuovo incontro &#8211; in presenza e on line sui social Acli Terra &#8211; di promozione e valorizzazione dei prodotti del nostro Paese anche all\u2019estero, con un workshop e uno showcooking ad hoc, Acli Terra riunisce <em>produttori, biologi, agronomi e chef<\/em> in un gioco di squadra, nella convinzione della necessit\u00e0 di un&#8217;azione sinergica e convergente di talenti e competenze delle pi\u00f9 diverse professionalit\u00e0.<\/p>\n\n\n\n<p><\/p>\n\n\n\n<p><\/p>\n\n\n\n<p>L\u2019Associazione professionale di ispirazione cristiana che tutela e promuove gli operatori del mondo rurale e delle marinerie riunisce in questo evento monegasco, assieme a tecnici e professionisti del settore agroalimentare, esperienze e rappresentanze da tutta Italia, come le gi\u00e0 citate aziende risicole del Vercellese <em>per il Piemonte<\/em>; <em>dalla Toscana<\/em> \u00e8 presente la cooperativa \u201cI pescatori di Orbetello\u201d; inoltre, gli chef de \u201cLa bocca di Roma\u201d, <em>per il Lazio e la Capitale<\/em>; e gli chef di \u201cMasseria San Rocco\u201d <em>dalla Campania<\/em>.<br>E, naturalmente, gli ideatori e manager italiani di \u00c9quivoque con i loro chef e bartender.<\/p>\n\n\n\n<p><\/p>\n\n\n\n<p><\/p>\n\n\n\n<p>Sar\u00e0 ospite in questo nuovo incontro di Acli Terra, &#8220;Officine dei sensi, filiera risicola e trasformato ittico&#8221;, <em>l\u2019Ambasciatore d\u2019Italia presso il Principato di Monaco, Giulio Alaimo<\/em>, che interverr\u00e0 con il <em>Presidente nazionale Acli Terra, Nicola Tavoletta<\/em>, ed i <em>manager di \u00c9quivoque, Daniele Losquadro, Pasquale Buonanno e Nicola Buratto<\/em>.<\/p>\n\n\n\n<p><\/p>\n\n\n\n<p><\/p>\n\n\n\n<p>Si inizier\u00e0 alle 16.00 con un Workshop con il biologo Claudio Brinati, l\u2019agronomo Pasquale Galdieri, il presidente della cooperativa \u201cI pescatori di Orbetello\u201d, Pierluigi Piro, Alice Laurent, manager. Seguir\u00e0 alle 17.00 lo Skowcooking con Emanuele Federici, chef de \u201cLa bocca di Roma\u201d; Antonio Troise e Germano Parisi, chef di \u201cMasseria San Rocco\u201d. Alle 18.00 Mixology class con Buonanno e Buratto, manager \u00c9quivoque.<\/p>\n\n\n\n<p><\/p>\n\n\n\n<p><\/p>\n\n\n\n<p>\u201cAnche questo nostro evento nel principato di Monaco rientra nell\u2019impegno di Acli Terra finalizzato a trasformare i nostri iscritti da \u2018sarti in stilisti\u2019. Nel nostro caso, in dei veri \u2018stilisti del gusto\u2019, similmente a quanto avvenuto nell&#8217;evoluzione del tessile italiano, del Made in Italy. Si tratta di un\u2019ulteriore azione positiva da svolgere anche per il settore dell\u2019agroalimentare, che rappresenta l\u2019eccellenza del prodotto e del gusto italiano a livello nazionale e internazionale&#8221;, sottolinea il Presidente Acli Terra.<\/p>\n\n\n\n<p><\/p>\n\n\n\n<p><\/p>\n\n\n\n<h2 class=\"wp-block-heading has-text-align-center\">TIENITI AGGIORNATO SULLE NOTIZIE DELLA CITTA&#8217;, CLICCA SUL LOGO QUI SOTTO E SEGUI LA PAGINA &#8220;QUESTO E&#8217; MONDRAGONE&#8221;<\/h2>\n\n\n\n<figure class=\"wp-block-image aligncenter size-large\"><a href=\"https:\/\/www.facebook.com\/QUESTOEMONDRAGONE\"><img loading=\"lazy\" decoding=\"async\" width=\"1024\" height=\"923\" src=\"https:\/\/thereportzone.it\/wp-content\/uploads\/2023\/06\/LOGO-QUESTO-E-MONDRAGONE-1024x923.jpg\" alt=\"\" class=\"wp-image-38777\" srcset=\"https:\/\/www.thereportzone.it\/wp-content\/uploads\/2023\/06\/LOGO-QUESTO-E-MONDRAGONE-1024x923.jpg 1024w, https:\/\/www.thereportzone.it\/wp-content\/uploads\/2023\/06\/LOGO-QUESTO-E-MONDRAGONE-300x271.jpg 300w, https:\/\/www.thereportzone.it\/wp-content\/uploads\/2023\/06\/LOGO-QUESTO-E-MONDRAGONE-768x693.jpg 768w, https:\/\/www.thereportzone.it\/wp-content\/uploads\/2023\/06\/LOGO-QUESTO-E-MONDRAGONE.jpg 1170w\" sizes=\"(max-width: 1024px) 100vw, 1024px\" \/><\/a><\/figure>\n","protected":false},"excerpt":{"rendered":"<p>L&#8217;agronomo carinolese Pasquale Galdieri all&#8217;evento di Acli Terra nel Principato di Monaco Il patron di Masseria San Rocco,<\/p>\n","protected":false},"author":2,"featured_media":40872,"comment_status":"closed","ping_status":"closed","sticky":false,"template":"","format":"image","meta":{"sfsi_plus_gutenberg_text_before_share":"","sfsi_plus_gutenberg_show_text_before_share":"","sfsi_plus_gutenberg_icon_type":"","sfsi_plus_gutenberg_icon_alignemt":"","sfsi_plus_gutenburg_max_per_row":"","footnotes":""},"categories":[2973,6,8],"tags":[],"class_list":["post-40871","post","type-post","status-publish","format-image","has-post-thumbnail","hentry","category-carinola","category-caserta","category-cronaca","post_format-post-format-image"],"_links":{"self":[{"href":"https:\/\/www.thereportzone.it\/index.php?rest_route=\/wp\/v2\/posts\/40871"}],"collection":[{"href":"https:\/\/www.thereportzone.it\/index.php?rest_route=\/wp\/v2\/posts"}],"about":[{"href":"https:\/\/www.thereportzone.it\/index.php?rest_route=\/wp\/v2\/types\/post"}],"author":[{"embeddable":true,"href":"https:\/\/www.thereportzone.it\/index.php?rest_route=\/wp\/v2\/users\/2"}],"replies":[{"embeddable":true,"href":"https:\/\/www.thereportzone.it\/index.php?rest_route=%2Fwp%2Fv2%2Fcomments&post=40871"}],"version-history":[{"count":2,"href":"https:\/\/www.thereportzone.it\/index.php?rest_route=\/wp\/v2\/posts\/40871\/revisions"}],"predecessor-version":[{"id":40874,"href":"https:\/\/www.thereportzone.it\/index.php?rest_route=\/wp\/v2\/posts\/40871\/revisions\/40874"}],"wp:featuredmedia":[{"embeddable":true,"href":"https:\/\/www.thereportzone.it\/index.php?rest_route=\/wp\/v2\/media\/40872"}],"wp:attachment":[{"href":"https:\/\/www.thereportzone.it\/index.php?rest_route=%2Fwp%2Fv2%2Fmedia&parent=40871"}],"wp:term":[{"taxonomy":"category","embeddable":true,"href":"https:\/\/www.thereportzone.it\/index.php?rest_route=%2Fwp%2Fv2%2Fcategories&post=40871"},{"taxonomy":"post_tag","embeddable":true,"href":"https:\/\/www.thereportzone.it\/index.php?rest_route=%2Fwp%2Fv2%2Ftags&post=40871"}],"curies":[{"name":"wp","href":"https:\/\/api.w.org\/{rel}","templated":true}]}}