{"id":40841,"date":"2024-02-28T10:30:39","date_gmt":"2024-02-28T09:30:39","guid":{"rendered":"https:\/\/thereportzone.it\/?p=40841"},"modified":"2024-02-28T10:30:46","modified_gmt":"2024-02-28T09:30:46","slug":"sessa-aurunca-comitato-san-rocco-venerdi-scorso-lincontro-con-dott-gaetano-de-mattia","status":"publish","type":"post","link":"https:\/\/www.thereportzone.it\/?p=40841","title":{"rendered":"SESSA AURUNCA &#8211; Comitato San Rocco, venerd\u00ec scorso l&#8217;incontro con Dott. Gaetano De Mattia"},"content":{"rendered":"\n<div class=\"wp-block-columns is-layout-flex wp-container-core-columns-is-layout-1 wp-block-columns-is-layout-flex\">\n<div class=\"wp-block-column is-layout-flow wp-block-column-is-layout-flow\" style=\"flex-basis:100%\">\n<div class=\"wp-block-group is-layout-flow wp-block-group-is-layout-flow\">\n<figure class=\"wp-block-image aligncenter size-full\"><img fetchpriority=\"high\" decoding=\"async\" width=\"691\" height=\"338\" src=\"http:\/\/thereportzone.it\/wp-content\/uploads\/2022\/07\/nuova-st-justin.png\" alt=\"\" class=\"wp-image-36457\"\/><\/figure>\n<\/div>\n<\/div>\n<\/div>\n\n\n\n<figure class=\"wp-block-image aligncenter size-large\"><img decoding=\"async\" width=\"1024\" height=\"576\" src=\"https:\/\/thereportzone.it\/wp-content\/uploads\/2023\/08\/Family-1600x900-1-1024x576.jpg\" alt=\"\" class=\"wp-image-39481\" srcset=\"https:\/\/www.thereportzone.it\/wp-content\/uploads\/2023\/08\/Family-1600x900-1-1024x576.jpg 1024w, https:\/\/www.thereportzone.it\/wp-content\/uploads\/2023\/08\/Family-1600x900-1-300x169.jpg 300w, https:\/\/www.thereportzone.it\/wp-content\/uploads\/2023\/08\/Family-1600x900-1-768x432.jpg 768w, https:\/\/www.thereportzone.it\/wp-content\/uploads\/2023\/08\/Family-1600x900-1-1536x864.jpg 1536w, https:\/\/www.thereportzone.it\/wp-content\/uploads\/2023\/08\/Family-1600x900-1.jpg 1600w\" sizes=\"(max-width: 1024px) 100vw, 1024px\" \/><\/figure>\n\n\n\n<figure class=\"wp-block-image aligncenter size-full\"><img decoding=\"async\" width=\"700\" height=\"700\" src=\"http:\/\/thereportzone.it\/wp-content\/uploads\/2023\/03\/NUOVO-BANNER-NAVE.png\" alt=\"\" class=\"wp-image-38336\"\/><\/figure>\n\n\n\n<p>Venerd\u00ec scorso, 23 febbraio 2024, si \u00e8 tenuto presso l&#8217;ufficio del Sindaco del comune di Sessa<br>Aurunca, Lorenzo Di Iorio, un importante incontro tra il Comitato, il Dott. Gaetano De Mattia,<br>Direttore del Dipartimento Salute Mentale dell&#8217;ASL di Caserta e Referente Sanitario della stessa<br>ASL, e il Direttore della UOSM del distretto 14, dott. Roberto Buoninconti.<br><\/p>\n\n\n\n<p><\/p>\n\n\n\n<p>L&#8217;incontro \u00e8 stato promosso dal Dott. De Mattia e ha ricevuto il pieno supporto del Sindaco Di<br>Iorio, con l&#8217;obiettivo di affrontare le criticit\u00e0 riscontrate nella Unit\u00e0 Operativa di Salute Mentale a<br>Sessa Aurunca e trovare soluzioni concrete per migliorare i servizi offerti alla comunit\u00e0.<br>Il Comitato San Rocco Bene Comune ha presentato un documento dettagliato che mette in luce<br>una significativa e ingiustificata riduzione del personale e dei servizi presso la Unit\u00e0 Operativa di<br>Salute Mentale nel corso degli ultimi anni.<\/p>\n\n\n\n<p><\/p>\n\n\n\n<p><br>Dopo un&#8217;ampia discussione, sono stati raggiunti importanti accordi che mirano a potenziare i<br>servizi sanitari e socio-sanitari nell&#8217;area di Sessa Aurunca. Tra i punti concordati:<\/p>\n\n\n\n<ol class=\"wp-block-list\">\n<li>Assunzione di 3-5 infermieri: Si \u00e8 deciso di indirizzare 3-5 infermieri a Sessa Aurunca,<br>attingendo dalla mobilit\u00e0 extra-regionale, entro il 2 aprile.<\/li>\n\n\n\n<li>Assunzione di 1 assistente sociale e 1 tecnico per la riabilitazione psichiatrica e psico-<br>sociale: Si \u00e8 concordata l&#8217;assunzione di 1 assistente sociale e 1 tecnico per la riabilitazione<br>psichiatrica e psico-sociale, da recuperare attingendo dalle graduatorie dell&#8217;ASL, previa loro<br>accettazione, entro il 2 aprile.<\/li>\n\n\n\n<li>Assunzione di 1 psicologo dedicato al CSM di Sessa: \u00c8 stata stabilita l&#8217;assunzione di 1<br>psicologo dedicato esclusivamente al CSM di Sessa, da realizzarsi entro Pasqua.<br>Per quanto riguarda l&#8217;assunzione di medici, il Direttore De Mattia ha informato che l&#8217;ASL ha<br>bandito un avviso pubblico; tuttavia, esiste il rischio che come il precedente avviso questo possa<br>andare deserto.<br>Dichiarazione del Portavoce del Comitato, Domenico Palmieri:<br>\u201cQuella della salute mentale \u00e8 una problematica spesso sottovalutata nel discorso sulla sanit\u00e0<br>pubblica. Fino a dieci anni fa il Unit\u00e0 Operativa di Salute Mentale di Sessa Aurunca era un vero<br>punto di riferimento nella provincia di Caserta, mentre adesso sembra di assistere a uno scenario<br>postbellico, con un organico di circa l\u201980% del personale. Il nostro lavoro proseguir\u00e0 fintanto che ci<br>saranno cittadini pronti a mettere a disposizione le loro energie in difesa del diritto alla salute: per<\/li>\n<\/ol>\n\n\n\n<p>questo anticipiamo che verso met\u00e0 marzo convocheremo una assemblea rivolta alla cittadinanza,<br>per informare sulle attivit\u00e0 del comitato e invitare chi voglia ad iscriversi.\u201d<\/p>\n\n\n\n<p><\/p>\n\n\n\n<h2 class=\"wp-block-heading has-text-align-center\">TIENITI AGGIORNATO SULLE NOTIZIE DELLA CITTA&#8217;, CLICCA SUL LOGO QUI SOTTO E SEGUI LA PAGINA &#8220;QUESTO E&#8217; MONDRAGONE&#8221;<\/h2>\n\n\n\n<figure class=\"wp-block-image aligncenter size-large\"><a href=\"https:\/\/www.facebook.com\/QUESTOEMONDRAGONE\"><img loading=\"lazy\" decoding=\"async\" width=\"1024\" height=\"923\" src=\"https:\/\/thereportzone.it\/wp-content\/uploads\/2023\/06\/LOGO-QUESTO-E-MONDRAGONE-1024x923.jpg\" alt=\"\" class=\"wp-image-38777\" srcset=\"https:\/\/www.thereportzone.it\/wp-content\/uploads\/2023\/06\/LOGO-QUESTO-E-MONDRAGONE-1024x923.jpg 1024w, https:\/\/www.thereportzone.it\/wp-content\/uploads\/2023\/06\/LOGO-QUESTO-E-MONDRAGONE-300x271.jpg 300w, https:\/\/www.thereportzone.it\/wp-content\/uploads\/2023\/06\/LOGO-QUESTO-E-MONDRAGONE-768x693.jpg 768w, https:\/\/www.thereportzone.it\/wp-content\/uploads\/2023\/06\/LOGO-QUESTO-E-MONDRAGONE.jpg 1170w\" sizes=\"(max-width: 1024px) 100vw, 1024px\" \/><\/a><\/figure>\n","protected":false},"excerpt":{"rendered":"<p>Venerd\u00ec scorso, 23 febbraio 2024, si \u00e8 tenuto presso l&#8217;ufficio del Sindaco del comune di SessaAurunca, Lorenzo Di<\/p>\n","protected":false},"author":2,"featured_media":40614,"comment_status":"closed","ping_status":"closed","sticky":false,"template":"","format":"image","meta":{"sfsi_plus_gutenberg_text_before_share":"","sfsi_plus_gutenberg_show_text_before_share":"","sfsi_plus_gutenberg_icon_type":"","sfsi_plus_gutenberg_icon_alignemt":"","sfsi_plus_gutenburg_max_per_row":"","footnotes":""},"categories":[8],"tags":[],"class_list":["post-40841","post","type-post","status-publish","format-image","has-post-thumbnail","hentry","category-cronaca","post_format-post-format-image"],"_links":{"self":[{"href":"https:\/\/www.thereportzone.it\/index.php?rest_route=\/wp\/v2\/posts\/40841"}],"collection":[{"href":"https:\/\/www.thereportzone.it\/index.php?rest_route=\/wp\/v2\/posts"}],"about":[{"href":"https:\/\/www.thereportzone.it\/index.php?rest_route=\/wp\/v2\/types\/post"}],"author":[{"embeddable":true,"href":"https:\/\/www.thereportzone.it\/index.php?rest_route=\/wp\/v2\/users\/2"}],"replies":[{"embeddable":true,"href":"https:\/\/www.thereportzone.it\/index.php?rest_route=%2Fwp%2Fv2%2Fcomments&post=40841"}],"version-history":[{"count":1,"href":"https:\/\/www.thereportzone.it\/index.php?rest_route=\/wp\/v2\/posts\/40841\/revisions"}],"predecessor-version":[{"id":40842,"href":"https:\/\/www.thereportzone.it\/index.php?rest_route=\/wp\/v2\/posts\/40841\/revisions\/40842"}],"wp:featuredmedia":[{"embeddable":true,"href":"https:\/\/www.thereportzone.it\/index.php?rest_route=\/wp\/v2\/media\/40614"}],"wp:attachment":[{"href":"https:\/\/www.thereportzone.it\/index.php?rest_route=%2Fwp%2Fv2%2Fmedia&parent=40841"}],"wp:term":[{"taxonomy":"category","embeddable":true,"href":"https:\/\/www.thereportzone.it\/index.php?rest_route=%2Fwp%2Fv2%2Fcategories&post=40841"},{"taxonomy":"post_tag","embeddable":true,"href":"https:\/\/www.thereportzone.it\/index.php?rest_route=%2Fwp%2Fv2%2Ftags&post=40841"}],"curies":[{"name":"wp","href":"https:\/\/api.w.org\/{rel}","templated":true}]}}