{"id":40792,"date":"2024-02-20T17:23:26","date_gmt":"2024-02-20T16:23:26","guid":{"rendered":"https:\/\/thereportzone.it\/?p=40792"},"modified":"2024-02-20T17:32:12","modified_gmt":"2024-02-20T16:32:12","slug":"politica-moderati-per-aversa-e-noi-aversani-prosegue-il-percorso-verso-una-coalizione-civica-e-programmatica","status":"publish","type":"post","link":"https:\/\/www.thereportzone.it\/?p=40792","title":{"rendered":"POLITICA &#8211; Moderati per Aversa e Noi aversani: prosegue con convinzione il percorso verso una coalizione civica e di programma sullo schema adottato in Provincia di Caserta"},"content":{"rendered":"\n<div class=\"wp-block-columns is-layout-flex wp-container-core-columns-is-layout-1 wp-block-columns-is-layout-flex\">\n<div class=\"wp-block-column is-layout-flow wp-block-column-is-layout-flow\" style=\"flex-basis:100%\">\n<div class=\"wp-block-group is-layout-flow wp-block-group-is-layout-flow\">\n<figure class=\"wp-block-image aligncenter size-full\"><img fetchpriority=\"high\" decoding=\"async\" width=\"691\" height=\"338\" src=\"http:\/\/thereportzone.it\/wp-content\/uploads\/2022\/07\/nuova-st-justin.png\" alt=\"\" class=\"wp-image-36457\"\/><\/figure>\n<\/div>\n<\/div>\n<\/div>\n\n\n\n<figure class=\"wp-block-image aligncenter size-large\"><img decoding=\"async\" width=\"1024\" height=\"576\" src=\"https:\/\/thereportzone.it\/wp-content\/uploads\/2023\/08\/Family-1600x900-1-1024x576.jpg\" alt=\"\" class=\"wp-image-39481\" srcset=\"https:\/\/www.thereportzone.it\/wp-content\/uploads\/2023\/08\/Family-1600x900-1-1024x576.jpg 1024w, https:\/\/www.thereportzone.it\/wp-content\/uploads\/2023\/08\/Family-1600x900-1-300x169.jpg 300w, https:\/\/www.thereportzone.it\/wp-content\/uploads\/2023\/08\/Family-1600x900-1-768x432.jpg 768w, https:\/\/www.thereportzone.it\/wp-content\/uploads\/2023\/08\/Family-1600x900-1-1536x864.jpg 1536w, https:\/\/www.thereportzone.it\/wp-content\/uploads\/2023\/08\/Family-1600x900-1.jpg 1600w\" sizes=\"(max-width: 1024px) 100vw, 1024px\" \/><\/figure>\n\n\n\n<figure class=\"wp-block-image aligncenter size-full\"><img decoding=\"async\" width=\"700\" height=\"700\" src=\"http:\/\/thereportzone.it\/wp-content\/uploads\/2023\/03\/NUOVO-BANNER-NAVE.png\" alt=\"\" class=\"wp-image-38336\"\/><\/figure>\n\n\n\n<p>Comunicato stampa congiunto:<br>&#8220;I Moderati per Aversa e Noi Aversani ribadiscono la ferma determinazione di andare in direzione di una coalizione civica, programmatica, con le forze che sostengono in Provincia il presidente Magliocca.\u00a0<br><\/p>\n\n\n\n<p><br>Stiamo registrando numerosi punti di convergenza con gli amici Orlando De Cristofaro,Francesco Di Palma, Raffaele de Gaetano, Gianpaolo Dello Vicario, Alfonso Oliva, Carlo Di Dato,Vincenzo Gallozzi, Nicola De Chiara e Mimmo Palmieri.<\/p>\n\n\n\n<p>Cos\u00ec come siamo convinti della necessit\u00e0 di coinvolgere anche altre importanti energie e rappresentanze delle citt\u00e0 con cui sono in corso utili interlocuzioni e che sono orientate in questa stessa direzione.&nbsp;<\/p>\n\n\n\n<p>Si chiarisce che le posizioni politiche de I Moderati per Aversa e di Noi Aversani saranno affidate esclusivamente a comunicati stampa ufficiali come il presente. Ogni altra ricostruzione non \u00e8 attendibile&#8221;.\u00a0I Moderati per Aversa Noi Aversani<\/p>\n\n\n\n<p><\/p>\n\n\n\n<p><\/p>\n\n\n\n<h2 class=\"wp-block-heading has-text-align-center\">TIENITI AGGIORNATO SULLE NOTIZIE DELLA CITTA&#8217;, CLICCA SUL LOGO QUI SOTTO E SEGUI LA PAGINA &#8220;QUESTO E&#8217; MONDRAGONE&#8221;<\/h2>\n\n\n\n<figure class=\"wp-block-image aligncenter size-large\"><a href=\"https:\/\/www.facebook.com\/QUESTOEMONDRAGONE\"><img loading=\"lazy\" decoding=\"async\" width=\"1024\" height=\"923\" src=\"https:\/\/thereportzone.it\/wp-content\/uploads\/2023\/06\/LOGO-QUESTO-E-MONDRAGONE-1024x923.jpg\" alt=\"\" class=\"wp-image-38777\" srcset=\"https:\/\/www.thereportzone.it\/wp-content\/uploads\/2023\/06\/LOGO-QUESTO-E-MONDRAGONE-1024x923.jpg 1024w, https:\/\/www.thereportzone.it\/wp-content\/uploads\/2023\/06\/LOGO-QUESTO-E-MONDRAGONE-300x271.jpg 300w, https:\/\/www.thereportzone.it\/wp-content\/uploads\/2023\/06\/LOGO-QUESTO-E-MONDRAGONE-768x693.jpg 768w, https:\/\/www.thereportzone.it\/wp-content\/uploads\/2023\/06\/LOGO-QUESTO-E-MONDRAGONE.jpg 1170w\" sizes=\"(max-width: 1024px) 100vw, 1024px\" \/><\/a><\/figure>\n","protected":false},"excerpt":{"rendered":"<p>Comunicato stampa congiunto:&#8220;I Moderati per Aversa e Noi Aversani ribadiscono la ferma determinazione di andare in direzione di<\/p>\n","protected":false},"author":2,"featured_media":40798,"comment_status":"closed","ping_status":"closed","sticky":false,"template":"","format":"image","meta":{"sfsi_plus_gutenberg_text_before_share":"","sfsi_plus_gutenberg_show_text_before_share":"","sfsi_plus_gutenberg_icon_type":"","sfsi_plus_gutenberg_icon_alignemt":"","sfsi_plus_gutenburg_max_per_row":"","footnotes":""},"categories":[6,8,9],"tags":[],"class_list":["post-40792","post","type-post","status-publish","format-image","has-post-thumbnail","hentry","category-caserta","category-cronaca","category-politica","post_format-post-format-image"],"_links":{"self":[{"href":"https:\/\/www.thereportzone.it\/index.php?rest_route=\/wp\/v2\/posts\/40792"}],"collection":[{"href":"https:\/\/www.thereportzone.it\/index.php?rest_route=\/wp\/v2\/posts"}],"about":[{"href":"https:\/\/www.thereportzone.it\/index.php?rest_route=\/wp\/v2\/types\/post"}],"author":[{"embeddable":true,"href":"https:\/\/www.thereportzone.it\/index.php?rest_route=\/wp\/v2\/users\/2"}],"replies":[{"embeddable":true,"href":"https:\/\/www.thereportzone.it\/index.php?rest_route=%2Fwp%2Fv2%2Fcomments&post=40792"}],"version-history":[{"count":2,"href":"https:\/\/www.thereportzone.it\/index.php?rest_route=\/wp\/v2\/posts\/40792\/revisions"}],"predecessor-version":[{"id":40796,"href":"https:\/\/www.thereportzone.it\/index.php?rest_route=\/wp\/v2\/posts\/40792\/revisions\/40796"}],"wp:featuredmedia":[{"embeddable":true,"href":"https:\/\/www.thereportzone.it\/index.php?rest_route=\/wp\/v2\/media\/40798"}],"wp:attachment":[{"href":"https:\/\/www.thereportzone.it\/index.php?rest_route=%2Fwp%2Fv2%2Fmedia&parent=40792"}],"wp:term":[{"taxonomy":"category","embeddable":true,"href":"https:\/\/www.thereportzone.it\/index.php?rest_route=%2Fwp%2Fv2%2Fcategories&post=40792"},{"taxonomy":"post_tag","embeddable":true,"href":"https:\/\/www.thereportzone.it\/index.php?rest_route=%2Fwp%2Fv2%2Ftags&post=40792"}],"curies":[{"name":"wp","href":"https:\/\/api.w.org\/{rel}","templated":true}]}}