{"id":40616,"date":"2024-01-26T14:35:30","date_gmt":"2024-01-26T13:35:30","guid":{"rendered":"https:\/\/thereportzone.it\/?p=40616"},"modified":"2024-01-26T14:35:33","modified_gmt":"2024-01-26T13:35:33","slug":"mondragone-giorno-della-memoria-bella-iniziativa-dellamministrazione-con-gli-alunni-lavanga-un-modo-nuovo-per-ricordare-la-durezza-e-latrocita-della-shoah","status":"publish","type":"post","link":"https:\/\/www.thereportzone.it\/?p=40616","title":{"rendered":"MONDRAGONE &#8211; Giorno della Memoria, bella iniziativa dell\u2019amministrazione con gli alunni. Lavanga: \u201cUn modo nuovo per ricordare la durezza e l&#8217;atrocita&#8217; della Shoah\u201d"},"content":{"rendered":"\n<div class=\"wp-block-columns is-layout-flex wp-container-core-columns-is-layout-1 wp-block-columns-is-layout-flex\">\n<div class=\"wp-block-column is-layout-flow wp-block-column-is-layout-flow\" style=\"flex-basis:100%\">\n<div class=\"wp-block-group is-layout-flow wp-block-group-is-layout-flow\">\n<figure class=\"wp-block-image aligncenter size-full\"><img fetchpriority=\"high\" decoding=\"async\" width=\"691\" height=\"338\" src=\"http:\/\/thereportzone.it\/wp-content\/uploads\/2022\/07\/nuova-st-justin.png\" alt=\"\" class=\"wp-image-36457\"\/><\/figure>\n<\/div>\n<\/div>\n<\/div>\n\n\n\n<figure class=\"wp-block-image aligncenter size-large\"><img decoding=\"async\" width=\"1024\" height=\"576\" src=\"https:\/\/thereportzone.it\/wp-content\/uploads\/2023\/08\/Family-1600x900-1-1024x576.jpg\" alt=\"\" class=\"wp-image-39481\" srcset=\"https:\/\/www.thereportzone.it\/wp-content\/uploads\/2023\/08\/Family-1600x900-1-1024x576.jpg 1024w, https:\/\/www.thereportzone.it\/wp-content\/uploads\/2023\/08\/Family-1600x900-1-300x169.jpg 300w, https:\/\/www.thereportzone.it\/wp-content\/uploads\/2023\/08\/Family-1600x900-1-768x432.jpg 768w, https:\/\/www.thereportzone.it\/wp-content\/uploads\/2023\/08\/Family-1600x900-1-1536x864.jpg 1536w, https:\/\/www.thereportzone.it\/wp-content\/uploads\/2023\/08\/Family-1600x900-1.jpg 1600w\" sizes=\"(max-width: 1024px) 100vw, 1024px\" \/><\/figure>\n\n\n\n<figure class=\"wp-block-image aligncenter size-full\"><img decoding=\"async\" width=\"700\" height=\"700\" src=\"http:\/\/thereportzone.it\/wp-content\/uploads\/2023\/03\/NUOVO-BANNER-NAVE.png\" alt=\"\" class=\"wp-image-38336\"\/><\/figure>\n\n\n\n<p><br><\/p>\n\n\n\n<p>In occasione del giorno della Memoria, l\u2019Amministrazione Comunale ha invitato le classi Quinte della scuola primaria e Prime della scuola secondaria di Primo Grado, a vivere un momento di riflessione partendo dallo spettacolo dell\u2019 Accademia Magna Grecia.<\/p>\n\n\n\n<p><br>\u201cAttraverso una commedia musicale &#8211; dice il sindaco Avv. Francesco Lavanga &#8211; siamo riusciti a ricordare la pi\u00f9 grande catastrofe del 900, sorridendo, perch\u00e9 Anne \u00e8 un&#8217;esplosione di gioia, vitalit\u00e0, entusiasmo. <br><\/p>\n\n\n\n<p>Una ragazzina che vive la tragedia e i drammi del quotidiano con tanta speranza e soprattutto con tanti sogni.<\/p>\n\n\n\n<p>Un modo nuovo per ricordare la durezza e l&#8217;atrocita&#8217; della Shoah, ma soprattutto la necessit\u00e0 di essere sempre e per sempre costruttori di Pace.<\/p>\n\n\n\n<p>Complimenti ai nostri bambini, attenti, riflessivi, consapevoli e liberi di esprimersi e raccontare le loro emozioni ed i loro pensieri sugli uomini contro gli altri uomini\u201d. <\/p>\n\n\n\n<figure class=\"wp-block-image aligncenter size-large\"><img loading=\"lazy\" decoding=\"async\" width=\"1024\" height=\"768\" src=\"https:\/\/thereportzone.it\/wp-content\/uploads\/2024\/01\/335bcda0-41db-40bd-a588-7cf44237f5f0-1024x768.jpeg\" alt=\"\" class=\"wp-image-40617\" srcset=\"https:\/\/www.thereportzone.it\/wp-content\/uploads\/2024\/01\/335bcda0-41db-40bd-a588-7cf44237f5f0-1024x768.jpeg 1024w, https:\/\/www.thereportzone.it\/wp-content\/uploads\/2024\/01\/335bcda0-41db-40bd-a588-7cf44237f5f0-300x225.jpeg 300w, https:\/\/www.thereportzone.it\/wp-content\/uploads\/2024\/01\/335bcda0-41db-40bd-a588-7cf44237f5f0-768x576.jpeg 768w, https:\/\/www.thereportzone.it\/wp-content\/uploads\/2024\/01\/335bcda0-41db-40bd-a588-7cf44237f5f0-1536x1152.jpeg 1536w, https:\/\/www.thereportzone.it\/wp-content\/uploads\/2024\/01\/335bcda0-41db-40bd-a588-7cf44237f5f0.jpeg 2048w\" sizes=\"(max-width: 1024px) 100vw, 1024px\" \/><\/figure>\n\n\n\n<p><\/p>\n\n\n\n<h2 class=\"wp-block-heading has-text-align-center\">TIENITI AGGIORNATO SULLE NOTIZIE DELLA CITTA&#8217;, CLICCA SUL LOGO QUI SOTTO E SEGUI LA PAGINA &#8220;QUESTO E&#8217; MONDRAGONE&#8221;<\/h2>\n\n\n\n<figure class=\"wp-block-image aligncenter size-large\"><a href=\"https:\/\/www.facebook.com\/QUESTOEMONDRAGONE\"><img loading=\"lazy\" decoding=\"async\" width=\"1024\" height=\"923\" src=\"https:\/\/thereportzone.it\/wp-content\/uploads\/2023\/06\/LOGO-QUESTO-E-MONDRAGONE-1024x923.jpg\" alt=\"\" class=\"wp-image-38777\" srcset=\"https:\/\/www.thereportzone.it\/wp-content\/uploads\/2023\/06\/LOGO-QUESTO-E-MONDRAGONE-1024x923.jpg 1024w, https:\/\/www.thereportzone.it\/wp-content\/uploads\/2023\/06\/LOGO-QUESTO-E-MONDRAGONE-300x271.jpg 300w, https:\/\/www.thereportzone.it\/wp-content\/uploads\/2023\/06\/LOGO-QUESTO-E-MONDRAGONE-768x693.jpg 768w, https:\/\/www.thereportzone.it\/wp-content\/uploads\/2023\/06\/LOGO-QUESTO-E-MONDRAGONE.jpg 1170w\" sizes=\"(max-width: 1024px) 100vw, 1024px\" \/><\/a><\/figure>\n","protected":false},"excerpt":{"rendered":"<p>In occasione del giorno della Memoria, l\u2019Amministrazione Comunale ha invitato le classi Quinte della scuola primaria e Prime<\/p>\n","protected":false},"author":2,"featured_media":40618,"comment_status":"closed","ping_status":"closed","sticky":false,"template":"","format":"image","meta":{"sfsi_plus_gutenberg_text_before_share":"","sfsi_plus_gutenberg_show_text_before_share":"","sfsi_plus_gutenberg_icon_type":"","sfsi_plus_gutenberg_icon_alignemt":"","sfsi_plus_gutenburg_max_per_row":"","footnotes":""},"categories":[8,5,9],"tags":[],"class_list":["post-40616","post","type-post","status-publish","format-image","has-post-thumbnail","hentry","category-cronaca","category-mondragone","category-politica","post_format-post-format-image"],"_links":{"self":[{"href":"https:\/\/www.thereportzone.it\/index.php?rest_route=\/wp\/v2\/posts\/40616"}],"collection":[{"href":"https:\/\/www.thereportzone.it\/index.php?rest_route=\/wp\/v2\/posts"}],"about":[{"href":"https:\/\/www.thereportzone.it\/index.php?rest_route=\/wp\/v2\/types\/post"}],"author":[{"embeddable":true,"href":"https:\/\/www.thereportzone.it\/index.php?rest_route=\/wp\/v2\/users\/2"}],"replies":[{"embeddable":true,"href":"https:\/\/www.thereportzone.it\/index.php?rest_route=%2Fwp%2Fv2%2Fcomments&post=40616"}],"version-history":[{"count":1,"href":"https:\/\/www.thereportzone.it\/index.php?rest_route=\/wp\/v2\/posts\/40616\/revisions"}],"predecessor-version":[{"id":40619,"href":"https:\/\/www.thereportzone.it\/index.php?rest_route=\/wp\/v2\/posts\/40616\/revisions\/40619"}],"wp:featuredmedia":[{"embeddable":true,"href":"https:\/\/www.thereportzone.it\/index.php?rest_route=\/wp\/v2\/media\/40618"}],"wp:attachment":[{"href":"https:\/\/www.thereportzone.it\/index.php?rest_route=%2Fwp%2Fv2%2Fmedia&parent=40616"}],"wp:term":[{"taxonomy":"category","embeddable":true,"href":"https:\/\/www.thereportzone.it\/index.php?rest_route=%2Fwp%2Fv2%2Fcategories&post=40616"},{"taxonomy":"post_tag","embeddable":true,"href":"https:\/\/www.thereportzone.it\/index.php?rest_route=%2Fwp%2Fv2%2Ftags&post=40616"}],"curies":[{"name":"wp","href":"https:\/\/api.w.org\/{rel}","templated":true}]}}