{"id":40485,"date":"2024-01-04T12:28:33","date_gmt":"2024-01-04T11:28:33","guid":{"rendered":"https:\/\/thereportzone.it\/?p=40485"},"modified":"2024-01-04T12:49:40","modified_gmt":"2024-01-04T11:49:40","slug":"lintervista-carinola-questione-convento-san-francesco-facciamo-chiarezza-le-parole-di-sindaco-ed-assessori-alle-nostre-domande","status":"publish","type":"post","link":"https:\/\/www.thereportzone.it\/?p=40485","title":{"rendered":"L&#8217;INTERVISTA CARINOLA &#8211; Questione Convento San Francesco, facciamo chiarezza: le risposte di sindaco ed assessori alle nostre domande"},"content":{"rendered":"\n<div class=\"wp-block-columns is-layout-flex wp-container-core-columns-is-layout-1 wp-block-columns-is-layout-flex\">\n<div class=\"wp-block-column is-layout-flow wp-block-column-is-layout-flow\" style=\"flex-basis:100%\">\n<div class=\"wp-block-group is-layout-flow wp-block-group-is-layout-flow\">\n<figure class=\"wp-block-image aligncenter size-full\"><img fetchpriority=\"high\" decoding=\"async\" width=\"691\" height=\"338\" src=\"http:\/\/thereportzone.it\/wp-content\/uploads\/2022\/07\/nuova-st-justin.png\" alt=\"\" class=\"wp-image-36457\"\/><\/figure>\n<\/div>\n<\/div>\n<\/div>\n\n\n\n<figure class=\"wp-block-image aligncenter size-large\"><img decoding=\"async\" width=\"1024\" height=\"576\" src=\"https:\/\/thereportzone.it\/wp-content\/uploads\/2023\/08\/Family-1600x900-1-1024x576.jpg\" alt=\"\" class=\"wp-image-39481\" srcset=\"https:\/\/www.thereportzone.it\/wp-content\/uploads\/2023\/08\/Family-1600x900-1-1024x576.jpg 1024w, https:\/\/www.thereportzone.it\/wp-content\/uploads\/2023\/08\/Family-1600x900-1-300x169.jpg 300w, https:\/\/www.thereportzone.it\/wp-content\/uploads\/2023\/08\/Family-1600x900-1-768x432.jpg 768w, https:\/\/www.thereportzone.it\/wp-content\/uploads\/2023\/08\/Family-1600x900-1-1536x864.jpg 1536w, https:\/\/www.thereportzone.it\/wp-content\/uploads\/2023\/08\/Family-1600x900-1.jpg 1600w\" sizes=\"(max-width: 1024px) 100vw, 1024px\" \/><\/figure>\n\n\n\n<figure class=\"wp-block-image aligncenter size-full\"><img decoding=\"async\" width=\"700\" height=\"700\" src=\"http:\/\/thereportzone.it\/wp-content\/uploads\/2023\/03\/NUOVO-BANNER-NAVE.png\" alt=\"\" class=\"wp-image-38336\"\/><\/figure>\n\n\n\n<p>La questione del Convento di San Francesco a Casanova di Carinola, a seguito della morte di Padre Giovanni Siciliano, come la stessa sindaca <em><strong>Giuseppina di Biasio<\/strong><\/em> ci ha riferito nell&#8217;intervista che segue, insieme all&#8217;Assessore alla Cultura <em><strong>Maria Sorvillo<\/strong><\/em> e all&#8217;Assessore al Patrimonio <em><strong> Salvatore Mannillo<\/strong><\/em>, ha creato una sorta di smarrimento fra i cittadini. <\/p>\n\n\n\n<p>Tuttavia, se da un lato la sensazione smarrimento che la perdita di un tassello importante come quella di Padre Giovanni \u00e8 giustificata, dall&#8217;altro, va sottolineato che non tutto ci\u00f2 che si immagina e si dice sulle sorti del Convento francescano, della sua gestione e sulla sua &#8220;vita futura&#8221; \u00e8 preciso.<\/p>\n\n\n\n<p>Per ovviare alle tante idee espresse proprio in merito al futuro del Convento di San Francesco, e per offrire una lettura chiara a tutti i cittadini di Casanova di Carinola, e non solo, abbiamo deciso di intervistare tre esponenti dell&#8217;amministrazione comunale.<\/p>\n\n\n\n<figure class=\"wp-block-image aligncenter size-full\"><img loading=\"lazy\" decoding=\"async\" width=\"873\" height=\"283\" src=\"https:\/\/thereportzone.it\/wp-content\/uploads\/2024\/01\/maria-sorvillo-e-giuseppina-di-biasio-carinola.png\" alt=\"\" class=\"wp-image-40486\" srcset=\"https:\/\/www.thereportzone.it\/wp-content\/uploads\/2024\/01\/maria-sorvillo-e-giuseppina-di-biasio-carinola.png 873w, https:\/\/www.thereportzone.it\/wp-content\/uploads\/2024\/01\/maria-sorvillo-e-giuseppina-di-biasio-carinola-300x97.png 300w, https:\/\/www.thereportzone.it\/wp-content\/uploads\/2024\/01\/maria-sorvillo-e-giuseppina-di-biasio-carinola-768x249.png 768w\" sizes=\"(max-width: 873px) 100vw, 873px\" \/><\/figure>\n\n\n\n<p>Alla sindaca Giuseppina DI Biasio, abbiamo chiesto: <\/p>\n\n\n\n<ul class=\"wp-block-list\">\n<li><strong><em>Sindaca, cosa \u00e8 importante chiarire ancor prima di cominciare a discutere su quelli che potrebbero essere i potenziali problemi legati al futuro del Convento di San Francesco? <\/em><\/strong><\/li>\n<\/ul>\n\n\n\n<p><strong><em>La sindaca Giuseppina Di Biasio:<\/em><\/strong> &#8220;Purtroppo, la perdita del nostro caro Padre Giovanni Siciliano, che a lungo ha tenuto a cuore e animato il Convento, ha causato sgomento nei cittadini. Una sensazione di smarrimento che pu\u00f2 far sorgere comprensibili dubbi circa il suo futuro. Deve essere chiaro che vi sono due questioni in ballo, e l\u2019una non \u00e8 meno importante dell\u2019altra: la vita religiosa, culturale e di comunit\u00e0 del Convento e la questione strutturale. Questa Amministrazione \u00e8 attenta e attiva per il futuro del Convento di San Francesco, non solo perch\u00e9 possa essere preservato, ma anche affinch\u00e9 continui a mantenere il fermento culturale e sociale che merita. Dico con orgoglio che questa Amministrazione \u00e8 riuscita a recuperare il finanziamento di circa 300.000 \u20ac del Masterplan Domitio per i lavori di salvaguardia del Chiostro, e che a breve potranno riprendere i lavori&#8221;.<\/p>\n\n\n\n<ul class=\"wp-block-list\">\n<li><strong><em>Quindi si pu\u00f2 scongiurare qualsiasi dubbio che la vostra amministrazione non abbia a cuore le sorti della struttura, giusto?<\/em><\/strong><\/li>\n<\/ul>\n\n\n\n<p><strong><em>La sindaca Giuseppina Di Biasio<\/em><\/strong>: &#8220;Assolutamente. Non scherziamo. E\u2019 chiaro che la visione sul Convento di S. Francesco \u00e8 strategica, e la filiera istituzione deve attivarsi con risolutezza perch\u00e9 il bene venga preservato. Abbiamo bisogno dell\u2019aiuto di tutti per poterci permettere di custodire il Convento in modo dignitoso. Voglio chiarire con fermezza che il Convento di San Francesco \u00e8 un patrimonio preziosissimo della nostra comunit\u00e0, e di questo l\u2019Amministrazione ne \u00e8 ben consapevole. L\u2019attenzione \u00e8 massima da parte di tutta l\u2019Amministrazione, soprattutto da parte mia, dell\u2019Assessore al Patrimonio Salvatore Mannillo &#8211; in qualit\u00e0 anche d\u00ec cittadino casanovese &#8211; e dell\u2019Assessore alla Cultura Maria Sorvillo. Il nostro lavoro, in sinergia, \u00e8 costantemente orientato ad ottenere il miglior risultato affinch\u00e9 il Convento sia ancora e sempre un bene importante per la collettivit\u00e0&#8221;.<\/p>\n\n\n\n<ul class=\"wp-block-list\">\n<li><em style=\"font-weight: bold;\">Abbiamo, poi, chiesto all&#8217;Assessore al Patrimonio Salvatore Mannillo, anche in qualit\u00e0 di cittadino casanovese, se la cittadinanza fa bene ad &#8220;allarmarsi&#8221; su tematiche che sono, certamente, molto importanti, proprio come quella del Convento di San Francesco&#8230;<\/em><\/li>\n<\/ul>\n\n\n\n<p><strong><em>L&#8217;Assessore Salvatore Mannillo<\/em><\/strong>: &#8220;Credo che l\u2019attenzione e la sensibilit\u00e0 dei cittadini carinolesi, ed in particolare, ovviamente, dei miei compaesani casanovesi, sia un bene per il nostro amato Convento. I cittadini fanno bene, anzi \u00e8 naturale, a chiedersi che futuro avr\u00e0 la Comunit\u00e0 francescana di Casanova. E\u2019 da molto tempo, da quando purtroppo Padre Giovanni aveva gi\u00e0 cominciato a non poter essere pi\u00f9 molto presente nel fisico, che mantengo contatti costanti anche con le istituzioni religiose afferenti alla destinazione del Convento. Pi\u00f9 volte ho interloquito con Padre D\u2019Amodio, della Provincia dei Frati Minori di Napoli e ancor pi\u00f9, insieme al Sindaco, con l\u2019allora Vescovo Piazza. Oggi il dialogo in Diocesi procede, ma la cosa fondamentale per me \u00e8 ascoltare i miei concittadini, soprattutto chi vive quotidianamente il Convento&#8221;.<\/p>\n\n\n\n<ul class=\"wp-block-list\">\n<li><strong><em>Allora, Assessore Mannillo, come ci si sta realmente muovendo e come si pu\u00f2 rassicurare, in qualche odo, tutti i cittadini? <\/em><\/strong><\/li>\n<\/ul>\n\n\n\n<p> <strong><em>L&#8217;Assessore Salvatore Mannillo<\/em><\/strong>: &#8220;Abbiamo per i motivi descritti poco fa, salutato con grande piacere la costituzione di un\u2019Associazione di cittadini \u201cPro-Convento\u201d, tra cui si annoverano persone perbene e di grande iniziativa. Credo che la coesione sociale sia fondamentale affinch\u00e9 il Convento sia innanzitutto comunit\u00e0. L\u2019iniziativa religiosa va poi di pari passo con quella culturale. L\u2019attenzione dell\u2019Amministrazione deve innanzitutto mirare alla salvaguardia del Monumento, che in questo momento ha alcune criticit\u00e0 da monitorare con attenzione. Io credo che dobbiamo essere realisti: abbiamo un Monumento di valore inestimabile e dobbiamo renderci conto che l\u2019utilizzo pu\u00f2 essere molteplice, ma non variegato&#8221;.<\/p>\n\n\n\n<ul class=\"wp-block-list\">\n<li><strong><em>Come agirete?<\/em><\/strong><\/li>\n<\/ul>\n\n\n\n<p><strong><em>L&#8217;Assessore Salvatore Mannillo<\/em><\/strong>: &#8220;Le parole d\u2019ordine sono attenzione e impegno. Il Convento \u00e8 un bene troppo prezioso, dobbiamo andare avanti, insieme, nel costruire il buon cammino che stiamo intraprendendo. Non posso, da casanovese, pensare ad un futuro diverso&#8221;. <\/p>\n\n\n\n<ul class=\"wp-block-list\">\n<li><strong><em>In ultima battuta, all&#8217;Assessore alla Cultura, Maria Sorvillo, abbiamo chiesto quanto l&#8217;aspetto culturale sia importante in tutta questa vicenda&#8230;<\/em><\/strong><\/li>\n<\/ul>\n\n\n\n<p><strong><em>L&#8217;Assessora Maria Sorvillo<\/em><\/strong>: &#8220;E\u2019 chiaro che l\u2019aspetto culturale sia fondamentale. Teniamo sempre in gran conto l\u2019associazionismo ed ogni forma positiva di riunione e collaborazione tra i cittadini, ed \u00e8 per questo che, anche e soprattutto nel caso del Convenuto, salutiamo con grande piacere la nascita di una associazione che possa favorire e partecipare alla cura e alla valorizzazione. Ritengo che anche la collaborazione con il mondo della scuola sia fondamentale affinch\u00e9 anche i pi\u00f9 giovani possano conoscere ed apprezzare le nostre bellezze storico-artistiche, di cui il Convento \u00e8, sicuramente, una delle testimonianze pi\u00f9 importanti. Il contatto con il mondo della scuola e dell\u2019Universit\u00e0 pu\u00f2 essere un tassello importante nella costituzione di un vero e proprio polo culturale&#8221;. <\/p>\n\n\n\n<p><\/p>\n\n\n\n<p><\/p>\n\n\n\n<h2 class=\"wp-block-heading has-text-align-center\">TIENITI AGGIORNATO SULLE NOTIZIE DELLA CITTA&#8217;, CLICCA SUL LOGO QUI SOTTO E SEGUI LA PAGINA &#8220;QUESTO E&#8217; MONDRAGONE&#8221;<\/h2>\n\n\n\n<figure class=\"wp-block-image aligncenter size-large\"><a href=\"https:\/\/www.facebook.com\/QUESTOEMONDRAGONE\"><img loading=\"lazy\" decoding=\"async\" width=\"1024\" height=\"923\" src=\"https:\/\/thereportzone.it\/wp-content\/uploads\/2023\/06\/LOGO-QUESTO-E-MONDRAGONE-1024x923.jpg\" alt=\"\" class=\"wp-image-38777\" srcset=\"https:\/\/www.thereportzone.it\/wp-content\/uploads\/2023\/06\/LOGO-QUESTO-E-MONDRAGONE-1024x923.jpg 1024w, https:\/\/www.thereportzone.it\/wp-content\/uploads\/2023\/06\/LOGO-QUESTO-E-MONDRAGONE-300x271.jpg 300w, https:\/\/www.thereportzone.it\/wp-content\/uploads\/2023\/06\/LOGO-QUESTO-E-MONDRAGONE-768x693.jpg 768w, https:\/\/www.thereportzone.it\/wp-content\/uploads\/2023\/06\/LOGO-QUESTO-E-MONDRAGONE.jpg 1170w\" sizes=\"(max-width: 1024px) 100vw, 1024px\" \/><\/a><\/figure>\n","protected":false},"excerpt":{"rendered":"<p>La questione del Convento di San Francesco a Casanova di Carinola, a seguito della morte di Padre Giovanni<\/p>\n","protected":false},"author":2,"featured_media":40486,"comment_status":"closed","ping_status":"closed","sticky":false,"template":"","format":"image","meta":{"sfsi_plus_gutenberg_text_before_share":"","sfsi_plus_gutenberg_show_text_before_share":"","sfsi_plus_gutenberg_icon_type":"","sfsi_plus_gutenberg_icon_alignemt":"","sfsi_plus_gutenburg_max_per_row":"","footnotes":""},"categories":[2973,8,9],"tags":[],"class_list":["post-40485","post","type-post","status-publish","format-image","has-post-thumbnail","hentry","category-carinola","category-cronaca","category-politica","post_format-post-format-image"],"_links":{"self":[{"href":"https:\/\/www.thereportzone.it\/index.php?rest_route=\/wp\/v2\/posts\/40485"}],"collection":[{"href":"https:\/\/www.thereportzone.it\/index.php?rest_route=\/wp\/v2\/posts"}],"about":[{"href":"https:\/\/www.thereportzone.it\/index.php?rest_route=\/wp\/v2\/types\/post"}],"author":[{"embeddable":true,"href":"https:\/\/www.thereportzone.it\/index.php?rest_route=\/wp\/v2\/users\/2"}],"replies":[{"embeddable":true,"href":"https:\/\/www.thereportzone.it\/index.php?rest_route=%2Fwp%2Fv2%2Fcomments&post=40485"}],"version-history":[{"count":2,"href":"https:\/\/www.thereportzone.it\/index.php?rest_route=\/wp\/v2\/posts\/40485\/revisions"}],"predecessor-version":[{"id":40488,"href":"https:\/\/www.thereportzone.it\/index.php?rest_route=\/wp\/v2\/posts\/40485\/revisions\/40488"}],"wp:featuredmedia":[{"embeddable":true,"href":"https:\/\/www.thereportzone.it\/index.php?rest_route=\/wp\/v2\/media\/40486"}],"wp:attachment":[{"href":"https:\/\/www.thereportzone.it\/index.php?rest_route=%2Fwp%2Fv2%2Fmedia&parent=40485"}],"wp:term":[{"taxonomy":"category","embeddable":true,"href":"https:\/\/www.thereportzone.it\/index.php?rest_route=%2Fwp%2Fv2%2Fcategories&post=40485"},{"taxonomy":"post_tag","embeddable":true,"href":"https:\/\/www.thereportzone.it\/index.php?rest_route=%2Fwp%2Fv2%2Ftags&post=40485"}],"curies":[{"name":"wp","href":"https:\/\/api.w.org\/{rel}","templated":true}]}}