{"id":40388,"date":"2023-12-15T10:13:57","date_gmt":"2023-12-15T09:13:57","guid":{"rendered":"https:\/\/thereportzone.it\/?p=40388"},"modified":"2023-12-15T10:14:05","modified_gmt":"2023-12-15T09:14:05","slug":"falciano-grande-attesa-per-la-personale-di-pittura-di-enzo-salzano-lunedi-18-convegno-e-inaugurazione-mostra-temporanea-nellambito-degli-eventi-del-natale-a-falciano-del-massico","status":"publish","type":"post","link":"https:\/\/www.thereportzone.it\/?p=40388","title":{"rendered":"FALCIANO &#8211; Grande attesa per la personale di pittura di Enzo Salzano. Luned\u00ec 18 convegno e inaugurazione mostra temporanea nell&#8217;ambito degli eventi del Natale a Falciano del Massico"},"content":{"rendered":"\n<div class=\"wp-block-columns is-layout-flex wp-container-core-columns-is-layout-1 wp-block-columns-is-layout-flex\">\n<div class=\"wp-block-column is-layout-flow wp-block-column-is-layout-flow\" style=\"flex-basis:100%\">\n<div class=\"wp-block-group is-layout-flow wp-block-group-is-layout-flow\">\n<figure class=\"wp-block-image aligncenter size-full\"><img fetchpriority=\"high\" decoding=\"async\" width=\"691\" height=\"338\" src=\"http:\/\/thereportzone.it\/wp-content\/uploads\/2022\/07\/nuova-st-justin.png\" alt=\"\" class=\"wp-image-36457\"\/><\/figure>\n<\/div>\n<\/div>\n<\/div>\n\n\n\n<figure class=\"wp-block-image aligncenter size-large\"><img decoding=\"async\" width=\"1024\" height=\"576\" src=\"https:\/\/thereportzone.it\/wp-content\/uploads\/2023\/08\/Family-1600x900-1-1024x576.jpg\" alt=\"\" class=\"wp-image-39481\" srcset=\"https:\/\/www.thereportzone.it\/wp-content\/uploads\/2023\/08\/Family-1600x900-1-1024x576.jpg 1024w, https:\/\/www.thereportzone.it\/wp-content\/uploads\/2023\/08\/Family-1600x900-1-300x169.jpg 300w, https:\/\/www.thereportzone.it\/wp-content\/uploads\/2023\/08\/Family-1600x900-1-768x432.jpg 768w, https:\/\/www.thereportzone.it\/wp-content\/uploads\/2023\/08\/Family-1600x900-1-1536x864.jpg 1536w, https:\/\/www.thereportzone.it\/wp-content\/uploads\/2023\/08\/Family-1600x900-1.jpg 1600w\" sizes=\"(max-width: 1024px) 100vw, 1024px\" \/><\/figure>\n\n\n\n<figure class=\"wp-block-image aligncenter size-full\"><img decoding=\"async\" width=\"700\" height=\"700\" src=\"http:\/\/thereportzone.it\/wp-content\/uploads\/2023\/03\/NUOVO-BANNER-NAVE.png\" alt=\"\" class=\"wp-image-38336\"\/><\/figure>\n\n\n\n<p>L\u2019Albero tra storia, mitologia, arte, poesia e ecologia. E\u2019 questo il titolo della mostra personale di pittura di\u00a0<strong>Enzo Salzano<\/strong>\u00a0che andr\u00e0 in scena a Falciano del Massico, presso la Sala Consiliare, Luned\u00ec 18 dicembre dalle ore 17.00. Inoltre, per l&#8217;occasione e nell&#8217;ambito degli eventi previsti per il <strong><em>Natale a Falciano del Massico<\/em><\/strong>, la mostra rester\u00e0 a disposizione di tutti fino al giorno 10 Gennaio, data in cui si svolger\u00e0 un convegno di chiusura.<\/p>\n\n\n\n<p>Un momento culturale importante, proposto dall&#8217;Associazione <strong><em>Tra le Righe<\/em><\/strong> e voluto dall&#8217;Amministrazione comunale <strong>Falciano Bene Comune<\/strong>. <\/p>\n\n\n\n<p>In realt\u00e0, si tratter\u00e0 di un vero e proprio viaggio. Non soltanto una mostra ma un incontro attraverso il quale si potr\u00e0 avere un vero e proprio dialogo con l\u2019artista, oltre a quella che diventer\u00e0 un&#8217;installazione temporanea di pittura. All\u2019evento, che avremo il piacere di moderare attraverso la presenza del giornalista\u00a0<strong>Giuseppe Nicodemo<\/strong>, responsabile del portale\u00a0<strong>The Report Zone<\/strong>, insieme ad\u00a0<strong>Enzo Salzano<\/strong>, Biologo e Curatore della mostra ci saranno il sindaco\u00a0<strong>Ing. Giovanni Erasmo Fava<\/strong>, l&#8217;Assessore alla Cultura, Prof.ssa <strong><em>Rosa Maria Zannone<\/em><\/strong>, l\u2019Archeologo<strong>\u00a0Luigi Crimaco<\/strong> e l&#8217;economista <strong><em>Tonino Mirenda<\/em><\/strong>.<\/p>\n\n\n\n<p>Attraverso l\u2019Albero, si prover\u00e0 a ritrovare quella memoria, forse, perduta. Un dialogo che passer\u00e0 per la Mitologia, la Storia, l\u2019Arte e la Poesia per ritrovare non soltanto la memoria che lega l\u2019uomo alla Natura, ma anche quella memoria personale che identifica ognuno di noi, dall\u2019et\u00e0 infantile in poi.<\/p>\n\n\n\n<p>Si cercher\u00e0, dunque, di tracciare un percorso evolutivo dell\u2019Albero, svelandone il suo \u201cpotere salvifico\u201d, di cui lo stesso artista, parla molto nella sua raccolta catalogo. Un vero e proprio viaggio.&nbsp;<\/p>\n\n\n\n<p>L\u2019Albero, in questa raccolta di opere dell\u2019artista <strong><em>Enzo Salzano<\/em><\/strong>, viene spiegato in tutte le sue \u201cfunzioni\u201d che vanno ben oltre quelle ornamentali, toccando anche tematiche che entrano nella medicina e nella farmacologia.\u00a0<\/p>\n\n\n\n<p>Nello stesso catalogo stralci poetici importanti, utili a rimarcare la \u201cresilienza\u201d dell\u2019albero ma anche il forte legame tra l\u2019artista e \u201cil suo arancio\u201d. Un mondo da scoprire, insomma, con punti di vista profondi sulla Natura intesa nel suo insieme.&nbsp;<\/p>\n\n\n\n<p>Un evento unico, interessante, gi\u00e0 portato, in passato, in altri luoghi del territorio e che ha sortito risultati molto interessanti non solo in termini di dibattito ma anche di apprendimento, quello rivolto ai pi\u00f9 giovani, agli studenti, persone sulle quali si riflettono le sorti del nostro futuro.&nbsp;<\/p>\n\n\n\n<p>Il catalogo sar\u00e0 visionabile ed acquistabile all\u2019evento per un costo di 8 euro, cifra che sar\u00e0 totalmente devoluta alla piantumazione di alberi nelle Scuole.\u00a0<\/p>\n\n\n\n<figure class=\"wp-block-image aligncenter size-large\"><img loading=\"lazy\" decoding=\"async\" width=\"728\" height=\"1024\" src=\"https:\/\/thereportzone.it\/wp-content\/uploads\/2023\/12\/enzo-salzano-arbor-728x1024.jpg\" alt=\"\" class=\"wp-image-40389\" srcset=\"https:\/\/www.thereportzone.it\/wp-content\/uploads\/2023\/12\/enzo-salzano-arbor-728x1024.jpg 728w, https:\/\/www.thereportzone.it\/wp-content\/uploads\/2023\/12\/enzo-salzano-arbor-213x300.jpg 213w, https:\/\/www.thereportzone.it\/wp-content\/uploads\/2023\/12\/enzo-salzano-arbor-768x1080.jpg 768w, https:\/\/www.thereportzone.it\/wp-content\/uploads\/2023\/12\/enzo-salzano-arbor-1092x1536.jpg 1092w, https:\/\/www.thereportzone.it\/wp-content\/uploads\/2023\/12\/enzo-salzano-arbor-1024x1440.jpg 1024w, https:\/\/www.thereportzone.it\/wp-content\/uploads\/2023\/12\/enzo-salzano-arbor.jpg 1137w\" sizes=\"(max-width: 728px) 100vw, 728px\" \/><\/figure>\n\n\n\n<figure class=\"wp-block-image aligncenter size-full\"><img loading=\"lazy\" decoding=\"async\" width=\"960\" height=\"584\" src=\"https:\/\/thereportzone.it\/wp-content\/uploads\/2023\/09\/ENZO-SALZANO-MOSTRA-1.png\" alt=\"\" class=\"wp-image-39795\" srcset=\"https:\/\/www.thereportzone.it\/wp-content\/uploads\/2023\/09\/ENZO-SALZANO-MOSTRA-1.png 960w, https:\/\/www.thereportzone.it\/wp-content\/uploads\/2023\/09\/ENZO-SALZANO-MOSTRA-1-300x183.png 300w, https:\/\/www.thereportzone.it\/wp-content\/uploads\/2023\/09\/ENZO-SALZANO-MOSTRA-1-768x467.png 768w\" sizes=\"(max-width: 960px) 100vw, 960px\" \/><figcaption class=\"wp-element-caption\"><strong>ENZO SALZANO<\/strong><\/figcaption><\/figure>\n\n\n\n<figure class=\"wp-block-image aligncenter size-full\"><img loading=\"lazy\" decoding=\"async\" width=\"1024\" height=\"768\" src=\"https:\/\/thereportzone.it\/wp-content\/uploads\/2023\/12\/ee01a6dc-1244-48e2-99ce-a6c2e143e9c1.jpg\" alt=\"\" class=\"wp-image-40390\" srcset=\"https:\/\/www.thereportzone.it\/wp-content\/uploads\/2023\/12\/ee01a6dc-1244-48e2-99ce-a6c2e143e9c1.jpg 1024w, https:\/\/www.thereportzone.it\/wp-content\/uploads\/2023\/12\/ee01a6dc-1244-48e2-99ce-a6c2e143e9c1-300x225.jpg 300w, https:\/\/www.thereportzone.it\/wp-content\/uploads\/2023\/12\/ee01a6dc-1244-48e2-99ce-a6c2e143e9c1-768x576.jpg 768w\" sizes=\"(max-width: 1024px) 100vw, 1024px\" \/><figcaption class=\"wp-element-caption\"><strong>ENZO SALZANO CON L&#8217;AMICO E ARCHEOLOGO LUIGI CRIMACO<\/strong><\/figcaption><\/figure>\n\n\n\n<figure class=\"wp-block-image aligncenter size-full\"><img loading=\"lazy\" decoding=\"async\" width=\"883\" height=\"460\" src=\"https:\/\/thereportzone.it\/wp-content\/uploads\/2023\/12\/0924ee9a-5282-4a91-8a90-e25b2b95cd0a.jpg\" alt=\"\" class=\"wp-image-40391\" srcset=\"https:\/\/www.thereportzone.it\/wp-content\/uploads\/2023\/12\/0924ee9a-5282-4a91-8a90-e25b2b95cd0a.jpg 883w, https:\/\/www.thereportzone.it\/wp-content\/uploads\/2023\/12\/0924ee9a-5282-4a91-8a90-e25b2b95cd0a-300x156.jpg 300w, https:\/\/www.thereportzone.it\/wp-content\/uploads\/2023\/12\/0924ee9a-5282-4a91-8a90-e25b2b95cd0a-768x400.jpg 768w\" sizes=\"(max-width: 883px) 100vw, 883px\" \/><figcaption class=\"wp-element-caption\"><strong>ENZO SALZANO NEL GIARDINO DELL&#8217;ECONOMISTA TONINO MIRENDA<\/strong><\/figcaption><\/figure>\n\n\n\n<h2 class=\"wp-block-heading has-text-align-center\">TIENITI AGGIORNATO SULLE NOTIZIE DELLA CITTA&#8217;, CLICCA SUL LOGO QUI SOTTO E SEGUI LA PAGINA &#8220;QUESTO E&#8217; MONDRAGONE&#8221;<\/h2>\n\n\n\n<figure class=\"wp-block-image aligncenter size-large\"><a href=\"https:\/\/www.facebook.com\/QUESTOEMONDRAGONE\"><img loading=\"lazy\" decoding=\"async\" width=\"1024\" height=\"923\" src=\"https:\/\/thereportzone.it\/wp-content\/uploads\/2023\/06\/LOGO-QUESTO-E-MONDRAGONE-1024x923.jpg\" alt=\"\" class=\"wp-image-38777\" srcset=\"https:\/\/www.thereportzone.it\/wp-content\/uploads\/2023\/06\/LOGO-QUESTO-E-MONDRAGONE-1024x923.jpg 1024w, https:\/\/www.thereportzone.it\/wp-content\/uploads\/2023\/06\/LOGO-QUESTO-E-MONDRAGONE-300x271.jpg 300w, https:\/\/www.thereportzone.it\/wp-content\/uploads\/2023\/06\/LOGO-QUESTO-E-MONDRAGONE-768x693.jpg 768w, https:\/\/www.thereportzone.it\/wp-content\/uploads\/2023\/06\/LOGO-QUESTO-E-MONDRAGONE.jpg 1170w\" sizes=\"(max-width: 1024px) 100vw, 1024px\" \/><\/a><\/figure>\n","protected":false},"excerpt":{"rendered":"<p>L\u2019Albero tra storia, mitologia, arte, poesia e ecologia. E\u2019 questo il titolo della mostra personale di pittura di\u00a0Enzo<\/p>\n","protected":false},"author":2,"featured_media":40389,"comment_status":"closed","ping_status":"closed","sticky":false,"template":"","format":"image","meta":{"sfsi_plus_gutenberg_text_before_share":"","sfsi_plus_gutenberg_show_text_before_share":"","sfsi_plus_gutenberg_icon_type":"","sfsi_plus_gutenberg_icon_alignemt":"","sfsi_plus_gutenburg_max_per_row":"","footnotes":""},"categories":[8,10,4],"tags":[],"class_list":["post-40388","post","type-post","status-publish","format-image","has-post-thumbnail","hentry","category-cronaca","category-cultura","category-falciano","post_format-post-format-image"],"_links":{"self":[{"href":"https:\/\/www.thereportzone.it\/index.php?rest_route=\/wp\/v2\/posts\/40388"}],"collection":[{"href":"https:\/\/www.thereportzone.it\/index.php?rest_route=\/wp\/v2\/posts"}],"about":[{"href":"https:\/\/www.thereportzone.it\/index.php?rest_route=\/wp\/v2\/types\/post"}],"author":[{"embeddable":true,"href":"https:\/\/www.thereportzone.it\/index.php?rest_route=\/wp\/v2\/users\/2"}],"replies":[{"embeddable":true,"href":"https:\/\/www.thereportzone.it\/index.php?rest_route=%2Fwp%2Fv2%2Fcomments&post=40388"}],"version-history":[{"count":1,"href":"https:\/\/www.thereportzone.it\/index.php?rest_route=\/wp\/v2\/posts\/40388\/revisions"}],"predecessor-version":[{"id":40392,"href":"https:\/\/www.thereportzone.it\/index.php?rest_route=\/wp\/v2\/posts\/40388\/revisions\/40392"}],"wp:featuredmedia":[{"embeddable":true,"href":"https:\/\/www.thereportzone.it\/index.php?rest_route=\/wp\/v2\/media\/40389"}],"wp:attachment":[{"href":"https:\/\/www.thereportzone.it\/index.php?rest_route=%2Fwp%2Fv2%2Fmedia&parent=40388"}],"wp:term":[{"taxonomy":"category","embeddable":true,"href":"https:\/\/www.thereportzone.it\/index.php?rest_route=%2Fwp%2Fv2%2Fcategories&post=40388"},{"taxonomy":"post_tag","embeddable":true,"href":"https:\/\/www.thereportzone.it\/index.php?rest_route=%2Fwp%2Fv2%2Ftags&post=40388"}],"curies":[{"name":"wp","href":"https:\/\/api.w.org\/{rel}","templated":true}]}}