{"id":40272,"date":"2023-11-27T08:07:07","date_gmt":"2023-11-27T07:07:07","guid":{"rendered":"https:\/\/thereportzone.it\/?p=40272"},"modified":"2023-11-27T08:07:12","modified_gmt":"2023-11-27T07:07:12","slug":"falciano-oggi-levento-sulla-giornata-internazionale-contro-la-violenza-sulle-donne","status":"publish","type":"post","link":"https:\/\/www.thereportzone.it\/?p=40272","title":{"rendered":"FALCIANO &#8211; Oggi l&#8217;evento sulla Giornata Internazionale contro la Violenza sulle Donne"},"content":{"rendered":"\n<div class=\"wp-block-columns is-layout-flex wp-container-core-columns-is-layout-1 wp-block-columns-is-layout-flex\">\n<div class=\"wp-block-column is-layout-flow wp-block-column-is-layout-flow\" style=\"flex-basis:100%\">\n<div class=\"wp-block-group is-layout-flow wp-block-group-is-layout-flow\">\n<figure class=\"wp-block-image aligncenter size-full\"><img fetchpriority=\"high\" decoding=\"async\" width=\"691\" height=\"338\" src=\"http:\/\/thereportzone.it\/wp-content\/uploads\/2022\/07\/nuova-st-justin.png\" alt=\"\" class=\"wp-image-36457\"\/><\/figure>\n<\/div>\n<\/div>\n<\/div>\n\n\n\n<figure class=\"wp-block-image aligncenter size-large\"><img decoding=\"async\" width=\"1024\" height=\"576\" src=\"https:\/\/thereportzone.it\/wp-content\/uploads\/2023\/08\/Family-1600x900-1-1024x576.jpg\" alt=\"\" class=\"wp-image-39481\" srcset=\"https:\/\/www.thereportzone.it\/wp-content\/uploads\/2023\/08\/Family-1600x900-1-1024x576.jpg 1024w, https:\/\/www.thereportzone.it\/wp-content\/uploads\/2023\/08\/Family-1600x900-1-300x169.jpg 300w, https:\/\/www.thereportzone.it\/wp-content\/uploads\/2023\/08\/Family-1600x900-1-768x432.jpg 768w, https:\/\/www.thereportzone.it\/wp-content\/uploads\/2023\/08\/Family-1600x900-1-1536x864.jpg 1536w, https:\/\/www.thereportzone.it\/wp-content\/uploads\/2023\/08\/Family-1600x900-1.jpg 1600w\" sizes=\"(max-width: 1024px) 100vw, 1024px\" \/><\/figure>\n\n\n\n<figure class=\"wp-block-image aligncenter size-full\"><img decoding=\"async\" width=\"700\" height=\"700\" src=\"http:\/\/thereportzone.it\/wp-content\/uploads\/2023\/03\/NUOVO-BANNER-NAVE.png\" alt=\"\" class=\"wp-image-38336\"\/><\/figure>\n\n\n\n<p>Si svolger\u00e0 stamattina a partire dalle ore 10.30 l&#8217;evento dedicato alla Giornata Internazionale contro la Violenza sulle Donne. L&#8217;incontro, si avr\u00e0 presso la Scuola Media di via Tiglio. Interverranno, oltre al sindaco Ing. Giovanni Erasmo Fava ed all&#8217;Assessore delegata Antonietta Rucco, la Prof.ssa Giuseppina Zannini, il Comandante della stazione carabinieri Pasquale Galasso, la psicoterapeuta Carmela Miraglia, Giovanna Licenziato dell&#8217;Associazione il Silenzio Uccide e Don Valentino Simoniello. <\/p>\n\n\n\n<p>Il primo cittadino Ing. Giovanni Erasmo Fava ha ribadito l&#8217;importanza dell&#8217;evento sottolineando &#8220;la necessit\u00e0 di tenere presenti sempre tematiche fondamentali come questa anche e soprattutto quando siamo lontani da eventi e celebrazioni dedicate&#8221;. <\/p>\n\n\n\n<p>L&#8217;Assessore Antonietta Rucco, invece, ha dichiarato: &#8220;C&#8217;\u00e8 un tempo per tacere ed uno per far rumore. Questo \u00e8 il tempo per far rumore, in nome di tutte le donne barbaramente uccise, di quelle che patiscono fra le mura domestiche, sul posto di lavoro, in ogni settore del contesto sociale; quando siamo sottopagate, sfruttate ed umiliate, costrette ad un surplus di lavoro per tenere a bada ora l&#8217;uno ora l&#8217;altro, ora questa situazione ora quella. Quando ci mettono l&#8217;una contro l&#8217;altra per insinuarsi nelle crepe della competizione ,per brillare a discapito di tutto e tutti, perch\u00e8 troppo caro \u00e8 il prezzo che paghiamo per quella flebile fiammella. La nostra continua ad essere una societ\u00e0 patriarcale, in barba alle briciole che, nel tempo, ci concedono, una societ\u00e0 che non accetta i nostri no, che non vorrebbe che ci innalzassero dai luoghi comuni. Un tempo ci bruciavano, ora ci massacrano&#8221;. <\/p>\n\n\n\n<figure class=\"wp-block-image aligncenter size-large\"><img loading=\"lazy\" decoding=\"async\" width=\"678\" height=\"1024\" src=\"https:\/\/thereportzone.it\/wp-content\/uploads\/2023\/11\/969c9250-ec37-4016-b0e5-7499b61b2271-678x1024.jpg\" alt=\"\" class=\"wp-image-40273\" srcset=\"https:\/\/www.thereportzone.it\/wp-content\/uploads\/2023\/11\/969c9250-ec37-4016-b0e5-7499b61b2271-678x1024.jpg 678w, https:\/\/www.thereportzone.it\/wp-content\/uploads\/2023\/11\/969c9250-ec37-4016-b0e5-7499b61b2271-199x300.jpg 199w, https:\/\/www.thereportzone.it\/wp-content\/uploads\/2023\/11\/969c9250-ec37-4016-b0e5-7499b61b2271-768x1159.jpg 768w, https:\/\/www.thereportzone.it\/wp-content\/uploads\/2023\/11\/969c9250-ec37-4016-b0e5-7499b61b2271-1018x1536.jpg 1018w, https:\/\/www.thereportzone.it\/wp-content\/uploads\/2023\/11\/969c9250-ec37-4016-b0e5-7499b61b2271-1024x1546.jpg 1024w, https:\/\/www.thereportzone.it\/wp-content\/uploads\/2023\/11\/969c9250-ec37-4016-b0e5-7499b61b2271.jpg 1060w\" sizes=\"(max-width: 678px) 100vw, 678px\" \/><\/figure>\n\n\n\n<p><\/p>\n\n\n\n<h2 class=\"wp-block-heading has-text-align-center\">TIENITI AGGIORNATO SULLE NOTIZIE DELLA CITTA&#8217;, CLICCA SUL LOGO QUI SOTTO E SEGUI LA PAGINA &#8220;QUESTO E&#8217; MONDRAGONE&#8221;<\/h2>\n\n\n\n<figure class=\"wp-block-image aligncenter size-large\"><a href=\"https:\/\/www.facebook.com\/QUESTOEMONDRAGONE\"><img loading=\"lazy\" decoding=\"async\" width=\"1024\" height=\"923\" src=\"https:\/\/thereportzone.it\/wp-content\/uploads\/2023\/06\/LOGO-QUESTO-E-MONDRAGONE-1024x923.jpg\" alt=\"\" class=\"wp-image-38777\" srcset=\"https:\/\/www.thereportzone.it\/wp-content\/uploads\/2023\/06\/LOGO-QUESTO-E-MONDRAGONE-1024x923.jpg 1024w, https:\/\/www.thereportzone.it\/wp-content\/uploads\/2023\/06\/LOGO-QUESTO-E-MONDRAGONE-300x271.jpg 300w, https:\/\/www.thereportzone.it\/wp-content\/uploads\/2023\/06\/LOGO-QUESTO-E-MONDRAGONE-768x693.jpg 768w, https:\/\/www.thereportzone.it\/wp-content\/uploads\/2023\/06\/LOGO-QUESTO-E-MONDRAGONE.jpg 1170w\" sizes=\"(max-width: 1024px) 100vw, 1024px\" \/><\/a><\/figure>\n","protected":false},"excerpt":{"rendered":"<p>Si svolger\u00e0 stamattina a partire dalle ore 10.30 l&#8217;evento dedicato alla Giornata Internazionale contro la Violenza sulle Donne.<\/p>\n","protected":false},"author":2,"featured_media":40273,"comment_status":"closed","ping_status":"closed","sticky":false,"template":"","format":"image","meta":{"sfsi_plus_gutenberg_text_before_share":"","sfsi_plus_gutenberg_show_text_before_share":"","sfsi_plus_gutenberg_icon_type":"","sfsi_plus_gutenberg_icon_alignemt":"","sfsi_plus_gutenburg_max_per_row":"","footnotes":""},"categories":[8,4],"tags":[],"class_list":["post-40272","post","type-post","status-publish","format-image","has-post-thumbnail","hentry","category-cronaca","category-falciano","post_format-post-format-image"],"_links":{"self":[{"href":"https:\/\/www.thereportzone.it\/index.php?rest_route=\/wp\/v2\/posts\/40272"}],"collection":[{"href":"https:\/\/www.thereportzone.it\/index.php?rest_route=\/wp\/v2\/posts"}],"about":[{"href":"https:\/\/www.thereportzone.it\/index.php?rest_route=\/wp\/v2\/types\/post"}],"author":[{"embeddable":true,"href":"https:\/\/www.thereportzone.it\/index.php?rest_route=\/wp\/v2\/users\/2"}],"replies":[{"embeddable":true,"href":"https:\/\/www.thereportzone.it\/index.php?rest_route=%2Fwp%2Fv2%2Fcomments&post=40272"}],"version-history":[{"count":1,"href":"https:\/\/www.thereportzone.it\/index.php?rest_route=\/wp\/v2\/posts\/40272\/revisions"}],"predecessor-version":[{"id":40274,"href":"https:\/\/www.thereportzone.it\/index.php?rest_route=\/wp\/v2\/posts\/40272\/revisions\/40274"}],"wp:featuredmedia":[{"embeddable":true,"href":"https:\/\/www.thereportzone.it\/index.php?rest_route=\/wp\/v2\/media\/40273"}],"wp:attachment":[{"href":"https:\/\/www.thereportzone.it\/index.php?rest_route=%2Fwp%2Fv2%2Fmedia&parent=40272"}],"wp:term":[{"taxonomy":"category","embeddable":true,"href":"https:\/\/www.thereportzone.it\/index.php?rest_route=%2Fwp%2Fv2%2Fcategories&post=40272"},{"taxonomy":"post_tag","embeddable":true,"href":"https:\/\/www.thereportzone.it\/index.php?rest_route=%2Fwp%2Fv2%2Ftags&post=40272"}],"curies":[{"name":"wp","href":"https:\/\/api.w.org\/{rel}","templated":true}]}}