{"id":40244,"date":"2023-11-22T15:27:12","date_gmt":"2023-11-22T14:27:12","guid":{"rendered":"https:\/\/thereportzone.it\/?p=40244"},"modified":"2023-11-22T15:27:18","modified_gmt":"2023-11-22T14:27:18","slug":"vogliamo-la-festa-viva-i-maestri-di-festa-limportanza-del-maestro-di-festa-nella-dinamica-della-festa-patronale-di-lauro-nel-1848","status":"publish","type":"post","link":"https:\/\/www.thereportzone.it\/?p=40244","title":{"rendered":"VOGLIAMO LA FESTA. VIVA I MAESTRI DI FESTA. L\u2019importanza del maestro di festa nella dinamica della festa patronale di Lauro nel 1848"},"content":{"rendered":"\n<div class=\"wp-block-columns is-layout-flex wp-container-core-columns-is-layout-1 wp-block-columns-is-layout-flex\">\n<div class=\"wp-block-column is-layout-flow wp-block-column-is-layout-flow\" style=\"flex-basis:100%\">\n<div class=\"wp-block-group is-layout-flow wp-block-group-is-layout-flow\">\n<figure class=\"wp-block-image aligncenter size-full\"><img fetchpriority=\"high\" decoding=\"async\" width=\"691\" height=\"338\" src=\"http:\/\/thereportzone.it\/wp-content\/uploads\/2022\/07\/nuova-st-justin.png\" alt=\"\" class=\"wp-image-36457\"\/><\/figure>\n<\/div>\n<\/div>\n<\/div>\n\n\n\n<figure class=\"wp-block-image aligncenter size-large\"><img decoding=\"async\" width=\"1024\" height=\"576\" src=\"https:\/\/thereportzone.it\/wp-content\/uploads\/2023\/08\/Family-1600x900-1-1024x576.jpg\" alt=\"\" class=\"wp-image-39481\" srcset=\"https:\/\/www.thereportzone.it\/wp-content\/uploads\/2023\/08\/Family-1600x900-1-1024x576.jpg 1024w, https:\/\/www.thereportzone.it\/wp-content\/uploads\/2023\/08\/Family-1600x900-1-300x169.jpg 300w, https:\/\/www.thereportzone.it\/wp-content\/uploads\/2023\/08\/Family-1600x900-1-768x432.jpg 768w, https:\/\/www.thereportzone.it\/wp-content\/uploads\/2023\/08\/Family-1600x900-1-1536x864.jpg 1536w, https:\/\/www.thereportzone.it\/wp-content\/uploads\/2023\/08\/Family-1600x900-1.jpg 1600w\" sizes=\"(max-width: 1024px) 100vw, 1024px\" \/><\/figure>\n\n\n\n<figure class=\"wp-block-image aligncenter size-full\"><img decoding=\"async\" width=\"700\" height=\"700\" src=\"http:\/\/thereportzone.it\/wp-content\/uploads\/2023\/03\/NUOVO-BANNER-NAVE.png\" alt=\"\" class=\"wp-image-38336\"\/><\/figure>\n\n\n\n<p class=\"has-text-align-center\"><strong>VOGLIAMO LA FESTA. VIVA I MAESTRI DI FESTA. L\u2019importanza del maestro di festa nella dinamica della festa patronale di Lauro nel 1848.<\/strong><strong><\/strong><\/p>\n\n\n\n<p>(<em>Articolo a cura di <strong>Fabrizio Marino<\/strong><\/em>) \u00c8 il 1848. In molte zone dell\u2019Europa scoppiano rivolte contro i regimi assolutisti e autoritari. Il 21 febbraio usciva il <em>Manifesto del Partito Comunista, <\/em>redatto da Friedrich Engels e Karl Marx, in cui si annunciava lo <em>spettro<\/em>&nbsp;del Comunismo ormai &nbsp;galoppante in tutte le neo industrie europee. La <em>primavera dei popoli<\/em>&nbsp;sostanzialmente cercava di ribaltare le gerarchie di potere, i cosiddetti governi della restaurazione, sostituendoli con Stati a trazione <em>liberale<\/em>&nbsp;con la conseguente promulgazione delle costituzioni. Ancora oggi nel gergo comune si usa il detto <em>\u00e8 successo un quarantotto<\/em>, proprio ad indicare lo stato di confusione &nbsp;che in quegli anni imperversava in tutta Europa.<\/p>\n\n\n\n<p>&nbsp;&nbsp;&nbsp;I moti rivoluzionari conobbero la scintilla che divamp\u00f2 in un fuoco rovente in Sicilia, durante il regno borbonico di Ferdinando II, grazie a piccole cellule carbonare; da quel 12 gennaio, le sommosse presero vita in tante altre zone dell\u2019Italia e non solo. Il motore di queste rivolte pu\u00f2 essere ricondotto alla nascente <em>carboneria, <\/em>composta per lo pi\u00f9 da piccole cellule estese in tutta Italia, che videro in Giuseppe Mazzini il grande mentore con la conseguente nascita della <em>Giovine Italia<\/em>.<\/p>\n\n\n\n<p>&nbsp;&nbsp;&nbsp;Al Sud e soprattutto nel napoletano, le cellule carbonare si riunirono sotto il nome di <em>Grande Societ\u00e0 dell\u2019Unione Italiana<\/em>. Tale toponimo non entr\u00f2 nel vocabolario pubblico, per questo gli affiliati si definirono sempre carbonari. Nello specifico, a Sessa Aurunca vi erano due cellule <em>carbonare: <\/em>una in casa di un tale di nome Russolillo, presso la farmacia De Mita, presieduta da Girolamo Frangente e &nbsp;un\u2019altra a Lauro, in una frazione del Comune stesso di Sessa. Questa cellula in particolare era presieduta da vari personaggi, di cui si ricordano i fratelli <em>Gramegna, <\/em>soprattutto Giacomo, che era uno dei capi delegazione. Gli incontri avvenivano in modo segreto nei pressi della chiesa di Santa Maria della Cava, l\u2019odierna Santa Maria in Grotta, quando un emissario della Giovine Italia, un certo maggiore Ventresca portava i giornali liberali e le notizie delle rivolte in tutta Italia. Egli si travestiva da aggiustatore di ombrelli, per camuffarsi dalla polizia borbonica, in modo tale da riuscire a portare i messaggi ai compagni cospiratori.<\/p>\n\n\n\n<p>&nbsp;&nbsp;&nbsp;Scoppi\u00f2 la rivoluzione liberale in Italia, ed anche a Lauro si ebbero dei moti che fallirono poco dopo. A causa di tale fallimento furono arrestati i vari cospiratori, finendo essi per essere condannati al carcere.<\/p>\n\n\n\n<p>&nbsp;&nbsp;&nbsp;La seconda domenica di maggio, nella piccola cittadina aurunca si festeggia oggi come allora la festivit\u00e0 della <em>Madonna dei Pozzi. <\/em>Nell\u2019anno dei moti del \u201948, la festa patronale era organizzata da Giacomo Gramegna, lo stesso che fu arrestato per le cospirazioni liberali e condotto nel carcere di Nola per circa sei mesi. All\u2019epoca il <em>Maestro di festa <\/em>era scelto dal capo urbano, una sorta di sindaco di quartiere, il quale aveva il compito di indicare la persona che per un anno intero si dedicasse all\u2019organizzazione totale della festa patronale. Il capo urbano in quel momento storico era Giuseppe Prete, il quale osservando il vuoto di potere lasciato da Giacomo Gramegna, chiese al fratello Paolo di assumere il compito di organizzare la festa, ma quest\u2019ultimo declin\u00f2 l\u2019invito perch\u00e9 a detta sua non era in grado di ricoprire il ruolo tanto delicato che aveva ricoperto il fratello.<\/p>\n\n\n\n<p>\u00a0\u00a0\u00a0Cos\u00ec in paese scoppi\u00f2 una rivolta nella rivolta, nel senso che ai moti liberali, si aggiunsero i moti dei lauresi, i quali scorgendo il vuoto di potere lasciato dal Gramegna chiedeva a gran voce il suo rilascio, ma soprattutto l\u2019organizzazione della festa gridando: <em>Vogliamo la festa. Viva i maestri di festa. <\/em>La situazione divenne a dir poco rovente, tanto che il capo urbano dovette riferire della situazione al Vescovo di allora Mons. Girardi, che fu eletto Vescovo proprio in quell\u2019anno. Il prelato, capita la situazione, dispose immediatamente il rilascio del Gramegna. Bast\u00f2 un suo cenno, forse un biglietto indirizzato al Generale Vial, comandante della Provincia di Caserta, che Giacomo Gramegna ritorn\u00f2 a Lauro, beneficiando del provvedimento di Vial e mettendo fine alle rivolte popolari in paese. La festa della Patrona pot\u00e8 essere cos\u00ec organizzata come sempre ed ognuno ritorn\u00f2 ai propri posti dopo mesi concitati di tumulti e tensioni per via\u2026della Madonna.<\/p>\n\n\n\n<p><em>*L\u2019articolo \u00e8 stato possibile grazie al testo di Pietro Giusti, cenni di cronistoria Sessana 1348-1868, arti grafiche \u2018la sociale\u2019, Caserta, 1928, pp 108-109.<\/em><\/p>\n\n\n\n<p><\/p>\n\n\n\n<p><\/p>\n\n\n\n<h2 class=\"wp-block-heading has-text-align-center\">TIENITI AGGIORNATO SULLE NOTIZIE DELLA CITTA&#8217;, CLICCA SUL LOGO QUI SOTTO E SEGUI LA PAGINA &#8220;QUESTO E&#8217; MONDRAGONE&#8221;<\/h2>\n\n\n\n<figure class=\"wp-block-image aligncenter size-large\"><a href=\"https:\/\/www.facebook.com\/QUESTOEMONDRAGONE\"><img loading=\"lazy\" decoding=\"async\" width=\"1024\" height=\"923\" src=\"https:\/\/thereportzone.it\/wp-content\/uploads\/2023\/06\/LOGO-QUESTO-E-MONDRAGONE-1024x923.jpg\" alt=\"\" class=\"wp-image-38777\" srcset=\"https:\/\/www.thereportzone.it\/wp-content\/uploads\/2023\/06\/LOGO-QUESTO-E-MONDRAGONE-1024x923.jpg 1024w, https:\/\/www.thereportzone.it\/wp-content\/uploads\/2023\/06\/LOGO-QUESTO-E-MONDRAGONE-300x271.jpg 300w, https:\/\/www.thereportzone.it\/wp-content\/uploads\/2023\/06\/LOGO-QUESTO-E-MONDRAGONE-768x693.jpg 768w, https:\/\/www.thereportzone.it\/wp-content\/uploads\/2023\/06\/LOGO-QUESTO-E-MONDRAGONE.jpg 1170w\" sizes=\"(max-width: 1024px) 100vw, 1024px\" \/><\/a><\/figure>\n","protected":false},"excerpt":{"rendered":"<p>VOGLIAMO LA FESTA. VIVA I MAESTRI DI FESTA. L\u2019importanza del maestro di festa nella dinamica della festa patronale<\/p>\n","protected":false},"author":2,"featured_media":40248,"comment_status":"closed","ping_status":"closed","sticky":false,"template":"","format":"image","meta":{"sfsi_plus_gutenberg_text_before_share":"","sfsi_plus_gutenberg_show_text_before_share":"","sfsi_plus_gutenberg_icon_type":"","sfsi_plus_gutenberg_icon_alignemt":"","sfsi_plus_gutenburg_max_per_row":"","footnotes":""},"categories":[8,10],"tags":[],"class_list":["post-40244","post","type-post","status-publish","format-image","has-post-thumbnail","hentry","category-cronaca","category-cultura","post_format-post-format-image"],"_links":{"self":[{"href":"https:\/\/www.thereportzone.it\/index.php?rest_route=\/wp\/v2\/posts\/40244"}],"collection":[{"href":"https:\/\/www.thereportzone.it\/index.php?rest_route=\/wp\/v2\/posts"}],"about":[{"href":"https:\/\/www.thereportzone.it\/index.php?rest_route=\/wp\/v2\/types\/post"}],"author":[{"embeddable":true,"href":"https:\/\/www.thereportzone.it\/index.php?rest_route=\/wp\/v2\/users\/2"}],"replies":[{"embeddable":true,"href":"https:\/\/www.thereportzone.it\/index.php?rest_route=%2Fwp%2Fv2%2Fcomments&post=40244"}],"version-history":[{"count":2,"href":"https:\/\/www.thereportzone.it\/index.php?rest_route=\/wp\/v2\/posts\/40244\/revisions"}],"predecessor-version":[{"id":40249,"href":"https:\/\/www.thereportzone.it\/index.php?rest_route=\/wp\/v2\/posts\/40244\/revisions\/40249"}],"wp:featuredmedia":[{"embeddable":true,"href":"https:\/\/www.thereportzone.it\/index.php?rest_route=\/wp\/v2\/media\/40248"}],"wp:attachment":[{"href":"https:\/\/www.thereportzone.it\/index.php?rest_route=%2Fwp%2Fv2%2Fmedia&parent=40244"}],"wp:term":[{"taxonomy":"category","embeddable":true,"href":"https:\/\/www.thereportzone.it\/index.php?rest_route=%2Fwp%2Fv2%2Fcategories&post=40244"},{"taxonomy":"post_tag","embeddable":true,"href":"https:\/\/www.thereportzone.it\/index.php?rest_route=%2Fwp%2Fv2%2Ftags&post=40244"}],"curies":[{"name":"wp","href":"https:\/\/api.w.org\/{rel}","templated":true}]}}