{"id":39580,"date":"2023-09-03T16:27:43","date_gmt":"2023-09-03T14:27:43","guid":{"rendered":"https:\/\/thereportzone.it\/?p=39580"},"modified":"2023-09-03T16:33:11","modified_gmt":"2023-09-03T14:33:11","slug":"esclusiva-il-generale-cortellessa-ricorda-dalla-chiesa-nellanniversario-della-sua-morte-forti-eventi-mi-legano-a-lui","status":"publish","type":"post","link":"https:\/\/www.thereportzone.it\/?p=39580","title":{"rendered":"ESCLUSIVA &#8211; Il Generale Cortellessa ricorda Dalla Chiesa nell\u2019anniversario della sua morte: \u201cForti eventi mi legano a lui\u201d"},"content":{"rendered":"\n<div class=\"wp-block-columns is-layout-flex wp-container-core-columns-is-layout-1 wp-block-columns-is-layout-flex\">\n<div class=\"wp-block-column is-layout-flow wp-block-column-is-layout-flow\" style=\"flex-basis:100%\">\n<div class=\"wp-block-group is-layout-flow wp-block-group-is-layout-flow\">\n<figure class=\"wp-block-image aligncenter size-full\"><img fetchpriority=\"high\" decoding=\"async\" width=\"691\" height=\"338\" src=\"http:\/\/thereportzone.it\/wp-content\/uploads\/2022\/07\/nuova-st-justin.png\" alt=\"\" class=\"wp-image-36457\"\/><\/figure>\n<\/div>\n<\/div>\n<\/div>\n\n\n\n<figure class=\"wp-block-image aligncenter size-large\"><img decoding=\"async\" width=\"1024\" height=\"576\" src=\"https:\/\/thereportzone.it\/wp-content\/uploads\/2023\/08\/Family-1600x900-1-1024x576.jpg\" alt=\"\" class=\"wp-image-39481\" srcset=\"https:\/\/www.thereportzone.it\/wp-content\/uploads\/2023\/08\/Family-1600x900-1-1024x576.jpg 1024w, https:\/\/www.thereportzone.it\/wp-content\/uploads\/2023\/08\/Family-1600x900-1-300x169.jpg 300w, https:\/\/www.thereportzone.it\/wp-content\/uploads\/2023\/08\/Family-1600x900-1-768x432.jpg 768w, https:\/\/www.thereportzone.it\/wp-content\/uploads\/2023\/08\/Family-1600x900-1-1536x864.jpg 1536w, https:\/\/www.thereportzone.it\/wp-content\/uploads\/2023\/08\/Family-1600x900-1.jpg 1600w\" sizes=\"(max-width: 1024px) 100vw, 1024px\" \/><\/figure>\n\n\n\n<figure class=\"wp-block-image aligncenter size-full\"><img decoding=\"async\" width=\"700\" height=\"700\" src=\"http:\/\/thereportzone.it\/wp-content\/uploads\/2023\/03\/NUOVO-BANNER-NAVE.png\" alt=\"\" class=\"wp-image-38336\"\/><\/figure>\n\n\n\n<figure class=\"wp-block-image size-full\"><img loading=\"lazy\" decoding=\"async\" width=\"998\" height=\"140\" src=\"http:\/\/thereportzone.it\/wp-content\/uploads\/2022\/07\/SodaPDF-converted-quattro-BUONO.jpg\" alt=\"\" class=\"wp-image-36456\"\/><\/figure>\n\n\n\n<p>L\u2019INTERVISTA ESCLUSIVA &#8211; Il Generale Cortellessa ricorda Dalla Chiesa nell\u2019anniversario della sua morte: \u201cForti eventi mi legano a lui\u201d<\/p>\n\n\n\n<p>Nel giorno dell\u2019anniversario della morte del Generale e Prefetto Carlo Alberto Dalla Chiesa, il Generale Luigi Cortellessa lo ricorda con parole profonde e sottolineando importanti eventi e coincidenze che lo legano a lui.<\/p>\n\n\n\n<p>Parole di memoria e vicinanza, ma anche e soprattutto un messaggio attuale e di profondo significato per ognuno di noi e per l\u2019operato che quotidianamente viene svolto dagli uomini dell\u2019Arma.<\/p>\n\n\n\n<p>\u201cSono un Ufficiale che appartiene alla generazione di confine fra chi ha conosciuto Dalla Chiesa e chi non l\u2019ha conosciuto. Nominato Sottotenente dei Carabinieri il Primo Settembre del 1982, subito dopo, il 3 Settembre, Carlo Alberto Dalla Chiesa fu ucciso. Una coincidenza che per me ha significato tanto e che conservo preziosamente in me in termini di motivazione e missione.<\/p>\n\n\n\n<p>Ho visto il Generale Dalla Chiesa per la prima volta tra il 1974 ed il 1975, quando era Generale di Brigata. Ero a Cesano di Roma, sede della Scuola di Fanteria, dove mio padre era Colonnello dell\u2019Esercito e sovrintendeva alla formazione degli Allievi Ufficiali di complemento.<\/p>\n\n\n\n<p>Il figlio Nando Dalla Chiesa era Allievo Ufficiale. Al giuramento del figlio, l\u2019allora Generale di Brigata Dalla Chiesa arriv\u00f2 sul piazzale della cerimonia. Tutto intorno si ferm\u00f2. Ricordo che aveva un cappotto di castorino e arriv\u00f2 al centro del piazzale. Tutti erano fermi ad ammirare la sua presenza, letteralmente catturati dal suo carisma.<\/p>\n\n\n\n<p>L\u2019ho visto poi da vicino il 30 aprile del 1981, quando ci fu la cerimonia per la rievocazione della Carica di Pastrengo. Lui presiedeva le cerimonia e sembrava una vera e propria figura mitologica.<\/p>\n\n\n\n<p>Rievocammo la carica di Pastrengo e poi ci port\u00f2 tutti a pranzo al Circolo Ufficiali a Verona e si prest\u00f2 a fare foto con tutti noi.<\/p>\n\n\n\n<p>Ricordo un uomo di un carisma che immobilizzava, pietrificava chi c\u2019era intorno. Un uomo brillante, e al contempo di mondo e romantico. Un uomo pieno di charme, di un fascino indiscutibile e dai tratti nobili.<\/p>\n\n\n\n<p>Quando arrivai alla Scuola Ufficiali, pochi giorni dopo l\u2019omicidio di Dalla Chiesa, il generale Gaetano Scolamiero, anch\u2019egli un grande uomo e grande Ufficiale, ci fece ascoltare la registrazione di un discorso che poche settimane prima il Generale Carlo Alberto aveva pronunciato all\u2019atto della nomina a Prefetto di Palermo.<\/p>\n\n\n\n<p>Disse: \u201cI soldati dell\u2019antica Roma avevano tre virt\u00f9: virtus, scientia rerum e felicitas. Ognuno di voi ha la virtus; siete qui oggi per la scientia rerum e alla fine del cammino ci sar\u00e0 ad attendervi la felicitas\u201d.<\/p>\n\n\n\n<p>Ribadisco che mi ritengo un uomo di confine fra chi ha conosciuto dal vivo il Generale Dalla Chiesa e chi non l\u2019ha conosciuto e porto vivi in me i valori e l\u2019insegnamento di quell\u2019epoca.<\/p>\n\n\n\n<p>Sono stato sulla sua tomba, a Parma, pochi giorni prima di ricevere l\u2019incarico da Commissario in Campania. Il mio ricordo \u00e8 di un uomo di indiscutibile carisma e cultura. Quando parlava a braccio, aveva toni e modulazioni di voce che lasciavano incantati. Riassumeva tutti i valori che un Ufficiale deve avere: resistenza, lotta alla mafia e al terrorismo. Ha rappresentato , senza dubbio, la storia dell\u2019Arma.<\/p>\n\n\n\n<p>Oggi, per qualche ulteriore strana coincidenza, mi trovo nello stesso luogo (in Campania) in cui quarantuno anni fa venni a conoscenza della sua morte. Una casualit\u00e0, per me, ancora una volta incredibile\u201d.<\/p>\n\n\n\n<ul class=\"wp-block-list\">\n<li>Abbiamo chiesto al Generale Cortellessa: Cosa ci ha lasciato il Generale Dalla Chiesa?<\/li>\n<\/ul>\n\n\n\n<p>\u201cCi ha lasciato un\u2019eredit\u00e0 immensa. Servizio incondizionato, fede, e soprattutto ci ha insegnato a distinguere gli uomini dai mezzi uomini e dagli ominicchi\u201d.<\/p>\n\n\n\n<ul class=\"wp-block-list\">\n<li>Altra sua caratteristica?<\/li>\n<\/ul>\n\n\n\n<p>Una eterna giovinezza. Nonostante l\u2019esperienza e la maturit\u00e0, emanava giovinezza. Con l\u2019entusiasmo del primo giorno portava avanti la sua missione, lo stesso spirito che guida me in questo nuovo incarico con la volont\u00e0 di un servizio incondizionato. Un uomo ed un Carabiniere di cui la Repubblica avverte oggi una forte necessit\u00e0 ed una struggente nostalgia.<\/p>\n\n\n\n<p>Chiudo ribadendo che la coincidenza fra la mia nomina a Sottotenente del Primo Settembre del 1982 e quella della morte del Generale Dalla Chiesa il 3 settembre dello stesso anno, me la sono portata dietro preziosamente per tutta la vita e continuo a portarla quotidianamente con me sotto forma di spirito di sacrificio e senso del dovere\u201d.<\/p>\n\n\n\n<p><\/p>\n\n\n\n<p><\/p>\n\n\n\n<h2 class=\"wp-block-heading has-text-align-center\">TIENITI AGGIORNATO SULLE NOTIZIE DELLA CITTA&#8217;, CLICCA SUL LOGO QUI SOTTO E SEGUI LA PAGINA &#8220;QUESTO E&#8217; MONDRAGONE&#8221;<\/h2>\n\n\n\n<figure class=\"wp-block-image aligncenter size-large\"><a href=\"https:\/\/www.facebook.com\/QUESTOEMONDRAGONE\"><img loading=\"lazy\" decoding=\"async\" width=\"1024\" height=\"923\" src=\"https:\/\/thereportzone.it\/wp-content\/uploads\/2023\/06\/LOGO-QUESTO-E-MONDRAGONE-1024x923.jpg\" alt=\"\" class=\"wp-image-38777\" srcset=\"https:\/\/www.thereportzone.it\/wp-content\/uploads\/2023\/06\/LOGO-QUESTO-E-MONDRAGONE-1024x923.jpg 1024w, https:\/\/www.thereportzone.it\/wp-content\/uploads\/2023\/06\/LOGO-QUESTO-E-MONDRAGONE-300x271.jpg 300w, https:\/\/www.thereportzone.it\/wp-content\/uploads\/2023\/06\/LOGO-QUESTO-E-MONDRAGONE-768x693.jpg 768w, https:\/\/www.thereportzone.it\/wp-content\/uploads\/2023\/06\/LOGO-QUESTO-E-MONDRAGONE.jpg 1170w\" sizes=\"(max-width: 1024px) 100vw, 1024px\" \/><\/a><\/figure>\n","protected":false},"excerpt":{"rendered":"<p>L\u2019INTERVISTA ESCLUSIVA &#8211; Il Generale Cortellessa ricorda Dalla Chiesa nell\u2019anniversario della sua morte: \u201cForti eventi mi legano a<\/p>\n","protected":false},"author":2,"featured_media":39581,"comment_status":"closed","ping_status":"closed","sticky":false,"template":"","format":"image","meta":{"sfsi_plus_gutenberg_text_before_share":"","sfsi_plus_gutenberg_show_text_before_share":"","sfsi_plus_gutenberg_icon_type":"","sfsi_plus_gutenberg_icon_alignemt":"","sfsi_plus_gutenburg_max_per_row":"","footnotes":""},"categories":[6,8,7],"tags":[],"class_list":["post-39580","post","type-post","status-publish","format-image","has-post-thumbnail","hentry","category-caserta","category-cronaca","category-napoli","post_format-post-format-image"],"_links":{"self":[{"href":"https:\/\/www.thereportzone.it\/index.php?rest_route=\/wp\/v2\/posts\/39580"}],"collection":[{"href":"https:\/\/www.thereportzone.it\/index.php?rest_route=\/wp\/v2\/posts"}],"about":[{"href":"https:\/\/www.thereportzone.it\/index.php?rest_route=\/wp\/v2\/types\/post"}],"author":[{"embeddable":true,"href":"https:\/\/www.thereportzone.it\/index.php?rest_route=\/wp\/v2\/users\/2"}],"replies":[{"embeddable":true,"href":"https:\/\/www.thereportzone.it\/index.php?rest_route=%2Fwp%2Fv2%2Fcomments&post=39580"}],"version-history":[{"count":2,"href":"https:\/\/www.thereportzone.it\/index.php?rest_route=\/wp\/v2\/posts\/39580\/revisions"}],"predecessor-version":[{"id":39584,"href":"https:\/\/www.thereportzone.it\/index.php?rest_route=\/wp\/v2\/posts\/39580\/revisions\/39584"}],"wp:featuredmedia":[{"embeddable":true,"href":"https:\/\/www.thereportzone.it\/index.php?rest_route=\/wp\/v2\/media\/39581"}],"wp:attachment":[{"href":"https:\/\/www.thereportzone.it\/index.php?rest_route=%2Fwp%2Fv2%2Fmedia&parent=39580"}],"wp:term":[{"taxonomy":"category","embeddable":true,"href":"https:\/\/www.thereportzone.it\/index.php?rest_route=%2Fwp%2Fv2%2Fcategories&post=39580"},{"taxonomy":"post_tag","embeddable":true,"href":"https:\/\/www.thereportzone.it\/index.php?rest_route=%2Fwp%2Fv2%2Ftags&post=39580"}],"curies":[{"name":"wp","href":"https:\/\/api.w.org\/{rel}","templated":true}]}}