{"id":3950,"date":"2015-12-09T20:18:28","date_gmt":"2015-12-09T20:18:28","guid":{"rendered":"http:\/\/www.thereportzone.it\/?p=3950"},"modified":"2015-12-09T20:18:28","modified_gmt":"2015-12-09T20:18:28","slug":"piedimonte-matese-natale-al-mucirama-comune-ed-associazioni-in-campo","status":"publish","type":"post","link":"https:\/\/www.thereportzone.it\/?p=3950","title":{"rendered":"Piedimonte Matese: &#8220;Natale al Mucirama&#8221;, taglio del nastro di Comune ed Associazioni"},"content":{"rendered":"<p><br \/>\n&nbsp;<br \/>\n<strong>9 Dicembre 2015 &#8211; Piedimonte Matese<\/strong>.\u00a0Al Museo Civico parte il \u201cNatale al Mucirama\u201d, promosso dall\u2019Associazione Am\u2019Arte con il patrocinio del Comune di Piedimonte Matese.\u00a0Taglio del nastro questa mattina per l\u2019apertura del programma natalizio promosso dall\u2019Associazione Am\u2019Arte in collaborazione con il Mucirama, il Museo Civico Raffaele Marrocco di Piedimonte Matese e il patrocinio del Comune di Piedimonte. Proprio all\u2019interno del complesso di San Tommaso d\u2019Aquino che ospita il Museo, il sindaco Vincenzo Cappello e la sua Giunta, assieme al direttore scientifico del Mucirama Raffaella Martino e il presidente di Am\u2019Arte Roberta Castorina, hanno dato inizio ufficialmente al cartellone di eventi preparati per tutto il periodo delle festivit\u00e0 del Natale, che avranno quale location gli spazi suggestivi del luogo.\u00a0Ad essere aperta stamattina \u00e8 stata la Mostra Presepiale che quest\u2019anno tocca gi\u00e0 la sua seconda edizione: una raccolta di presepi realizzati da appassionati e artigiani locali, esposti nel chiostro maggiore del complesso storico dove la visita ai lavori si accompagna piacevolmente alle bellezze artistiche custodite dalle antiche volte. L\u2019accesso alla visita, cos\u00ec come anche l\u2019opportunit\u00e0 di votare il presepe preferito, sar\u00e0 aperto al pubblico fino al 6 gennaio. Ma la mattinata si \u00e8 distinta anche per la partecipazione degli alunni del liceo \u201cGalileo Galilei\u201d, protagonisti del concerto \u201cIncanto di Natale\u201d.\u00a0Al Mucirama sar\u00e0 quindi un susseguirsi di eventi e appuntamenti culturali nei prossimi giorni, fino al 16 gennaio 2016, con spettacoli musicali, convegni di approfondimento, come quello sull\u2019Osservatorio di S. Maria Occorrevole e la meteorologia in Italia Meridionale; ma anche presentazioni di libri, tra cui \u201cPatrimonio al futuro\u201d, del Presidente del Consiglio Superiore dei Beni Culturali del Mibact Giuliano Volpe.\u00a0\u201cUn bel programma di eventi da non perdere \u2013 commenta il sindaco Vincenzo Cappello \u2013 per il quale un grazie va in particolare ai ragazzi dell\u2019Associazione Am\u2019Arte, che con passione e dedizione si occupano non soltanto di garantire una presenza fissa nel Museo, per offrire accoglienza e guida ai visitatori, ma si fanno anche promotori di belle iniziative come queste che arricchiscono l\u2019offerta culturale della nostra citt\u00e0\u201d.<\/p>\n","protected":false},"excerpt":{"rendered":"<p>&nbsp; 9 Dicembre 2015 &#8211; Piedimonte Matese.\u00a0Al Museo Civico parte il \u201cNatale al Mucirama\u201d, promosso dall\u2019Associazione Am\u2019Arte con<\/p>\n","protected":false},"author":2,"featured_media":3951,"comment_status":"closed","ping_status":"closed","sticky":false,"template":"","format":"standard","meta":{"sfsi_plus_gutenberg_text_before_share":"","sfsi_plus_gutenberg_show_text_before_share":"","sfsi_plus_gutenberg_icon_type":"","sfsi_plus_gutenberg_icon_alignemt":"","sfsi_plus_gutenburg_max_per_row":"","footnotes":""},"categories":[37,9],"tags":[4141,4142,974,4143],"class_list":["post-3950","post","type-post","status-publish","format-standard","has-post-thumbnail","hentry","category-notizie-locali","category-politica","tag-comune-piedimonte-matese","tag-natale-a-mucirama","tag-piedimonte-matese","tag-sindaco-vincenzo-cappello"],"_links":{"self":[{"href":"https:\/\/www.thereportzone.it\/index.php?rest_route=\/wp\/v2\/posts\/3950"}],"collection":[{"href":"https:\/\/www.thereportzone.it\/index.php?rest_route=\/wp\/v2\/posts"}],"about":[{"href":"https:\/\/www.thereportzone.it\/index.php?rest_route=\/wp\/v2\/types\/post"}],"author":[{"embeddable":true,"href":"https:\/\/www.thereportzone.it\/index.php?rest_route=\/wp\/v2\/users\/2"}],"replies":[{"embeddable":true,"href":"https:\/\/www.thereportzone.it\/index.php?rest_route=%2Fwp%2Fv2%2Fcomments&post=3950"}],"version-history":[{"count":0,"href":"https:\/\/www.thereportzone.it\/index.php?rest_route=\/wp\/v2\/posts\/3950\/revisions"}],"wp:featuredmedia":[{"embeddable":true,"href":"https:\/\/www.thereportzone.it\/index.php?rest_route=\/"}],"wp:attachment":[{"href":"https:\/\/www.thereportzone.it\/index.php?rest_route=%2Fwp%2Fv2%2Fmedia&parent=3950"}],"wp:term":[{"taxonomy":"category","embeddable":true,"href":"https:\/\/www.thereportzone.it\/index.php?rest_route=%2Fwp%2Fv2%2Fcategories&post=3950"},{"taxonomy":"post_tag","embeddable":true,"href":"https:\/\/www.thereportzone.it\/index.php?rest_route=%2Fwp%2Fv2%2Ftags&post=3950"}],"curies":[{"name":"wp","href":"https:\/\/api.w.org\/{rel}","templated":true}]}}