{"id":39408,"date":"2023-08-10T08:01:18","date_gmt":"2023-08-10T06:01:18","guid":{"rendered":"https:\/\/thereportzone.it\/?p=39408"},"modified":"2023-08-10T08:01:24","modified_gmt":"2023-08-10T06:01:24","slug":"falciano-tutto-pronto-per-la-festa-di-san-rocco-bel-programma-organizzato-dal-comitato-festeggiamenti","status":"publish","type":"post","link":"https:\/\/www.thereportzone.it\/?p=39408","title":{"rendered":"FALCIANO &#8211; Tutto pronto per la Festa di San Rocco, bel programma organizzato dal comitato festeggiamenti"},"content":{"rendered":"\n<div class=\"wp-block-columns is-layout-flex wp-container-core-columns-is-layout-1 wp-block-columns-is-layout-flex\">\n<div class=\"wp-block-column is-layout-flow wp-block-column-is-layout-flow\" style=\"flex-basis:100%\">\n<div class=\"wp-block-group is-layout-flow wp-block-group-is-layout-flow\">\n<figure class=\"wp-block-image aligncenter size-full\"><img fetchpriority=\"high\" decoding=\"async\" width=\"691\" height=\"338\" src=\"http:\/\/thereportzone.it\/wp-content\/uploads\/2022\/07\/nuova-st-justin.png\" alt=\"\" class=\"wp-image-36457\"\/><\/figure>\n<\/div>\n<\/div>\n<\/div>\n\n\n\n<figure class=\"wp-block-image aligncenter size-full\"><img decoding=\"async\" width=\"700\" height=\"700\" src=\"http:\/\/thereportzone.it\/wp-content\/uploads\/2023\/03\/NUOVO-BANNER-NAVE.png\" alt=\"\" class=\"wp-image-38336\"\/><\/figure>\n\n\n\n<figure class=\"wp-block-image size-full\"><img decoding=\"async\" width=\"998\" height=\"140\" src=\"http:\/\/thereportzone.it\/wp-content\/uploads\/2022\/07\/SodaPDF-converted-quattro-BUONO.jpg\" alt=\"\" class=\"wp-image-36456\"\/><\/figure>\n\n\n\n<p><\/p>\n\n\n\n<p><\/p>\n\n\n\n<p>Tutto pronto per la Festa di San Rocco che, come ogni anno, inizier\u00e0 il 15 Agosto e si protrarr\u00e0 fino al 18. Nutrito il programma dei festeggiamenti, dove emerge l&#8217;ottimo lavoro portato avanti dal comitato festeggiamenti. <\/p>\n\n\n\n<p><\/p>\n\n\n\n<p>Sono molte le celebrazioni e le solennit\u00e0 in onore del Santo. Allo stesso tempo, diversi i momenti di svago e divertimento con musica e rappresentazioni artistiche. In tal senso, a partire dal giorno di Ferragosto ci sar\u00e0, in Piazza Limata, lo spettacolo musicale a cura di &#8220;FERRAGHOST&#8221;. il 16 agosto, c&#8217;\u00e8 attesa per il concerto bandistico del COMPLESSO BANDISTICO CITTA&#8217; DI GRAVINA. Il 17 agosto, invece, si esibir\u00e0 una band molto nota su tutto il territorio e che da sempre chiama a se una moltitudine di giovani, I BEVITRI LONGEVI. In chiusura, nel giorno del 18 agosto, il concerto finale vedr\u00e0 l&#8217;esibizione di SILVIA MEZZANOTTE che, nell&#8217;ambito del suo tour estivo far\u00e0 tappa proprio a Falciano del Massico.<\/p>\n\n\n\n<p><\/p>\n\n\n\n<p>Un momento da sempre molto sentito e che rappresenta il momento in cui, in paese, si vive il momento pi\u00f9 alto della stagione estiva, anche per via dei molti cittadini che, stando fuori, rientrano per le vacanze estive. Il plauso va al comitato festeggiamenti, al lavoro da tempo per redigere il programma e tutti i dettagli che vi proponiamo di seguito. <\/p>\n\n\n\n<figure class=\"wp-block-image aligncenter size-large\"><img loading=\"lazy\" decoding=\"async\" width=\"768\" height=\"1024\" src=\"https:\/\/thereportzone.it\/wp-content\/uploads\/2023\/08\/43ca0d7a-a92f-4e54-8208-c1aaa8e5300b-768x1024.jpg\" alt=\"\" class=\"wp-image-39410\" srcset=\"https:\/\/www.thereportzone.it\/wp-content\/uploads\/2023\/08\/43ca0d7a-a92f-4e54-8208-c1aaa8e5300b-768x1024.jpg 768w, https:\/\/www.thereportzone.it\/wp-content\/uploads\/2023\/08\/43ca0d7a-a92f-4e54-8208-c1aaa8e5300b-225x300.jpg 225w, https:\/\/www.thereportzone.it\/wp-content\/uploads\/2023\/08\/43ca0d7a-a92f-4e54-8208-c1aaa8e5300b-1152x1536.jpg 1152w, https:\/\/www.thereportzone.it\/wp-content\/uploads\/2023\/08\/43ca0d7a-a92f-4e54-8208-c1aaa8e5300b-1024x1365.jpg 1024w, https:\/\/www.thereportzone.it\/wp-content\/uploads\/2023\/08\/43ca0d7a-a92f-4e54-8208-c1aaa8e5300b.jpg 1536w\" sizes=\"(max-width: 768px) 100vw, 768px\" \/><\/figure>\n\n\n\n<figure class=\"wp-block-image size-full\"><img loading=\"lazy\" decoding=\"async\" width=\"953\" height=\"779\" src=\"https:\/\/thereportzone.it\/wp-content\/uploads\/2023\/08\/1bf26176-c802-464e-8485-a7425165ab46.jpg\" alt=\"\" class=\"wp-image-39409\" srcset=\"https:\/\/www.thereportzone.it\/wp-content\/uploads\/2023\/08\/1bf26176-c802-464e-8485-a7425165ab46.jpg 953w, https:\/\/www.thereportzone.it\/wp-content\/uploads\/2023\/08\/1bf26176-c802-464e-8485-a7425165ab46-300x245.jpg 300w, https:\/\/www.thereportzone.it\/wp-content\/uploads\/2023\/08\/1bf26176-c802-464e-8485-a7425165ab46-768x628.jpg 768w\" sizes=\"(max-width: 953px) 100vw, 953px\" \/><\/figure>\n\n\n\n<p><\/p>\n\n\n\n<h2 class=\"wp-block-heading has-text-align-center\">TIENITI AGGIORNATO SULLE NOTIZIE DELLA CITTA&#8217;, CLICCA SUL LOGO QUI SOTTO E SEGUI LA PAGINA &#8220;QUESTO E&#8217; MONDRAGONE&#8221;<\/h2>\n\n\n\n<figure class=\"wp-block-image aligncenter size-large\"><a href=\"https:\/\/www.facebook.com\/QUESTOEMONDRAGONE\"><img loading=\"lazy\" decoding=\"async\" width=\"1024\" height=\"923\" src=\"https:\/\/thereportzone.it\/wp-content\/uploads\/2023\/06\/LOGO-QUESTO-E-MONDRAGONE-1024x923.jpg\" alt=\"\" class=\"wp-image-38777\" srcset=\"https:\/\/www.thereportzone.it\/wp-content\/uploads\/2023\/06\/LOGO-QUESTO-E-MONDRAGONE-1024x923.jpg 1024w, https:\/\/www.thereportzone.it\/wp-content\/uploads\/2023\/06\/LOGO-QUESTO-E-MONDRAGONE-300x271.jpg 300w, https:\/\/www.thereportzone.it\/wp-content\/uploads\/2023\/06\/LOGO-QUESTO-E-MONDRAGONE-768x693.jpg 768w, https:\/\/www.thereportzone.it\/wp-content\/uploads\/2023\/06\/LOGO-QUESTO-E-MONDRAGONE.jpg 1170w\" sizes=\"(max-width: 1024px) 100vw, 1024px\" \/><\/a><\/figure>\n","protected":false},"excerpt":{"rendered":"<p>Tutto pronto per la Festa di San Rocco che, come ogni anno, inizier\u00e0 il 15 Agosto e si<\/p>\n","protected":false},"author":2,"featured_media":39409,"comment_status":"closed","ping_status":"closed","sticky":false,"template":"","format":"image","meta":{"sfsi_plus_gutenberg_text_before_share":"","sfsi_plus_gutenberg_show_text_before_share":"","sfsi_plus_gutenberg_icon_type":"","sfsi_plus_gutenberg_icon_alignemt":"","sfsi_plus_gutenburg_max_per_row":"","footnotes":""},"categories":[8,4],"tags":[],"class_list":["post-39408","post","type-post","status-publish","format-image","has-post-thumbnail","hentry","category-cronaca","category-falciano","post_format-post-format-image"],"_links":{"self":[{"href":"https:\/\/www.thereportzone.it\/index.php?rest_route=\/wp\/v2\/posts\/39408"}],"collection":[{"href":"https:\/\/www.thereportzone.it\/index.php?rest_route=\/wp\/v2\/posts"}],"about":[{"href":"https:\/\/www.thereportzone.it\/index.php?rest_route=\/wp\/v2\/types\/post"}],"author":[{"embeddable":true,"href":"https:\/\/www.thereportzone.it\/index.php?rest_route=\/wp\/v2\/users\/2"}],"replies":[{"embeddable":true,"href":"https:\/\/www.thereportzone.it\/index.php?rest_route=%2Fwp%2Fv2%2Fcomments&post=39408"}],"version-history":[{"count":1,"href":"https:\/\/www.thereportzone.it\/index.php?rest_route=\/wp\/v2\/posts\/39408\/revisions"}],"predecessor-version":[{"id":39411,"href":"https:\/\/www.thereportzone.it\/index.php?rest_route=\/wp\/v2\/posts\/39408\/revisions\/39411"}],"wp:featuredmedia":[{"embeddable":true,"href":"https:\/\/www.thereportzone.it\/index.php?rest_route=\/wp\/v2\/media\/39409"}],"wp:attachment":[{"href":"https:\/\/www.thereportzone.it\/index.php?rest_route=%2Fwp%2Fv2%2Fmedia&parent=39408"}],"wp:term":[{"taxonomy":"category","embeddable":true,"href":"https:\/\/www.thereportzone.it\/index.php?rest_route=%2Fwp%2Fv2%2Fcategories&post=39408"},{"taxonomy":"post_tag","embeddable":true,"href":"https:\/\/www.thereportzone.it\/index.php?rest_route=%2Fwp%2Fv2%2Ftags&post=39408"}],"curies":[{"name":"wp","href":"https:\/\/api.w.org\/{rel}","templated":true}]}}