{"id":39318,"date":"2023-08-01T09:28:54","date_gmt":"2023-08-01T07:28:54","guid":{"rendered":"https:\/\/thereportzone.it\/?p=39318"},"modified":"2023-08-01T09:29:11","modified_gmt":"2023-08-01T07:29:11","slug":"carinola-lamministrazione-riesce-ad-approvare-il-bilancio-pienamente-esecutivo-ad-un-solo-anno-dal-dissesto-le-dichiarazioni-della-sindaca-di-biasio-e-dellassessore-mannillo","status":"publish","type":"post","link":"https:\/\/www.thereportzone.it\/?p=39318","title":{"rendered":"CARINOLA &#8211; L&#8217;Amministrazione riesce ad approvare il Bilancio pienamente esecutivo ad un solo anno dal dissesto: le dichiarazioni della sindaca Di Biasio e dell&#8217;Assessore Mannillo"},"content":{"rendered":"\n<div class=\"wp-block-columns is-layout-flex wp-container-core-columns-is-layout-1 wp-block-columns-is-layout-flex\">\n<div class=\"wp-block-column is-layout-flow wp-block-column-is-layout-flow\" style=\"flex-basis:100%\">\n<div class=\"wp-block-group is-layout-flow wp-block-group-is-layout-flow\">\n<figure class=\"wp-block-image aligncenter size-full\"><img fetchpriority=\"high\" decoding=\"async\" width=\"691\" height=\"338\" src=\"http:\/\/thereportzone.it\/wp-content\/uploads\/2022\/07\/nuova-st-justin.png\" alt=\"\" class=\"wp-image-36457\"\/><\/figure>\n<\/div>\n<\/div>\n<\/div>\n\n\n\n<figure class=\"wp-block-image aligncenter size-full\"><img decoding=\"async\" width=\"700\" height=\"700\" src=\"http:\/\/thereportzone.it\/wp-content\/uploads\/2023\/03\/NUOVO-BANNER-NAVE.png\" alt=\"\" class=\"wp-image-38336\"\/><\/figure>\n\n\n\n<figure class=\"wp-block-image size-full\"><img decoding=\"async\" width=\"998\" height=\"140\" src=\"http:\/\/thereportzone.it\/wp-content\/uploads\/2022\/07\/SodaPDF-converted-quattro-BUONO.jpg\" alt=\"\" class=\"wp-image-36456\"\/><\/figure>\n\n\n\n<p><\/p>\n\n\n\n<p><\/p>\n\n\n\n<figure class=\"wp-block-image aligncenter size-full\"><img loading=\"lazy\" decoding=\"async\" width=\"750\" height=\"353\" src=\"https:\/\/thereportzone.it\/wp-content\/uploads\/2023\/08\/copertina-mann-di-biasio.jpg\" alt=\"\" class=\"wp-image-39319\" srcset=\"https:\/\/www.thereportzone.it\/wp-content\/uploads\/2023\/08\/copertina-mann-di-biasio.jpg 750w, https:\/\/www.thereportzone.it\/wp-content\/uploads\/2023\/08\/copertina-mann-di-biasio-300x141.jpg 300w\" sizes=\"(max-width: 750px) 100vw, 750px\" \/><\/figure>\n\n\n\n<p><\/p>\n\n\n\n<p>Nell&#8217;ultimo consiglio comunale di Carinola, lo scorso 25 luglio alle ore 19.00, si \u00e8 preso atto dell\u2019approvazione da parte del Ministero dell\u2019Interno del Bilancio stabilmente riequilibrato cos\u00ec come approvato da questo Consiglio gi\u00e0 nel mese di Marzo. <\/p>\n\n\n\n<p><\/p>\n\n\n\n<p>Un grande risultato che giunge a seguito di duro lavoro. In altre parole si approva, finalmente, il primo bilancio preventivo di questa amministrazione, che, a conti fatti, continua a intervenire efficacemente e e cerca di programmare il futuro dell\u2019intero Comune. <\/p>\n\n\n\n<p><\/p>\n\n\n\n<p>Sembrerebbe che il Ministero dell\u2019Interno abbia ritenuto ineccepibile il lavoro dell\u2019Amministrazione, dell\u2019Assessorato e dell\u2019Ufficio preposto, limitandosi alle prescrizioni gi\u00e0 dovute per legge. Carinola, dunque, si pone come uno dei pochi comuni in dissesto a riuscire ad approvare un bilancio pienamente esecutivo gi\u00e0 dopo un anno.<\/p>\n\n\n\n<p><\/p>\n\n\n\n<p><\/p>\n\n\n\n<p>A tal proposito, la Sindaca Giuseppina Di Biasio, ha detto: \u201cLa soddisfazione ovviamente \u00e8 enorme: il Ministero ha apprezzato nei fatti l\u2019impegno profuso da tutti noi negli importanti obiettivi programmatici che ci siamo prefissati. Credo possa essere un segnale di estrema importanza a dimostrare l\u2019efficienza e la visione della nostra Amministrazione. Il risultato \u00e8 fondamentale per gli sviluppi di governi dei prossimi mesi e anni. Ora \u00e8 necessario andare avanti con il nostro programma di riforme, frutto della sinergia di tutto il gruppo di maggioranza. Risanare il bilancio di Carinola sembrava impossibile, ma questo dimostra che determinazione e impegno portano sempre alla meta.\u201d<\/p>\n\n\n\n<p><\/p>\n\n\n\n<p><\/p>\n\n\n\n<p>Anche l\u2019Assessore Salvatore Mannillo, con deleghe al Bilancio, Finanze, Tributi, Patrimonio, \u00e8 intervenuto: \u201cDal punto di vista tecnico, l\u2019ipotesi di bilancio che abbiamo presentato al Ministero dell\u2019Interno si \u00e8 dimostrata ineccepibile. E\u2019 stata premiata una visione d\u2019insieme pi\u00f9 efficace del singolo e limitato indirizzo di risanamento. Adesso c\u2019\u00e8 la priorit\u00e0 delle riforme: prima di tutto, credo, del sistema delle entrate. E\u2019 uno dei punti di forza del nostro \u2018sistema bilancio\u2019. Ma dietro c\u2019\u00e8 un lavoro immenso, una vera convergenza d\u2019intenti attorno a dei punti fissi. La scommessa \u00e8 la sostenibilit\u00e0 di un riequilibrio finanziario in uno scenario politico nazionale poco favorevole agli Enti Locali. Insieme a questo, la priorit\u00e0 \u00e8 la tutela delle fasce pi\u00f9 deboli, la crescita del territorio nell\u2019aiuto alle imprese, la vivibilit\u00e0 per tutte le generazioni. E\u2019 la vittoria della politica, la democratica possibilit\u00e0 di cambiare in meglio le cose.<\/p>\n\n\n\n<p><\/p>\n\n\n\n<p><\/p>\n\n\n\n<h2 class=\"wp-block-heading has-text-align-center\">TIENITI AGGIORNATO SULLE NOTIZIE DELLA CITTA&#8217;, CLICCA SUL LOGO QUI SOTTO E SEGUI LA PAGINA &#8220;QUESTO E&#8217; MONDRAGONE&#8221;<\/h2>\n\n\n\n<figure class=\"wp-block-image aligncenter size-large\"><a href=\"https:\/\/www.facebook.com\/QUESTOEMONDRAGONE\"><img loading=\"lazy\" decoding=\"async\" width=\"1024\" height=\"923\" src=\"https:\/\/thereportzone.it\/wp-content\/uploads\/2023\/06\/LOGO-QUESTO-E-MONDRAGONE-1024x923.jpg\" alt=\"\" class=\"wp-image-38777\" srcset=\"https:\/\/www.thereportzone.it\/wp-content\/uploads\/2023\/06\/LOGO-QUESTO-E-MONDRAGONE-1024x923.jpg 1024w, https:\/\/www.thereportzone.it\/wp-content\/uploads\/2023\/06\/LOGO-QUESTO-E-MONDRAGONE-300x271.jpg 300w, https:\/\/www.thereportzone.it\/wp-content\/uploads\/2023\/06\/LOGO-QUESTO-E-MONDRAGONE-768x693.jpg 768w, https:\/\/www.thereportzone.it\/wp-content\/uploads\/2023\/06\/LOGO-QUESTO-E-MONDRAGONE.jpg 1170w\" sizes=\"(max-width: 1024px) 100vw, 1024px\" \/><\/a><\/figure>\n","protected":false},"excerpt":{"rendered":"<p>Nell&#8217;ultimo consiglio comunale di Carinola, lo scorso 25 luglio alle ore 19.00, si \u00e8 preso atto dell\u2019approvazione da<\/p>\n","protected":false},"author":2,"featured_media":39319,"comment_status":"closed","ping_status":"closed","sticky":false,"template":"","format":"image","meta":{"sfsi_plus_gutenberg_text_before_share":"","sfsi_plus_gutenberg_show_text_before_share":"","sfsi_plus_gutenberg_icon_type":"","sfsi_plus_gutenberg_icon_alignemt":"","sfsi_plus_gutenburg_max_per_row":"","footnotes":""},"categories":[2973,8,9],"tags":[],"class_list":["post-39318","post","type-post","status-publish","format-image","has-post-thumbnail","hentry","category-carinola","category-cronaca","category-politica","post_format-post-format-image"],"_links":{"self":[{"href":"https:\/\/www.thereportzone.it\/index.php?rest_route=\/wp\/v2\/posts\/39318"}],"collection":[{"href":"https:\/\/www.thereportzone.it\/index.php?rest_route=\/wp\/v2\/posts"}],"about":[{"href":"https:\/\/www.thereportzone.it\/index.php?rest_route=\/wp\/v2\/types\/post"}],"author":[{"embeddable":true,"href":"https:\/\/www.thereportzone.it\/index.php?rest_route=\/wp\/v2\/users\/2"}],"replies":[{"embeddable":true,"href":"https:\/\/www.thereportzone.it\/index.php?rest_route=%2Fwp%2Fv2%2Fcomments&post=39318"}],"version-history":[{"count":1,"href":"https:\/\/www.thereportzone.it\/index.php?rest_route=\/wp\/v2\/posts\/39318\/revisions"}],"predecessor-version":[{"id":39320,"href":"https:\/\/www.thereportzone.it\/index.php?rest_route=\/wp\/v2\/posts\/39318\/revisions\/39320"}],"wp:featuredmedia":[{"embeddable":true,"href":"https:\/\/www.thereportzone.it\/index.php?rest_route=\/wp\/v2\/media\/39319"}],"wp:attachment":[{"href":"https:\/\/www.thereportzone.it\/index.php?rest_route=%2Fwp%2Fv2%2Fmedia&parent=39318"}],"wp:term":[{"taxonomy":"category","embeddable":true,"href":"https:\/\/www.thereportzone.it\/index.php?rest_route=%2Fwp%2Fv2%2Fcategories&post=39318"},{"taxonomy":"post_tag","embeddable":true,"href":"https:\/\/www.thereportzone.it\/index.php?rest_route=%2Fwp%2Fv2%2Ftags&post=39318"}],"curies":[{"name":"wp","href":"https:\/\/api.w.org\/{rel}","templated":true}]}}