{"id":39256,"date":"2023-07-25T15:07:15","date_gmt":"2023-07-25T13:07:15","guid":{"rendered":"https:\/\/thereportzone.it\/?p=39256"},"modified":"2023-07-25T15:07:20","modified_gmt":"2023-07-25T13:07:20","slug":"buona-vita-festival-a-maiano-di-sessa-venerdi-lapertura-con-don-luigi-ciotti-e-flavio-insinna","status":"publish","type":"post","link":"https:\/\/www.thereportzone.it\/?p=39256","title":{"rendered":"&#8220;Buona Vita Festival&#8221; a Maiano di Sessa, venerd\u00ec l&#8217;apertura con Don Luigi Ciotti e Flavio Insinna"},"content":{"rendered":"\n<div class=\"wp-block-columns is-layout-flex wp-container-core-columns-is-layout-1 wp-block-columns-is-layout-flex\">\n<div class=\"wp-block-column is-layout-flow wp-block-column-is-layout-flow\" style=\"flex-basis:100%\">\n<div class=\"wp-block-group is-layout-flow wp-block-group-is-layout-flow\">\n<figure class=\"wp-block-image aligncenter size-full\"><img fetchpriority=\"high\" decoding=\"async\" width=\"691\" height=\"338\" src=\"http:\/\/thereportzone.it\/wp-content\/uploads\/2022\/07\/nuova-st-justin.png\" alt=\"\" class=\"wp-image-36457\"\/><\/figure>\n<\/div>\n<\/div>\n<\/div>\n\n\n\n<figure class=\"wp-block-image aligncenter size-full\"><img decoding=\"async\" width=\"700\" height=\"700\" src=\"http:\/\/thereportzone.it\/wp-content\/uploads\/2023\/03\/NUOVO-BANNER-NAVE.png\" alt=\"\" class=\"wp-image-38336\"\/><\/figure>\n\n\n\n<figure class=\"wp-block-image size-full\"><img decoding=\"async\" width=\"998\" height=\"140\" src=\"http:\/\/thereportzone.it\/wp-content\/uploads\/2022\/07\/SodaPDF-converted-quattro-BUONO.jpg\" alt=\"\" class=\"wp-image-36456\"\/><\/figure>\n\n\n\n<p><\/p>\n\n\n\n<p>Maiano di Sessa Aurunca, marted\u00ec 25 luglio 2023. Si terr\u00e0 da venerd\u00ec 27 luglio a Domenica 29 luglio la prima edizione del \u201cBuona Vita Festival&#8221;, organizzato dalla cooperativa sociale \u201cAl di l\u00e0 dei Sogni\u201d, a cura di Simmaco Perillo, negli spazi bene confiscato &#8220;Alberto Varone&#8221; a Maiano di Sessa Aurunca (CE).<\/p>\n\n\n\n<p>Il Festival avr\u00e0 ad oggetto &#8220;Esempi, pratiche e confronto di buone vite che hanno vissuto e vivono il giusto tempo: kairos.&#8221;<\/p>\n\n\n\n<p>All&#8217;inaugurazione del Festival sar\u00e0 presente il parroco Don Luigi Ciotti, mentre tra gli ospiti della Kermesse ci saranno il conduttore televisivo Flavio Insinna, lo scrittore Sergio Nazzaro per la presentazione del documentario &#8220;Black Mafia&#8221;, il regista di Blob di RAI 3 Fabio Masi e diverse personalit\u00e0 del mondo sociale e culturale italiano.<\/p>\n\n\n\n<p>Ecco il programma completo:<\/p>\n\n\n\n<p>PROGRAMMA \u201cBuona Vita Festival\u201d<\/p>\n\n\n\n<p>I Edizione<\/p>\n\n\n\n<p>27-29 luglio 2023<\/p>\n\n\n\n<p>27 LUGLIO<\/p>\n\n\n\n<p>Ore 11.00<\/p>\n\n\n\n<p>Apertura del \u201cBuona Vita Festival\u201d con Don Luigi Ciotti, presentazione del libro \u201cC\u2019\u00e8 bisogno di te, per costruire un mondo pi\u00f9 bello e pi\u00f9 giusto\u201d.&nbsp;<\/p>\n\n\n\n<p>Ore 18.00<\/p>\n\n\n\n<p>Buona Vita Festival e Revolution Camp<\/p>\n\n\n\n<p>Kairos, il giusto tempo<\/p>\n\n\n\n<p>Ospiti: Flavio Insinna conduttore televisivo (in grande) con Gaetano Paesano coop. sociale \u201cAl di l\u00e0 dei Sogni\u201d, Simmaco Perillo presidente coop. sociale \u201cAl di l\u00e0 dei Sogni\u201d.<\/p>\n\n\n\n<p>Ore 21.30<\/p>\n\n\n\n<p>Documentario \u201cBlack Mafia\u201d regia di Romano Montesarchio con la presenza di Sergio Nazzaro giornalista e scrittore.<\/p>\n\n\n\n<p>28 LUGLIO<\/p>\n\n\n\n<p>Ore 10.30<\/p>\n\n\n\n<p>Kairos \u201cAsare\u201d<\/p>\n\n\n\n<p>Migrazione, storie, vittorie: Fabio Chiappello responsabile Area Immigrazione della cooperativa sociale \u201cArmonia\u201d di Saluzzo (CN), Marina Rubino coordinatrice progetti Piano Terra ETS Castel Volturno, Massimo Antonelli Presidente dell\u2019 Associazione&nbsp; Tam Tam Basket di Castel Volturno.<\/p>\n\n\n\n<p>Modera:&nbsp; Tina Cioffo, giornalista<\/p>\n\n\n\n<p>Ore 17.30<\/p>\n\n\n\n<p>Kairos \u201cAlberto Varone\u201d<\/p>\n\n\n\n<p>La dignit\u00e0 delle buone vite: Angelina Landa e Massimiliano Noviello, familiari di vittime innocenti della criminalit\u00e0 organizzata, dialogano con il prof. Filippo Ianniello.<\/p>\n\n\n\n<p>Ore 22.00<\/p>\n\n\n\n<p>Talk di Eugenio Cesaro con Fabio Masi regista di \u201cBlob\u201d Rai3<\/p>\n\n\n\n<p>Concerto dei Vandarko<\/p>\n\n\n\n<p>29 LUGLIO<\/p>\n\n\n\n<p>Ore 10.30<\/p>\n\n\n\n<p>Kairos \u201cFederico al suono di una foglia\u201d<\/p>\n\n\n\n<p>Cuori matti da slegare: Angelo Righetti psichiatra, Antonio Esposito ricercatore, Stefano D\u2019Offizi medico psichiatra Centro Salute Mentale di Gorizia.<\/p>\n\n\n\n<p>Ore 17.30<\/p>\n\n\n\n<p>Kairos \u201cJerry Essan Masslo\u201d &nbsp;<\/p>\n\n\n\n<p>Il lavoro, lo sfruttamento, gli sfruttati: Leonardo Palmisano scrittore, Marco Omizzolo sociologo, Jean Ren\u00e8 Bilongo FLAI CGIL Coordinatore osservatorio \u201cPlacido Rizzotto. Modera Francesco Donnici giornalista de \u201cLa Via Libera\u201d.<\/p>\n\n\n\n<p>Ore 21.00<\/p>\n\n\n\n<p>Concerto dei Descargalab<\/p>\n\n\n\n<figure class=\"wp-block-image size-large\"><img loading=\"lazy\" decoding=\"async\" width=\"724\" height=\"1024\" src=\"https:\/\/thereportzone.it\/wp-content\/uploads\/2023\/07\/14efc705-07d5-4964-ab9c-3850a726321b-724x1024.jpeg\" alt=\"\" class=\"wp-image-39259\" srcset=\"https:\/\/www.thereportzone.it\/wp-content\/uploads\/2023\/07\/14efc705-07d5-4964-ab9c-3850a726321b-724x1024.jpeg 724w, https:\/\/www.thereportzone.it\/wp-content\/uploads\/2023\/07\/14efc705-07d5-4964-ab9c-3850a726321b-212x300.jpeg 212w, https:\/\/www.thereportzone.it\/wp-content\/uploads\/2023\/07\/14efc705-07d5-4964-ab9c-3850a726321b-768x1086.jpeg 768w, https:\/\/www.thereportzone.it\/wp-content\/uploads\/2023\/07\/14efc705-07d5-4964-ab9c-3850a726321b.jpeg 842w\" sizes=\"(max-width: 724px) 100vw, 724px\" \/><\/figure>\n\n\n\n<p><\/p>\n\n\n\n<figure class=\"wp-block-image size-large\"><img loading=\"lazy\" decoding=\"async\" width=\"724\" height=\"1024\" src=\"https:\/\/thereportzone.it\/wp-content\/uploads\/2023\/07\/c45e1ba0-a68c-4bc7-8a6d-189e59b20404-724x1024.jpeg\" alt=\"\" class=\"wp-image-39258\" srcset=\"https:\/\/www.thereportzone.it\/wp-content\/uploads\/2023\/07\/c45e1ba0-a68c-4bc7-8a6d-189e59b20404-724x1024.jpeg 724w, https:\/\/www.thereportzone.it\/wp-content\/uploads\/2023\/07\/c45e1ba0-a68c-4bc7-8a6d-189e59b20404-212x300.jpeg 212w, https:\/\/www.thereportzone.it\/wp-content\/uploads\/2023\/07\/c45e1ba0-a68c-4bc7-8a6d-189e59b20404-768x1086.jpeg 768w, https:\/\/www.thereportzone.it\/wp-content\/uploads\/2023\/07\/c45e1ba0-a68c-4bc7-8a6d-189e59b20404.jpeg 842w\" sizes=\"(max-width: 724px) 100vw, 724px\" \/><\/figure>\n\n\n\n<p><\/p>\n\n\n\n<h2 class=\"wp-block-heading has-text-align-center\">TIENITI AGGIORNATO SULLE NOTIZIE DELLA CITTA&#8217;, CLICCA SUL LOGO QUI SOTTO E SEGUI LA PAGINA &#8220;QUESTO E&#8217; MONDRAGONE&#8221;<\/h2>\n\n\n\n<figure class=\"wp-block-image aligncenter size-large\"><a href=\"https:\/\/www.facebook.com\/QUESTOEMONDRAGONE\"><img loading=\"lazy\" decoding=\"async\" width=\"1024\" height=\"923\" src=\"https:\/\/thereportzone.it\/wp-content\/uploads\/2023\/06\/LOGO-QUESTO-E-MONDRAGONE-1024x923.jpg\" alt=\"\" class=\"wp-image-38777\" srcset=\"https:\/\/www.thereportzone.it\/wp-content\/uploads\/2023\/06\/LOGO-QUESTO-E-MONDRAGONE-1024x923.jpg 1024w, https:\/\/www.thereportzone.it\/wp-content\/uploads\/2023\/06\/LOGO-QUESTO-E-MONDRAGONE-300x271.jpg 300w, https:\/\/www.thereportzone.it\/wp-content\/uploads\/2023\/06\/LOGO-QUESTO-E-MONDRAGONE-768x693.jpg 768w, https:\/\/www.thereportzone.it\/wp-content\/uploads\/2023\/06\/LOGO-QUESTO-E-MONDRAGONE.jpg 1170w\" sizes=\"(max-width: 1024px) 100vw, 1024px\" \/><\/a><\/figure>\n","protected":false},"excerpt":{"rendered":"<p>Maiano di Sessa Aurunca, marted\u00ec 25 luglio 2023. Si terr\u00e0 da venerd\u00ec 27 luglio a Domenica 29 luglio<\/p>\n","protected":false},"author":2,"featured_media":39257,"comment_status":"closed","ping_status":"closed","sticky":false,"template":"","format":"image","meta":{"sfsi_plus_gutenberg_text_before_share":"","sfsi_plus_gutenberg_show_text_before_share":"","sfsi_plus_gutenberg_icon_type":"","sfsi_plus_gutenberg_icon_alignemt":"","sfsi_plus_gutenburg_max_per_row":"","footnotes":""},"categories":[8],"tags":[],"class_list":["post-39256","post","type-post","status-publish","format-image","has-post-thumbnail","hentry","category-cronaca","post_format-post-format-image"],"_links":{"self":[{"href":"https:\/\/www.thereportzone.it\/index.php?rest_route=\/wp\/v2\/posts\/39256"}],"collection":[{"href":"https:\/\/www.thereportzone.it\/index.php?rest_route=\/wp\/v2\/posts"}],"about":[{"href":"https:\/\/www.thereportzone.it\/index.php?rest_route=\/wp\/v2\/types\/post"}],"author":[{"embeddable":true,"href":"https:\/\/www.thereportzone.it\/index.php?rest_route=\/wp\/v2\/users\/2"}],"replies":[{"embeddable":true,"href":"https:\/\/www.thereportzone.it\/index.php?rest_route=%2Fwp%2Fv2%2Fcomments&post=39256"}],"version-history":[{"count":1,"href":"https:\/\/www.thereportzone.it\/index.php?rest_route=\/wp\/v2\/posts\/39256\/revisions"}],"predecessor-version":[{"id":39260,"href":"https:\/\/www.thereportzone.it\/index.php?rest_route=\/wp\/v2\/posts\/39256\/revisions\/39260"}],"wp:featuredmedia":[{"embeddable":true,"href":"https:\/\/www.thereportzone.it\/index.php?rest_route=\/wp\/v2\/media\/39257"}],"wp:attachment":[{"href":"https:\/\/www.thereportzone.it\/index.php?rest_route=%2Fwp%2Fv2%2Fmedia&parent=39256"}],"wp:term":[{"taxonomy":"category","embeddable":true,"href":"https:\/\/www.thereportzone.it\/index.php?rest_route=%2Fwp%2Fv2%2Fcategories&post=39256"},{"taxonomy":"post_tag","embeddable":true,"href":"https:\/\/www.thereportzone.it\/index.php?rest_route=%2Fwp%2Fv2%2Ftags&post=39256"}],"curies":[{"name":"wp","href":"https:\/\/api.w.org\/{rel}","templated":true}]}}