{"id":39047,"date":"2023-07-01T11:10:37","date_gmt":"2023-07-01T09:10:37","guid":{"rendered":"https:\/\/thereportzone.it\/?p=39047"},"modified":"2023-07-01T11:10:58","modified_gmt":"2023-07-01T09:10:58","slug":"falciano-festa-scudetto-napoli-il-comitato-organizzatore-da-appuntamento-al-prossimo-trionfo","status":"publish","type":"post","link":"https:\/\/www.thereportzone.it\/?p=39047","title":{"rendered":"FALCIANO &#8211; Festa scudetto Napoli: il comitato organizzatore d\u00e0 appuntamento al prossimo trionfo"},"content":{"rendered":"\n<div class=\"wp-block-columns is-layout-flex wp-container-core-columns-is-layout-1 wp-block-columns-is-layout-flex\">\n<div class=\"wp-block-column is-layout-flow wp-block-column-is-layout-flow\" style=\"flex-basis:100%\">\n<div class=\"wp-block-group is-layout-flow wp-block-group-is-layout-flow\">\n<figure class=\"wp-block-image aligncenter size-full\"><img fetchpriority=\"high\" decoding=\"async\" width=\"691\" height=\"338\" src=\"http:\/\/thereportzone.it\/wp-content\/uploads\/2022\/07\/nuova-st-justin.png\" alt=\"\" class=\"wp-image-36457\"\/><\/figure>\n<\/div>\n<\/div>\n<\/div>\n\n\n\n<figure class=\"wp-block-image aligncenter size-full\"><img decoding=\"async\" width=\"700\" height=\"700\" src=\"http:\/\/thereportzone.it\/wp-content\/uploads\/2023\/03\/NUOVO-BANNER-NAVE.png\" alt=\"\" class=\"wp-image-38336\"\/><\/figure>\n\n\n\n<figure class=\"wp-block-image size-full\"><img decoding=\"async\" width=\"998\" height=\"140\" src=\"http:\/\/thereportzone.it\/wp-content\/uploads\/2022\/07\/SodaPDF-converted-quattro-BUONO.jpg\" alt=\"\" class=\"wp-image-36456\"\/><\/figure>\n\n\n\n<p>(<em>Editoriale a cura di <strong>Lello Santoro<\/strong><\/em>) &#8211; Dedica particolare\u00a0al super ed insostituibile Emilios\u00a0<\/p>\n\n\n\n<p><\/p>\n\n\n\n<p>Una cena all&#8217;Agriturismo Grancelsa a Casanova per ritrovarsi in allegria : questo quanto \u00e8 avvenuto venerd\u00ec da parte del comitato terzo scudetto. <\/p>\n\n\n\n<p><\/p>\n\n\n\n<p>Ad allietare la serata l&#8217;ormai famosissimo cabarettista locale Emilios. Per le \u00a0pochissime persone che non lo conoscono all&#8217;anagrafe \u00e8 Emilio Verrillo falcianese doc, tifoso del Napoli al di l\u00e0 del risultato. Una splendida serata in grande armonia nello splendido scenario della struttura menzionata dinanzi. L&#8217;augurio \u00e8 che anche per il prossimo anno si possa gioire con una nuova \u00a0cavalcata vincente cos\u00ec come accaduto nella stagione calcistica che si \u00e8 conclusa qualche settimana fa. Il 5 luglio verr\u00e0 svelato il calendario per il campionato 2023 &#8211; 24. <\/p>\n\n\n\n<p>A guidare i campioni d&#8217;Italia sar\u00e0 Rudi Garcia. Al trainer transalpino l&#8217;onore di far proseguire ai nostri amati colori azzurri un percorso pieno di emozioni e sensazioni bellissime. Nel prossimo editoriale comincer\u00f2 a dare qualche eventuale considerazione sui nuovi acquisti.\u00a0<\/p>\n\n\n\n<p>Tuttavia non \u00e8 mia intenzione fare pronostici o criticare. Si valuteranno i risultati sul campo. Non dimentichiamo quanto accaduto l&#8217;estate scorsa. Ben vengano dunque gli scetticismi e altre teorie che mirano a destabilizzare l&#8217;ambiente. Chiss\u00e0 potrebbe accadere quello che nessuno si aspettava&#8230;.\u00a0Non voglio dilungarmi oltre.<\/p>\n\n\n\n<p><\/p>\n\n\n\n<p><\/p>\n\n\n\n<h2 class=\"wp-block-heading has-text-align-center\">TIENITI AGGIORNATO SULLE NOTIZIE DELLA CITTA&#8217;, CLICCA SUL LOGO QUI SOTTO E SEGUI LA PAGINA &#8220;QUESTO E&#8217; MONDRAGONE&#8221;<\/h2>\n\n\n\n<figure class=\"wp-block-image aligncenter size-large\"><a href=\"https:\/\/www.facebook.com\/QUESTOEMONDRAGONE\"><img loading=\"lazy\" decoding=\"async\" width=\"1024\" height=\"923\" src=\"https:\/\/thereportzone.it\/wp-content\/uploads\/2023\/06\/LOGO-QUESTO-E-MONDRAGONE-1024x923.jpg\" alt=\"\" class=\"wp-image-38777\" srcset=\"https:\/\/www.thereportzone.it\/wp-content\/uploads\/2023\/06\/LOGO-QUESTO-E-MONDRAGONE-1024x923.jpg 1024w, https:\/\/www.thereportzone.it\/wp-content\/uploads\/2023\/06\/LOGO-QUESTO-E-MONDRAGONE-300x271.jpg 300w, https:\/\/www.thereportzone.it\/wp-content\/uploads\/2023\/06\/LOGO-QUESTO-E-MONDRAGONE-768x693.jpg 768w, https:\/\/www.thereportzone.it\/wp-content\/uploads\/2023\/06\/LOGO-QUESTO-E-MONDRAGONE.jpg 1170w\" sizes=\"(max-width: 1024px) 100vw, 1024px\" \/><\/a><\/figure>\n","protected":false},"excerpt":{"rendered":"<p>(Editoriale a cura di Lello Santoro) &#8211; Dedica particolare\u00a0al super ed insostituibile Emilios\u00a0 Una cena all&#8217;Agriturismo Grancelsa a<\/p>\n","protected":false},"author":2,"featured_media":39048,"comment_status":"closed","ping_status":"closed","sticky":false,"template":"","format":"image","meta":{"sfsi_plus_gutenberg_text_before_share":"","sfsi_plus_gutenberg_show_text_before_share":"","sfsi_plus_gutenberg_icon_type":"","sfsi_plus_gutenberg_icon_alignemt":"","sfsi_plus_gutenburg_max_per_row":"","footnotes":""},"categories":[8,4],"tags":[],"class_list":["post-39047","post","type-post","status-publish","format-image","has-post-thumbnail","hentry","category-cronaca","category-falciano","post_format-post-format-image"],"_links":{"self":[{"href":"https:\/\/www.thereportzone.it\/index.php?rest_route=\/wp\/v2\/posts\/39047"}],"collection":[{"href":"https:\/\/www.thereportzone.it\/index.php?rest_route=\/wp\/v2\/posts"}],"about":[{"href":"https:\/\/www.thereportzone.it\/index.php?rest_route=\/wp\/v2\/types\/post"}],"author":[{"embeddable":true,"href":"https:\/\/www.thereportzone.it\/index.php?rest_route=\/wp\/v2\/users\/2"}],"replies":[{"embeddable":true,"href":"https:\/\/www.thereportzone.it\/index.php?rest_route=%2Fwp%2Fv2%2Fcomments&post=39047"}],"version-history":[{"count":1,"href":"https:\/\/www.thereportzone.it\/index.php?rest_route=\/wp\/v2\/posts\/39047\/revisions"}],"predecessor-version":[{"id":39049,"href":"https:\/\/www.thereportzone.it\/index.php?rest_route=\/wp\/v2\/posts\/39047\/revisions\/39049"}],"wp:featuredmedia":[{"embeddable":true,"href":"https:\/\/www.thereportzone.it\/index.php?rest_route=\/wp\/v2\/media\/39048"}],"wp:attachment":[{"href":"https:\/\/www.thereportzone.it\/index.php?rest_route=%2Fwp%2Fv2%2Fmedia&parent=39047"}],"wp:term":[{"taxonomy":"category","embeddable":true,"href":"https:\/\/www.thereportzone.it\/index.php?rest_route=%2Fwp%2Fv2%2Fcategories&post=39047"},{"taxonomy":"post_tag","embeddable":true,"href":"https:\/\/www.thereportzone.it\/index.php?rest_route=%2Fwp%2Fv2%2Ftags&post=39047"}],"curies":[{"name":"wp","href":"https:\/\/api.w.org\/{rel}","templated":true}]}}