{"id":38716,"date":"2023-05-24T12:14:04","date_gmt":"2023-05-24T10:14:04","guid":{"rendered":"http:\/\/thereportzone.it\/?p=38716"},"modified":"2023-05-24T12:14:15","modified_gmt":"2023-05-24T10:14:15","slug":"falciano-grande-partecipazione-e-coinvolgimento-per-la-giornata-della-legalita","status":"publish","type":"post","link":"https:\/\/www.thereportzone.it\/?p=38716","title":{"rendered":"FALCIANO &#8211; Grande partecipazione e coinvolgimento per la Giornata della Legalit\u00e0"},"content":{"rendered":"\n<div class=\"wp-block-columns is-layout-flex wp-container-core-columns-is-layout-1 wp-block-columns-is-layout-flex\">\n<div class=\"wp-block-column is-layout-flow wp-block-column-is-layout-flow\" style=\"flex-basis:100%\">\n<div class=\"wp-block-group is-layout-flow wp-block-group-is-layout-flow\">\n<figure class=\"wp-block-image aligncenter size-full\"><img fetchpriority=\"high\" decoding=\"async\" width=\"691\" height=\"338\" src=\"http:\/\/thereportzone.it\/wp-content\/uploads\/2022\/07\/nuova-st-justin.png\" alt=\"\" class=\"wp-image-36457\"\/><\/figure>\n<\/div>\n<\/div>\n<\/div>\n\n\n\n<figure class=\"wp-block-image aligncenter size-full\"><img decoding=\"async\" width=\"700\" height=\"700\" src=\"http:\/\/thereportzone.it\/wp-content\/uploads\/2023\/03\/NUOVO-BANNER-NAVE.png\" alt=\"\" class=\"wp-image-38336\"\/><\/figure>\n\n\n\n<figure class=\"wp-block-image size-full\"><img decoding=\"async\" width=\"998\" height=\"140\" src=\"http:\/\/thereportzone.it\/wp-content\/uploads\/2022\/07\/SodaPDF-converted-quattro-BUONO.jpg\" alt=\"\" class=\"wp-image-36456\"\/><\/figure>\n\n\n\n<p>Si \u00e8 svolta ieri presso la Scuola Media di via Tiglio, in Falciano del Massico, la &#8220;Giornata della Legalit\u00e0 e lotta a tutte le mafie&#8221;.<\/p>\n\n\n\n<p>Un momento importante attraverso gli alunni hanno potuto raccogliere ed ascoltare importanti testimonianze. <\/p>\n\n\n\n<p>Presenti l&#8217;On. Susanna Camusso, la Segretaria Generale CGIL Caserta Sonia Oliviero, il Referente Provinciale di &#8220;Libera&#8221; Fabio De Gemmis, il Sindaco Erasmo Fava e della Dirigente Scolastica Giuseppina Zannini. Emozionante, sentita e profonda la testimonianza di <a href=\"https:\/\/www.facebook.com\/luigi.leonardi.3?__cft__[0]=AZW01lb1_BXoNm5v7aMVfxLl_HGY9IxuffRNArbE8WxTQeW2KuYfKN5fbKd9B0dpDXlkXCnTDG3IK9lTvUv3EByPF51wdyNhysysZ7iHi7WtaNRweaP9KCIpTasXA7LYo0o&amp;__tn__=-]K-R\">Luigi Leonardi<\/a> che ha raccontato la sua incredibile storia.<\/p>\n\n\n\n<p><\/p>\n\n\n\n<p><\/p>\n\n\n\n<figure class=\"wp-block-image aligncenter size-full\"><img loading=\"lazy\" decoding=\"async\" width=\"1080\" height=\"1080\" src=\"http:\/\/thereportzone.it\/wp-content\/uploads\/2023\/01\/PIZZA-ALLA-BRACE-NUOVA.png\" alt=\"\" class=\"wp-image-37916\"\/><\/figure>\n\n\n\n<p>&#8220;La legalit\u00e0 e la lotta alle mafie sono valori imprescindibili e fondamentali per tutti, ancor pi\u00f9 per i pi\u00f9 giovani&#8221; -esordisce cos\u00ec il sindaco Ing. Giovanni Erasmo Fava che poi continua. &#8220;Come spesso ribadiamo, come amministrazione, \u00e8 che l&#8217;osservanza nei confronti di determinate tematiche va tenuta sempre attiva e presente anche oltre le giornate di ricorrenza e questo \u00e8 ci\u00f2 che proviamo a fare quotidianamente&#8221;. <\/p>\n\n\n\n<p>&#8220;Abbiamo affrontato ed approfondito il tema della legalit\u00e0 &#8211; ha detto il consigliere Francesco Palazzo che ha avuto la funzione di moderatore dell&#8217;evento &#8211; con interventi densi di contenuti e valore. E&#8217; stato consegnato un prezioso messaggio ai nostri ragazzi e a quanti erano presenti sull&#8217;importanza della legalit\u00e0 e del contrasto alle ingiustizie&#8221;, frutto delle esperienze maturate nel corso degli anni a sostegno dei lavoratori e al fianco dei pi\u00f9 deboli.&#8221;. <\/p>\n\n\n\n<p>Hanno partecipato all&#8217;evento anche il Sindaco di Carinola, Giuseppina Di Biasio, i rappresentanti della Polizia di Stato del Commissariato di Sessa Aurunca e della Compagnia Guardia di Finanza di Mondragone. <\/p>\n\n\n\n<p><\/p>\n\n\n\n<figure class=\"wp-block-image aligncenter size-full\"><img loading=\"lazy\" decoding=\"async\" width=\"979\" height=\"422\" src=\"http:\/\/thereportzone.it\/wp-content\/uploads\/2023\/05\/lega-2.jpg\" alt=\"\" class=\"wp-image-38717\" srcset=\"https:\/\/www.thereportzone.it\/wp-content\/uploads\/2023\/05\/lega-2.jpg 979w, https:\/\/www.thereportzone.it\/wp-content\/uploads\/2023\/05\/lega-2-300x129.jpg 300w, https:\/\/www.thereportzone.it\/wp-content\/uploads\/2023\/05\/lega-2-768x331.jpg 768w\" sizes=\"(max-width: 979px) 100vw, 979px\" \/><\/figure>\n","protected":false},"excerpt":{"rendered":"<p>Si \u00e8 svolta ieri presso la Scuola Media di via Tiglio, in Falciano del Massico, la &#8220;Giornata della<\/p>\n","protected":false},"author":2,"featured_media":38718,"comment_status":"closed","ping_status":"closed","sticky":false,"template":"","format":"image","meta":{"sfsi_plus_gutenberg_text_before_share":"","sfsi_plus_gutenberg_show_text_before_share":"","sfsi_plus_gutenberg_icon_type":"","sfsi_plus_gutenberg_icon_alignemt":"","sfsi_plus_gutenburg_max_per_row":"","footnotes":""},"categories":[8,4,9],"tags":[],"class_list":["post-38716","post","type-post","status-publish","format-image","has-post-thumbnail","hentry","category-cronaca","category-falciano","category-politica","post_format-post-format-image"],"_links":{"self":[{"href":"https:\/\/www.thereportzone.it\/index.php?rest_route=\/wp\/v2\/posts\/38716"}],"collection":[{"href":"https:\/\/www.thereportzone.it\/index.php?rest_route=\/wp\/v2\/posts"}],"about":[{"href":"https:\/\/www.thereportzone.it\/index.php?rest_route=\/wp\/v2\/types\/post"}],"author":[{"embeddable":true,"href":"https:\/\/www.thereportzone.it\/index.php?rest_route=\/wp\/v2\/users\/2"}],"replies":[{"embeddable":true,"href":"https:\/\/www.thereportzone.it\/index.php?rest_route=%2Fwp%2Fv2%2Fcomments&post=38716"}],"version-history":[{"count":1,"href":"https:\/\/www.thereportzone.it\/index.php?rest_route=\/wp\/v2\/posts\/38716\/revisions"}],"predecessor-version":[{"id":38719,"href":"https:\/\/www.thereportzone.it\/index.php?rest_route=\/wp\/v2\/posts\/38716\/revisions\/38719"}],"wp:featuredmedia":[{"embeddable":true,"href":"https:\/\/www.thereportzone.it\/index.php?rest_route=\/wp\/v2\/media\/38718"}],"wp:attachment":[{"href":"https:\/\/www.thereportzone.it\/index.php?rest_route=%2Fwp%2Fv2%2Fmedia&parent=38716"}],"wp:term":[{"taxonomy":"category","embeddable":true,"href":"https:\/\/www.thereportzone.it\/index.php?rest_route=%2Fwp%2Fv2%2Fcategories&post=38716"},{"taxonomy":"post_tag","embeddable":true,"href":"https:\/\/www.thereportzone.it\/index.php?rest_route=%2Fwp%2Fv2%2Ftags&post=38716"}],"curies":[{"name":"wp","href":"https:\/\/api.w.org\/{rel}","templated":true}]}}