{"id":38701,"date":"2023-05-22T14:40:19","date_gmt":"2023-05-22T12:40:19","guid":{"rendered":"http:\/\/thereportzone.it\/?p=38701"},"modified":"2023-05-22T14:40:24","modified_gmt":"2023-05-22T12:40:24","slug":"sessa-premio-legalita-cittadinanza-pari-opportunita-io-sono-italia-domani-la-grande-manifestazione-al-cinema-corso","status":"publish","type":"post","link":"https:\/\/www.thereportzone.it\/?p=38701","title":{"rendered":"SESSA &#8211; Premio Legalit\u00e0 Cittadinanza Pari Opportunit\u00e0 &#8220;IO SONO ITALIA&#8221;, domani la grande manifestazione al Cinema Corso"},"content":{"rendered":"\n<div class=\"wp-block-columns is-layout-flex wp-container-core-columns-is-layout-1 wp-block-columns-is-layout-flex\">\n<div class=\"wp-block-column is-layout-flow wp-block-column-is-layout-flow\" style=\"flex-basis:100%\">\n<div class=\"wp-block-group is-layout-flow wp-block-group-is-layout-flow\">\n<figure class=\"wp-block-image aligncenter size-full\"><img fetchpriority=\"high\" decoding=\"async\" width=\"691\" height=\"338\" src=\"http:\/\/thereportzone.it\/wp-content\/uploads\/2022\/07\/nuova-st-justin.png\" alt=\"\" class=\"wp-image-36457\"\/><\/figure>\n<\/div>\n<\/div>\n<\/div>\n\n\n\n<figure class=\"wp-block-image aligncenter size-full\"><img decoding=\"async\" width=\"700\" height=\"700\" src=\"http:\/\/thereportzone.it\/wp-content\/uploads\/2023\/03\/NUOVO-BANNER-NAVE.png\" alt=\"\" class=\"wp-image-38336\"\/><\/figure>\n\n\n\n<figure class=\"wp-block-image size-full\"><img decoding=\"async\" width=\"998\" height=\"140\" src=\"http:\/\/thereportzone.it\/wp-content\/uploads\/2022\/07\/SodaPDF-converted-quattro-BUONO.jpg\" alt=\"\" class=\"wp-image-36456\"\/><\/figure>\n\n\n\n<p>Si terr\u00e0 il 23 maggio 2023 al Cinema Corso di Sessa Aurunca la premiazione dell\u2019I.S.I.S.S. \u201cTaddeo da Sessa\u201d da parte della Associazione Donne Giuriste Italiane sezione di Caserta da parte della Presidente Avv. Anna Di Mauro. Si tratta del Premio Legalit\u00e0 Cittadinanza Pari Opportunit\u00e0 &lt;&lt;IO SONO ITALIA>> che sar\u00e0 consegnato al Dirigente Prof. Maurizio Taddeo in occasione del convegno \u201cDal conflitto al confronto. Violenza di genere e tra pari. La sfida educativa nel mondo giuridico\u201d proprio perch\u00e9 il Taddeo si \u00e8 contraddistinto per i lavori che gli studenti e le studentesse hanno svolto sulla tematica. <\/p>\n\n\n\n<p><\/p>\n\n\n\n<p>Le classi seconde dell\u2019Istituto hanno organizzato un progetto-concorso nazionale Lex-Go \u2013 Educare e formare alla legalit\u00e0 e ai valori della giustizia allo scopo di promuovere il pieno sviluppo della persona e dei diritti di cittadinanza dal titolo \u201cFranc\u2026esco consapevole\u201d. Il progetto \u00e8 stato curato dalle docenti Francesca Bagni e Silvana Salerno. <\/p>\n\n\n\n<p><\/p>\n\n\n\n<p><\/p>\n\n\n\n<figure class=\"wp-block-image aligncenter size-full\"><img loading=\"lazy\" decoding=\"async\" width=\"1080\" height=\"1080\" src=\"http:\/\/thereportzone.it\/wp-content\/uploads\/2023\/01\/PIZZA-ALLA-BRACE-NUOVA.png\" alt=\"\" class=\"wp-image-37916\"\/><\/figure>\n\n\n\n<p>L\u2019evento formativo relativo al progetto organizzato dall\u2019Associazione Nazionale Magistrati in collaborazione con il Miur \u00e8 stato realizzato dai formatori Valentina Gallo, giudice per le indagini preliminari del Tribunale di Napoli e da Giuseppina Cupolino, Avvocata del Foro di Santa Maria C.V., mediatrice penale e didatta in mediazione scolastica, referente Organismo di Mediazione Crisi in Sessa Aurunca. <\/p>\n\n\n\n<p><\/p>\n\n\n\n<p>Inoltre, il Sindaco di Sessa Aurunca Dott. Lorenzo Di iorio e l\u2019Assessorato alle Politiche Sociali e Pari Opportunit\u00e0&nbsp; del Comune di Sessa Aurunca, nella persona della Prof.ssa Sabrina Izzo, l\u20198 marzo 2023 hanno organizzato per la Giornata Internazionale delle Donne l\u2019evento&nbsp; \u201cI diritti negati nei confronti delle donne e delle bambine in Iran e Afganistan\u201d presso la Biblioteca Comunale \u201cGaius Lucilius\u201d in Piazza Castello per testimoniare solidariet\u00e0 e vicinanza alle donne Afgane e Iraniane: i ragazzi e le ragazze del Taddeo hanno partecipato con vari lavori; forte la testimonianza dell\u2019attivista per i diritti delle donne iraniane Sediqa Mushtaq. <\/p>\n\n\n\n<p><\/p>\n\n\n\n<p>A suggellare l\u2019evento \u201cil taglio della ciocca\u201d di tutte le donne compresa l\u2019Assessora Prof.ssa Sabrina Izzo. Le classi del Taddeo che hanno lavorato al progetto dell\u20198 marzo 2023 sono: 5 A SUM \u2013 5 B SUES \u2013 5 B LIN \u2013 5 C LIN + 4 A SUM \u2013 4 B SUES \u2013 4 C LIN \u2013 4 A LIN. Il progetto \u00e8 stato curato dalle Prof.sse Mara Di Spirito e Floriana Frezza e dal Prof. Carmine Scialdone. Al Convegno del 23 maggio 2023 relazioner\u00e0 il Dott. Adelchi Berlucchi, Psicologo Psicoterapeuta, Responsabile Sportello Ascolto al Taddeo e la D.ssa Filomena Librace Psicologa Psicoterapeuta \u201cSportello Rosa\u201d del Comune di Sessa Aurunca.<\/p>\n\n\n\n<p><\/p>\n\n\n\n<figure class=\"wp-block-image aligncenter size-large\"><img loading=\"lazy\" decoding=\"async\" width=\"716\" height=\"1024\" src=\"http:\/\/thereportzone.it\/wp-content\/uploads\/2023\/05\/evento-legalita-sessa-aurunca-716x1024.jpg\" alt=\"\" class=\"wp-image-38702\" srcset=\"https:\/\/www.thereportzone.it\/wp-content\/uploads\/2023\/05\/evento-legalita-sessa-aurunca-716x1024.jpg 716w, https:\/\/www.thereportzone.it\/wp-content\/uploads\/2023\/05\/evento-legalita-sessa-aurunca-210x300.jpg 210w, https:\/\/www.thereportzone.it\/wp-content\/uploads\/2023\/05\/evento-legalita-sessa-aurunca-768x1099.jpg 768w, https:\/\/www.thereportzone.it\/wp-content\/uploads\/2023\/05\/evento-legalita-sessa-aurunca-1074x1536.jpg 1074w, https:\/\/www.thereportzone.it\/wp-content\/uploads\/2023\/05\/evento-legalita-sessa-aurunca-1024x1465.jpg 1024w, https:\/\/www.thereportzone.it\/wp-content\/uploads\/2023\/05\/evento-legalita-sessa-aurunca.jpg 1080w\" sizes=\"(max-width: 716px) 100vw, 716px\" \/><\/figure>\n","protected":false},"excerpt":{"rendered":"<p>Si terr\u00e0 il 23 maggio 2023 al Cinema Corso di Sessa Aurunca la premiazione dell\u2019I.S.I.S.S. \u201cTaddeo da Sessa\u201d<\/p>\n","protected":false},"author":2,"featured_media":38702,"comment_status":"closed","ping_status":"closed","sticky":false,"template":"","format":"image","meta":{"sfsi_plus_gutenberg_text_before_share":"","sfsi_plus_gutenberg_show_text_before_share":"","sfsi_plus_gutenberg_icon_type":"","sfsi_plus_gutenberg_icon_alignemt":"","sfsi_plus_gutenburg_max_per_row":"","footnotes":""},"categories":[8],"tags":[],"class_list":["post-38701","post","type-post","status-publish","format-image","has-post-thumbnail","hentry","category-cronaca","post_format-post-format-image"],"_links":{"self":[{"href":"https:\/\/www.thereportzone.it\/index.php?rest_route=\/wp\/v2\/posts\/38701"}],"collection":[{"href":"https:\/\/www.thereportzone.it\/index.php?rest_route=\/wp\/v2\/posts"}],"about":[{"href":"https:\/\/www.thereportzone.it\/index.php?rest_route=\/wp\/v2\/types\/post"}],"author":[{"embeddable":true,"href":"https:\/\/www.thereportzone.it\/index.php?rest_route=\/wp\/v2\/users\/2"}],"replies":[{"embeddable":true,"href":"https:\/\/www.thereportzone.it\/index.php?rest_route=%2Fwp%2Fv2%2Fcomments&post=38701"}],"version-history":[{"count":1,"href":"https:\/\/www.thereportzone.it\/index.php?rest_route=\/wp\/v2\/posts\/38701\/revisions"}],"predecessor-version":[{"id":38703,"href":"https:\/\/www.thereportzone.it\/index.php?rest_route=\/wp\/v2\/posts\/38701\/revisions\/38703"}],"wp:featuredmedia":[{"embeddable":true,"href":"https:\/\/www.thereportzone.it\/index.php?rest_route=\/wp\/v2\/media\/38702"}],"wp:attachment":[{"href":"https:\/\/www.thereportzone.it\/index.php?rest_route=%2Fwp%2Fv2%2Fmedia&parent=38701"}],"wp:term":[{"taxonomy":"category","embeddable":true,"href":"https:\/\/www.thereportzone.it\/index.php?rest_route=%2Fwp%2Fv2%2Fcategories&post=38701"},{"taxonomy":"post_tag","embeddable":true,"href":"https:\/\/www.thereportzone.it\/index.php?rest_route=%2Fwp%2Fv2%2Ftags&post=38701"}],"curies":[{"name":"wp","href":"https:\/\/api.w.org\/{rel}","templated":true}]}}