{"id":38684,"date":"2023-05-22T10:58:58","date_gmt":"2023-05-22T08:58:58","guid":{"rendered":"http:\/\/thereportzone.it\/?p=38684"},"modified":"2023-05-22T10:59:13","modified_gmt":"2023-05-22T08:59:13","slug":"sessa-a-scuola-di-riparazione-al-via-levento-al-cinema-corso","status":"publish","type":"post","link":"https:\/\/www.thereportzone.it\/?p=38684","title":{"rendered":"SESSA &#8211; &#8220;A scuola di riparazione&#8221;, al via l&#8217;evento al Cinema Corso"},"content":{"rendered":"\n<div class=\"wp-block-columns is-layout-flex wp-container-core-columns-is-layout-1 wp-block-columns-is-layout-flex\">\n<div class=\"wp-block-column is-layout-flow wp-block-column-is-layout-flow\" style=\"flex-basis:100%\">\n<div class=\"wp-block-group is-layout-flow wp-block-group-is-layout-flow\">\n<figure class=\"wp-block-image aligncenter size-full\"><img fetchpriority=\"high\" decoding=\"async\" width=\"691\" height=\"338\" src=\"http:\/\/thereportzone.it\/wp-content\/uploads\/2022\/07\/nuova-st-justin.png\" alt=\"\" class=\"wp-image-36457\"\/><\/figure>\n<\/div>\n<\/div>\n<\/div>\n\n\n\n<figure class=\"wp-block-image aligncenter size-full\"><img decoding=\"async\" width=\"700\" height=\"700\" src=\"http:\/\/thereportzone.it\/wp-content\/uploads\/2023\/03\/NUOVO-BANNER-NAVE.png\" alt=\"\" class=\"wp-image-38336\"\/><\/figure>\n\n\n\n<figure class=\"wp-block-image size-full\"><img decoding=\"async\" width=\"998\" height=\"140\" src=\"http:\/\/thereportzone.it\/wp-content\/uploads\/2022\/07\/SodaPDF-converted-quattro-BUONO.jpg\" alt=\"\" class=\"wp-image-36456\"\/><\/figure>\n\n\n\n<p>\u201cA scuola di Riparazione\u201d \u00e8 il titolo dell\u2019evento che si terr\u00e0 oggi, 22 maggio 2023 dalle 9,30 alle 12,30 circa presso il Cinema Corso in Sessa Aurunca (CE), promosso dalla Cooperativa Crisi S.c.ar.l. nell\u2019ambito dell\u2019iniziativa nazionale della \u201cRete delle Scuole Riparative\u201d per sensibilizzare alunni, dirigenti e docenti delle scuole secondarie di primo grado degli Istituti Comprensivi del territorio aurunco. L\u2019evento \u201cA scuola di Riparazione\u201d vedr\u00e0 protagonisti i ragazzi dell\u2019Istituto Comprensivo di Pietramelara (CE) partecipanti al Contest \u201cRipariamo il Mondo\u201d, realizzato in collaborazione con l\u2019Associazione \u201cValogno Borgo d\u2019Arte\u201d APS.<\/p>\n\n\n\n<p><\/p>\n\n\n\n<figure class=\"wp-block-image aligncenter size-full\"><img loading=\"lazy\" decoding=\"async\" width=\"1080\" height=\"1080\" src=\"http:\/\/thereportzone.it\/wp-content\/uploads\/2023\/01\/PIZZA-ALLA-BRACE-NUOVA.png\" alt=\"\" class=\"wp-image-37916\"\/><\/figure>\n\n\n\n<p>L\u2019amministrazione, nella persona dell\u2019Assessora alle Politiche Sociali e Pari Opportunit\u00e0 Prof.ssa Sabrina Izzo, ha interesse a realizzare diffusamente con le scuole del territorio le tipologie di laboratori scolastici proposti dal Crisi. L\u2019intento dell\u2019iniziativa \u00e8 la sensibilizzazione di alunni, dirigenti e docenti delle prime medie di primo grado del territorio aurunco. Un percorso formativo, in cui si parler\u00e0 di mediazione, di gestione del conflitto ma soprattutto di \u201cRiparazione\u201d, di cura delle relazioni umane, di responsabilit\u00e0 delle proprie azioni e del sentire la responsabilit\u00e0 di riparare un danno, partendo dalla conoscenza e dai valori della Giustizia Riparativa.<\/p>\n\n\n\n<p>Saranno proprio i ragazzi dell\u2019Istituto Comprensivo di Pietramelara a portare la testimonianza dei laboratori svolti durante la \u201cStaffetta della Mediazione\u201d a seguito della quale alcuni alunni hanno ricevuto l\u2019attestato di piccolo mediatore e le scatole della mediazione per ogni plesso, custodi e sentinelle del benessere a scuola. I progetti sono stati realizzati dalle mediatrici Avv. Pina Cupolino, Monica Costa e Roberta Castini. La premiazione del disegno vincitore del Contest si \u00e8 tenuta il 20 marzo 2023 in Aula Magna dell\u2019Istituto Comprensivo di Pietramelara (CE). La giuria \u00e8 stata composta dal dott. Giovanni Casale e Dora Mesolella del Borgo di Valogno Aps nonch\u00e9 dal Maestro Alfredo Troise. Ha vinto il disegno dell\u2019alunna Antonella De Robbio della classe II B di Pietramelara e dello stesso disegno la mattina del 22 maggio 2023 durante l\u2019evento suddetto sar\u00e0 realizzata una tela dall\u2019artista Alex Shot al Cinema Corso di Sessa Aurunca (CE) che viagger\u00e0 in tutti gli eventi di Giustizia Riparativa.<\/p>\n\n\n\n<p>\u201c<em>Ripariamo il mondo<\/em>\u201d \u00e8 il titolo del disegno partecipante al Contest.<\/p>\n\n\n\n<p><em>\u201cLacerazioni, ingiustizie, discriminazioni, disastri, incolumit\u00e0 \u2026Quello che pu\u00f2 essere evitato \u00e8 l\u2019indifferenza, il guardare altrove, il ritenere che non ci riguardi, l\u2019appiattirsi sul senso dell\u2019ineluttabilit\u00e0\u2026Ognuno, a modo suo, pu\u00f2 partecipare ad un\u2019operazione riparatoria. Riparare i danni diventa un imperativo morale per i singoli, ma soprattutto per le comunit\u00e0\u201d&#8230;\u201dLa sfida possibile \u00e8 quella di educarsi tutti all\u2019arte del riparare: percorso che va dal rinvenimento della pezza a colore, che si intende riparare, alla ristorazione&#8230;\u201d.\u201dRiparato e riparatore si legano, quindi, in un vincolo vitale, nel senso che alla responsabilit\u00e0 dell\u2019autore alla riparazione corrisponde la responsabilit\u00e0 del danneggiato a ricevere nuovo impulso alla rinascita. L\u2019obiettivo \u00e8 mantenersi in vita, una nuova vita.\u201d<\/em> Cit. dal libro Riparazioni, Anna Coppola De Vanna, Ilaria De Vanna pag. 22-23.<\/p>\n\n\n\n<p>Ecco perch\u00e9 l\u2019intento \u00e8 quello di diffondere tra i giovani la cultura della Riparazione, fornendo loro gli strumenti e indicando le modalit\u00e0 attraverso cui porre rimedio alle azioni negative intervenendo sulle relazioni umane e sul dolore provocato al danneggiato, andando a curare le sue ferite, ma anche affinch\u00e9 prendano consapevolezza di come alcuni comportamenti, che possano concretizzarsi in violazioni di norme giuridiche, possono creare anche danni invisibili alle persone coinvolte e alla comunit\u00e0 e devono quindi essere riparati.<\/p>\n\n\n\n<p>L\u2019amore per la bellezza, l\u2019etica salveranno il mondo. \u00c8 proprio tramite la Giustizia Riparativa che si impiega la mediazione affinch\u00e9 non si aggiunga male ad altro male ma si fa in modo che vittima e reo possano incontrarsi e guardarsi con occhi diversi, sviluppando quindi la cultura della responsabilit\u00e0 e della riparazione non solo dei protagonisti del reato ma anche della comunit\u00e0.<\/p>\n\n\n\n<p>Obiettivo dell\u2019iniziativa \u00e8 diffondere tra i giovani la cultura della Riparazione, affinch\u00e9 prendano<\/p>\n\n\n\n<p>consapevolezza di come alcuni comportamenti, che possono concretizzarsi in violazioni di norme<\/p>\n\n\n\n<p>giuridiche, possono creare anche danni invisibili alle persone coinvolte e alla comunit\u00e0, e devono<\/p>\n\n\n\n<p>quindi essere riparati: l\u2019intento \u00e8 fornire ai ragazzi gli strumenti e indicare le modalit\u00e0 attraverso cui<\/p>\n\n\n\n<p>porre rimedio alle azioni negative, intervenendo sulle relazioni umane e sul dolore provocato al<\/p>\n\n\n\n<p>danneggiato, andando a curare le sue ferite. Da qui il nome del progetto \u201cA scuola di Ripar-azioni\u201d, per<\/p>\n\n\n\n<p>mettere in campo i protagonisti impegnati a riparare il danno causato al prossimo e alla collettivit\u00e0.<\/p>\n\n\n\n<p><a><\/a>Un particolare ringraziamento deve essere rivolto al Dirigente dell\u2019Istituto comprensivo di Pietramelara, che ha guardato con favore la realizzazione del progetto nella propria scuola e la partecipazione all\u2019evento \u201cA scuola di riparazione\u201d del 22 maggio 2023.<\/p>\n\n\n\n<p>\u00abIl progetto \u2013 aggiunge l\u2019avv. Pina Cupolino, promotrice del progetto e organizzatrice dell\u2019evento sul tema del \u201cA scuola di riparazione\u201d &#8211; si pone in linea con la Direttiva Europea 2012\/297\/UE, che obbliga gli Stati membri a dare attuazione alla giustizia riparativa e alla recente \u201cRiforma Cartabia\u201d (D.Lgl. 10.10.2022 n.150) rivolta a promuovere attivit\u00e0 sociali e culturali che possano portare alla pi\u00f9 ampia diffusione soprattutto tra i giovani del nuovo concetto di giustizia riparativa che si affianca a quello tradizionale. Il nostro obiettivo \u00e8 di trasmettere ai ragazzi la consapevolezza delle proprie azioni e la responsabilit\u00e0 di riparare un danno, condurli per mano a ricucire le lacerazioni nelle relazioni personali e ricostruire la possibilit\u00e0 di una buona convivenza, individuando le azioni che possono essere messe in campo dai protagonisti del progetto. Il Comune di Sessa Aurunca si pone in prima linea nella realizzazione di progetti che hanno quale obiettivo la costruzione per i nostri giovani di un futuro in un modo migliore\u00bb.<\/p>\n\n\n\n<p><\/p>\n\n\n\n<p><\/p>\n","protected":false},"excerpt":{"rendered":"<p>\u201cA scuola di Riparazione\u201d \u00e8 il titolo dell\u2019evento che si terr\u00e0 oggi, 22 maggio 2023 dalle 9,30 alle<\/p>\n","protected":false},"author":2,"featured_media":38685,"comment_status":"closed","ping_status":"closed","sticky":false,"template":"","format":"image","meta":{"sfsi_plus_gutenberg_text_before_share":"","sfsi_plus_gutenberg_show_text_before_share":"","sfsi_plus_gutenberg_icon_type":"","sfsi_plus_gutenberg_icon_alignemt":"","sfsi_plus_gutenburg_max_per_row":"","footnotes":""},"categories":[8],"tags":[],"class_list":["post-38684","post","type-post","status-publish","format-image","has-post-thumbnail","hentry","category-cronaca","post_format-post-format-image"],"_links":{"self":[{"href":"https:\/\/www.thereportzone.it\/index.php?rest_route=\/wp\/v2\/posts\/38684"}],"collection":[{"href":"https:\/\/www.thereportzone.it\/index.php?rest_route=\/wp\/v2\/posts"}],"about":[{"href":"https:\/\/www.thereportzone.it\/index.php?rest_route=\/wp\/v2\/types\/post"}],"author":[{"embeddable":true,"href":"https:\/\/www.thereportzone.it\/index.php?rest_route=\/wp\/v2\/users\/2"}],"replies":[{"embeddable":true,"href":"https:\/\/www.thereportzone.it\/index.php?rest_route=%2Fwp%2Fv2%2Fcomments&post=38684"}],"version-history":[{"count":1,"href":"https:\/\/www.thereportzone.it\/index.php?rest_route=\/wp\/v2\/posts\/38684\/revisions"}],"predecessor-version":[{"id":38686,"href":"https:\/\/www.thereportzone.it\/index.php?rest_route=\/wp\/v2\/posts\/38684\/revisions\/38686"}],"wp:featuredmedia":[{"embeddable":true,"href":"https:\/\/www.thereportzone.it\/index.php?rest_route=\/wp\/v2\/media\/38685"}],"wp:attachment":[{"href":"https:\/\/www.thereportzone.it\/index.php?rest_route=%2Fwp%2Fv2%2Fmedia&parent=38684"}],"wp:term":[{"taxonomy":"category","embeddable":true,"href":"https:\/\/www.thereportzone.it\/index.php?rest_route=%2Fwp%2Fv2%2Fcategories&post=38684"},{"taxonomy":"post_tag","embeddable":true,"href":"https:\/\/www.thereportzone.it\/index.php?rest_route=%2Fwp%2Fv2%2Ftags&post=38684"}],"curies":[{"name":"wp","href":"https:\/\/api.w.org\/{rel}","templated":true}]}}