{"id":38676,"date":"2023-05-18T16:01:26","date_gmt":"2023-05-18T14:01:26","guid":{"rendered":"http:\/\/thereportzone.it\/?p=38676"},"modified":"2023-05-18T16:01:41","modified_gmt":"2023-05-18T14:01:41","slug":"zannini-conferenza-stampa-si-fa-il-punto-sulle-elezioni-amministrative-e-gli-interventi-della-regione","status":"publish","type":"post","link":"https:\/\/www.thereportzone.it\/?p=38676","title":{"rendered":"Zannini, conferenza stampa: si fa il punto sulle elezioni amministrative e gli interventi della Regione"},"content":{"rendered":"\n<div class=\"wp-block-columns is-layout-flex wp-container-core-columns-is-layout-1 wp-block-columns-is-layout-flex\">\n<div class=\"wp-block-column is-layout-flow wp-block-column-is-layout-flow\" style=\"flex-basis:100%\">\n<div class=\"wp-block-group is-layout-flow wp-block-group-is-layout-flow\">\n<figure class=\"wp-block-image aligncenter size-full\"><img fetchpriority=\"high\" decoding=\"async\" width=\"691\" height=\"338\" src=\"http:\/\/thereportzone.it\/wp-content\/uploads\/2022\/07\/nuova-st-justin.png\" alt=\"\" class=\"wp-image-36457\"\/><\/figure>\n<\/div>\n<\/div>\n<\/div>\n\n\n\n<figure class=\"wp-block-image aligncenter size-full\"><img decoding=\"async\" width=\"700\" height=\"700\" src=\"http:\/\/thereportzone.it\/wp-content\/uploads\/2023\/03\/NUOVO-BANNER-NAVE.png\" alt=\"\" class=\"wp-image-38336\"\/><\/figure>\n\n\n\n<figure class=\"wp-block-image size-full\"><img decoding=\"async\" width=\"998\" height=\"140\" src=\"http:\/\/thereportzone.it\/wp-content\/uploads\/2022\/07\/SodaPDF-converted-quattro-BUONO.jpg\" alt=\"\" class=\"wp-image-36456\"\/><\/figure>\n\n\n\n<p class=\"has-text-align-center\"><strong>ZANNINI INCONTRA LA STAMPA, CONFERENZA SABATO 20 MAGGIO, ORE 10,30 PRESSO L\u2019HOTEL EUROPA DI CASERTA.<\/strong><\/p>\n\n\n\n<p class=\"has-text-align-left\"><br>Elezioni amministrative ed interventi della Regione Campania a favore dei comuni di Terra di Lavoro al centro dell\u2019incontro. Il consigliere regionale Giovanni Zannini (De Luca Presidente), terr\u00e0 una conferenza stampa sabato 20 maggio, con inizio alle ore 10,30, presso l\u2019Hotel Europa Art sito in Caserta, alla<br>via Roma n.19.<br><\/p>\n\n\n\n<p class=\"has-text-align-left\">Nel corso dell\u2019incontro di dopodomani con giornalisti ed operatori dei mass media, il presidente della VII commissione Ambiente, Energia e Protezione Civile, commenter\u00e0 i risultati delle elezion amministrative di domenica e luned\u00ec scorsi che hanno interessato diverse citt\u00e0 e comuni di Terra di Lavoro; nell\u2019occasione, illustrer\u00e0 anche le azioni in essere e le attivit\u00e0 future della Regione Campania in tema di eradicazione della brucellosi bufalina e di sostegno agli allevatori casertani e all\u2019intero comparto.<br><\/p>\n\n\n\n<p class=\"has-text-align-left\">Infine, Zannini illustrer\u00e0 i diversi interventi che la Regione Campania ha programmato in favore dei comuni e delle diverse aree della provincia di Caserta, e risponder\u00e0 alle domande sulle diverse tematiche che interessano Terra di Lavoro e che lo vedono protagonista attivo a livello provinciale e regionale.<\/p>\n\n\n\n<p><\/p>\n\n\n\n<figure class=\"wp-block-image aligncenter size-full\"><img loading=\"lazy\" decoding=\"async\" width=\"1080\" height=\"1080\" src=\"http:\/\/thereportzone.it\/wp-content\/uploads\/2023\/01\/PIZZA-ALLA-BRACE-NUOVA.png\" alt=\"\" class=\"wp-image-37916\"\/><\/figure>\n\n\n\n<p><\/p>\n\n\n\n<p><\/p>\n","protected":false},"excerpt":{"rendered":"<p>ZANNINI INCONTRA LA STAMPA, CONFERENZA SABATO 20 MAGGIO, ORE 10,30 PRESSO L\u2019HOTEL EUROPA DI CASERTA. Elezioni amministrative ed<\/p>\n","protected":false},"author":2,"featured_media":36831,"comment_status":"closed","ping_status":"closed","sticky":false,"template":"","format":"image","meta":{"sfsi_plus_gutenberg_text_before_share":"","sfsi_plus_gutenberg_show_text_before_share":"","sfsi_plus_gutenberg_icon_type":"","sfsi_plus_gutenberg_icon_alignemt":"","sfsi_plus_gutenburg_max_per_row":"","footnotes":""},"categories":[8,9],"tags":[],"class_list":["post-38676","post","type-post","status-publish","format-image","has-post-thumbnail","hentry","category-cronaca","category-politica","post_format-post-format-image"],"_links":{"self":[{"href":"https:\/\/www.thereportzone.it\/index.php?rest_route=\/wp\/v2\/posts\/38676"}],"collection":[{"href":"https:\/\/www.thereportzone.it\/index.php?rest_route=\/wp\/v2\/posts"}],"about":[{"href":"https:\/\/www.thereportzone.it\/index.php?rest_route=\/wp\/v2\/types\/post"}],"author":[{"embeddable":true,"href":"https:\/\/www.thereportzone.it\/index.php?rest_route=\/wp\/v2\/users\/2"}],"replies":[{"embeddable":true,"href":"https:\/\/www.thereportzone.it\/index.php?rest_route=%2Fwp%2Fv2%2Fcomments&post=38676"}],"version-history":[{"count":1,"href":"https:\/\/www.thereportzone.it\/index.php?rest_route=\/wp\/v2\/posts\/38676\/revisions"}],"predecessor-version":[{"id":38677,"href":"https:\/\/www.thereportzone.it\/index.php?rest_route=\/wp\/v2\/posts\/38676\/revisions\/38677"}],"wp:featuredmedia":[{"embeddable":true,"href":"https:\/\/www.thereportzone.it\/index.php?rest_route=\/wp\/v2\/media\/36831"}],"wp:attachment":[{"href":"https:\/\/www.thereportzone.it\/index.php?rest_route=%2Fwp%2Fv2%2Fmedia&parent=38676"}],"wp:term":[{"taxonomy":"category","embeddable":true,"href":"https:\/\/www.thereportzone.it\/index.php?rest_route=%2Fwp%2Fv2%2Fcategories&post=38676"},{"taxonomy":"post_tag","embeddable":true,"href":"https:\/\/www.thereportzone.it\/index.php?rest_route=%2Fwp%2Fv2%2Ftags&post=38676"}],"curies":[{"name":"wp","href":"https:\/\/api.w.org\/{rel}","templated":true}]}}