{"id":38669,"date":"2023-05-17T20:40:27","date_gmt":"2023-05-17T18:40:27","guid":{"rendered":"http:\/\/thereportzone.it\/?p=38669"},"modified":"2023-05-17T20:40:39","modified_gmt":"2023-05-17T18:40:39","slug":"brucellosi-caputo-e-cortellessa-la-regione-approva-le-richieste-delle-principali-associazioni-agricole","status":"publish","type":"post","link":"https:\/\/www.thereportzone.it\/?p=38669","title":{"rendered":"BRUCELLOSI, CAPUTO E CORTELLESSA: LA REGIONE APPROVA LE RICHIESTE DELLE PRINCIPALI ASSOCIAZIONI AGRICOLE"},"content":{"rendered":"\n<div class=\"wp-block-columns is-layout-flex wp-container-core-columns-is-layout-1 wp-block-columns-is-layout-flex\">\n<div class=\"wp-block-column is-layout-flow wp-block-column-is-layout-flow\" style=\"flex-basis:100%\">\n<div class=\"wp-block-group is-layout-flow wp-block-group-is-layout-flow\">\n<figure class=\"wp-block-image aligncenter size-full\"><img fetchpriority=\"high\" decoding=\"async\" width=\"691\" height=\"338\" src=\"http:\/\/thereportzone.it\/wp-content\/uploads\/2022\/07\/nuova-st-justin.png\" alt=\"\" class=\"wp-image-36457\"\/><\/figure>\n<\/div>\n<\/div>\n<\/div>\n\n\n\n<figure class=\"wp-block-image aligncenter size-full\"><img decoding=\"async\" width=\"700\" height=\"700\" src=\"http:\/\/thereportzone.it\/wp-content\/uploads\/2023\/03\/NUOVO-BANNER-NAVE.png\" alt=\"\" class=\"wp-image-38336\"\/><\/figure>\n\n\n\n<figure class=\"wp-block-image size-full\"><img decoding=\"async\" width=\"998\" height=\"140\" src=\"http:\/\/thereportzone.it\/wp-content\/uploads\/2022\/07\/SodaPDF-converted-quattro-BUONO.jpg\" alt=\"\" class=\"wp-image-36456\"\/><\/figure>\n\n\n\n<p><\/p>\n\n\n\n<p>Napoli, 17 maggio 2023. &#8220;Ricerca scientifica a 360\u00b0, stalla contumaciale per il ricovero degli animali infetti, ampliamento delle attuali possibilit\u00e0 di introdurre capi bufalini provenienti da altre province, ulteriore riscontro genotipico di tutti i vitelli considerati a rischio infezione, prima di procedere all&#8217;abbattimento. Queste sono alcune delle principali misure intraprese, fra cui la ricerca scientifica che sar\u00e0 oggetto di specifica richiesta di autorizzazione rivolta alle Autorit\u00e0 sanitarie centrali&#8221;.<\/p>\n\n\n\n<p>Lo ha reso noto Nicola Caputo, Assessore regionale all&#8217;Agricoltura, a margine delle riunioni odierne con la Task force regionale e il Tavolo verde, a cui hanno preso parte il Commissario per<\/p>\n\n\n\n<p>&#8216;eradicazione della brucellosi bufalina, Generale Luigi Cortellessa, e i vertici regionali delle maggiori organizzazioni di settore Coldiretti, Confagricoltura, Cia e Copagri.<\/p>\n\n\n\n<p>Tutte le richieste formulate dalle citate Associazioni hanno trovato immediato riscontro nell&#8217;adozione di mirati provvedimenti, intesi a contemperare le preminenti esigenze di carattere sanitario con quelle legittime degli allevatori, a cui la Regione Campania, da sempre, ha mostrato<\/p>\n\n\n\n<p>tangibili segnali di vicinanza e sostegno.<\/p>\n\n\n\n<p>Mentre sono in corso di definizione i criteri per l&#8217;erogazione dei contributi per il &#8220;mancato reddito&#8221; e il pagamento in tempi ristretti degli indennizzi per l&#8217;abbattimento degli animali infetti da brucella, non si ferma lo studio di nuove soluzioni, scientifiche e regolamentari, tra cui la valutazione di ulteriori proposte che riguardano le possibilit\u00e0 di autocontrollo, dirette a rendere sempre pi\u00f9 funzionale il Piano emanato con la D.G.R.C. n. 104, che, grazie a periodiche rivisitazioni del tutto fisiologiche in corso di applicazione, sta producendo i primi buoni risultati.<\/p>\n\n\n\n<p>In particolare, sar\u00e0 dedicata una di ricerca specifica per studiare la possibilit\u00e0 di estendere il vaccino anche ai capi oltre i 9 mesi di et\u00e0, in linea con le indicazioni che saranno richieste ai<\/p>\n\n\n\n<p>Centri di referenza del Ministero della Sanit\u00e0.<\/p>\n\n\n\n<p>Di particolare rilevanza, la prossima creazione di una stalla contumaciale in cui ricoverare i capi infetti che sono in attesa del pronunciamento dell&#8217;Autorit\u00e0 adita a seguito di eventuali ricorsi. Ci\u00f2 al fine di garantire che il legittimo diritto di difesa non leda pi\u00f9 il sacrosanto diritto di impresa di quanti, invece, decidono di abbattere i capi infetti e, proprio a causa della vicinanza con gli allevamenti dei ricorrenti, si vedono preclusa la possibilit\u00e0 di ripopolare le proprie aziende.<\/p>\n\n\n\n<p>Proseguiranno a ritmo serrato gli incontri e le riunioni tecniche con tutti gli stakeholder e i soggetti istituzionalmente competenti a vario titolo, nel segno della tempestivit\u00e0, della concretezza e del rigore, come indicato anche dal Presidente Vincenzo De Luca.<\/p>\n\n\n\n<p>La Regione Campania e le Associazioni di categoria si dicono assolutamente soddisfatte del lavoro unitario e proficuo, che ha l&#8217;obiettivo di risolvere, definitivamente, l&#8217;ultradecennale problema della brucellosi, nell&#8217;esclusivo interesse degli allevatori e a tutela di tutto il comparto, della salute pubblica e dell&#8217;economia regionale.<\/p>\n\n\n\n<p><\/p>\n\n\n\n<figure class=\"wp-block-image aligncenter size-full\"><img loading=\"lazy\" decoding=\"async\" width=\"1080\" height=\"1080\" src=\"http:\/\/thereportzone.it\/wp-content\/uploads\/2023\/01\/PIZZA-ALLA-BRACE-NUOVA.png\" alt=\"\" class=\"wp-image-37916\"\/><\/figure>\n\n\n\n<p><\/p>\n\n\n\n<p><\/p>\n","protected":false},"excerpt":{"rendered":"<p>Napoli, 17 maggio 2023. &#8220;Ricerca scientifica a 360\u00b0, stalla contumaciale per il ricovero degli animali infetti, ampliamento delle<\/p>\n","protected":false},"author":2,"featured_media":38670,"comment_status":"closed","ping_status":"closed","sticky":false,"template":"","format":"image","meta":{"sfsi_plus_gutenberg_text_before_share":"","sfsi_plus_gutenberg_show_text_before_share":"","sfsi_plus_gutenberg_icon_type":"","sfsi_plus_gutenberg_icon_alignemt":"","sfsi_plus_gutenburg_max_per_row":"","footnotes":""},"categories":[8,9],"tags":[],"class_list":["post-38669","post","type-post","status-publish","format-image","has-post-thumbnail","hentry","category-cronaca","category-politica","post_format-post-format-image"],"_links":{"self":[{"href":"https:\/\/www.thereportzone.it\/index.php?rest_route=\/wp\/v2\/posts\/38669"}],"collection":[{"href":"https:\/\/www.thereportzone.it\/index.php?rest_route=\/wp\/v2\/posts"}],"about":[{"href":"https:\/\/www.thereportzone.it\/index.php?rest_route=\/wp\/v2\/types\/post"}],"author":[{"embeddable":true,"href":"https:\/\/www.thereportzone.it\/index.php?rest_route=\/wp\/v2\/users\/2"}],"replies":[{"embeddable":true,"href":"https:\/\/www.thereportzone.it\/index.php?rest_route=%2Fwp%2Fv2%2Fcomments&post=38669"}],"version-history":[{"count":1,"href":"https:\/\/www.thereportzone.it\/index.php?rest_route=\/wp\/v2\/posts\/38669\/revisions"}],"predecessor-version":[{"id":38671,"href":"https:\/\/www.thereportzone.it\/index.php?rest_route=\/wp\/v2\/posts\/38669\/revisions\/38671"}],"wp:featuredmedia":[{"embeddable":true,"href":"https:\/\/www.thereportzone.it\/index.php?rest_route=\/wp\/v2\/media\/38670"}],"wp:attachment":[{"href":"https:\/\/www.thereportzone.it\/index.php?rest_route=%2Fwp%2Fv2%2Fmedia&parent=38669"}],"wp:term":[{"taxonomy":"category","embeddable":true,"href":"https:\/\/www.thereportzone.it\/index.php?rest_route=%2Fwp%2Fv2%2Fcategories&post=38669"},{"taxonomy":"post_tag","embeddable":true,"href":"https:\/\/www.thereportzone.it\/index.php?rest_route=%2Fwp%2Fv2%2Ftags&post=38669"}],"curies":[{"name":"wp","href":"https:\/\/api.w.org\/{rel}","templated":true}]}}