{"id":38547,"date":"2023-05-10T09:42:51","date_gmt":"2023-05-10T07:42:51","guid":{"rendered":"http:\/\/thereportzone.it\/?p=38547"},"modified":"2023-05-10T09:43:06","modified_gmt":"2023-05-10T07:43:06","slug":"falciano-marcia-per-la-pace-momento-di-grande-coinvolgimento-tanti-i-progetti-futuri","status":"publish","type":"post","link":"https:\/\/www.thereportzone.it\/?p=38547","title":{"rendered":"FALCIANO &#8211; Marcia per la Pace, momento di grande coinvolgimento: tanti i progetti futuri"},"content":{"rendered":"\n<div class=\"wp-block-columns is-layout-flex wp-container-core-columns-is-layout-1 wp-block-columns-is-layout-flex\">\n<div class=\"wp-block-column is-layout-flow wp-block-column-is-layout-flow\" style=\"flex-basis:100%\">\n<div class=\"wp-block-group is-layout-flow wp-block-group-is-layout-flow\">\n<figure class=\"wp-block-image aligncenter size-full\"><img fetchpriority=\"high\" decoding=\"async\" width=\"691\" height=\"338\" src=\"http:\/\/thereportzone.it\/wp-content\/uploads\/2022\/07\/nuova-st-justin.png\" alt=\"\" class=\"wp-image-36457\"\/><\/figure>\n<\/div>\n<\/div>\n<\/div>\n\n\n\n<figure class=\"wp-block-image aligncenter size-full\"><img decoding=\"async\" width=\"700\" height=\"700\" src=\"http:\/\/thereportzone.it\/wp-content\/uploads\/2023\/03\/NUOVO-BANNER-NAVE.png\" alt=\"\" class=\"wp-image-38336\"\/><\/figure>\n\n\n\n<p><\/p>\n\n\n\n<figure class=\"wp-block-image size-full\"><img decoding=\"async\" width=\"998\" height=\"140\" src=\"http:\/\/thereportzone.it\/wp-content\/uploads\/2022\/07\/SodaPDF-converted-quattro-BUONO.jpg\" alt=\"\" class=\"wp-image-36456\"\/><\/figure>\n\n\n\n<p>Terza edizione della Marcia per la Pace, voluta dall&#8217;Amministrazione Falciano Bene Comune, in collaborazione con \u00a0L&#8217;istituto Comprensivo Carinola-Falciano con Agnese Ginocchio, presidente del Movimento per la Salvaguardia della Pace e del Pianeta, instancabile sostenitrice del disarmo e dei diritti di ogni cittadino, senza discriminazione alcuna. Il festoso corteo dei ragazzi, degli insegnanti, delle famiglie, ha percorso il paese fra canti e cori inneggianti alla pace n modo. <\/p>\n\n\n\n<p>A tal riguardo \u00e8 intervenuto il sindaco Ing. <em><strong>Giovanni Erasmo Fava<\/strong><\/em>: &#8220;In prima linea con i giovani per chiedere la sospensione di tutte le guerre. Un tema delicato verso il quale non bisogna mai perdere l&#8217;attenzione. Riuscire in queste manifestazioni, anche e soprattutto con la presenza dei pi\u00f9 giovani, a tenere sveglio il pensiero verso chi ogni giorno \u00e8 costretto a fare i conti con bombardamenti e scene terribili di guerra, nel nostro piccolo ci soddisfa molto. Continueremo a farlo con lo scopo di non abbandonare mai un tema delicato come la pace nel mondo&#8221;.<\/p>\n\n\n\n<p><\/p>\n\n\n\n<figure class=\"wp-block-image aligncenter size-full\"><img loading=\"lazy\" decoding=\"async\" width=\"1080\" height=\"1080\" src=\"http:\/\/thereportzone.it\/wp-content\/uploads\/2023\/01\/PIZZA-ALLA-BRACE-NUOVA.png\" alt=\"\" class=\"wp-image-37916\"\/><\/figure>\n\n\n\n<p>Anche l&#8217;Assessore <em><strong>Antonietta Rucco<\/strong><\/em> \u00e8 intervenuta, dichiarando: &#8220;Ben vengano questi momenti di sensibilizzazione. Falciano del Massico ha gi\u00e0 siglato con la cara Agnese, e il suo movimento, un protocollo d&#8217;intesa \u00a0che la vede &#8220;Citt\u00e0 di Pace&#8221;. Prima della fine dell&#8217;anno scolastico verr\u00e0 istituzionalizzato con la conseguente apertura di uno sportello d&#8217;ascolto \u00a0per la pace, presso il locale istituto comprensivo. Grazie \u00a0a chi ha permesso che potesse avvenire tutto ci\u00f2. Sempre avanti e in alto a favore delle giuste cause&#8221;. <\/p>\n\n\n\n<p>E anche dal <strong><em>Movimento per la Pace<\/em><\/strong> sono giunte parole di merito indirizzate all&#8217;iniziativa di ieri, che vi proponiamo qui di seguito. <\/p>\n\n\n\n<p>La Fiaccola Pace ritorna a Falciano per marciare contro la guerra insieme con alunni e amministrazione.&nbsp;<\/p>\n\n\n\n<p>Ricordato Aldo Moro al momento dell&#8217;accensione.&nbsp;La Scuola riconfermata &#8220;Scuola di Pace&#8221;. A&nbsp;breve l\u2019istituzione presso la scuola dello \u201cSportello per la Pace\u201d e la nomina del Comune di Falciano &#8220;Citt\u00e0 per la Pace&#8221;.<\/p>\n\n\n\n<p>Presso la villa comunale si sono radunati gli alunni della scuola dell\u2019 infanzia, primaria e secondaria di 1\u00b0 grado dell\u2019Istituto Comprensivo Carinola \u2013 Falciano ( sede di Falciano del Massico), accompagnati dai docenti e dalla grande Dirigente scolastica Giuseppina Zannini, impegnata da anni in prima linea sul tema della Pace, della difesa del Creato e della Costituzione. La scuola diretta dalla Zannini infatti, grazie all\u2019adesione alla storica mobilitazione della Fiaccola della Pace promossa dal Movimento Internazionale per la Pace e la Salvaguardia del Creato III Millennio, dedicata ai percorsi dei 100 anni di guerre, \u00e8 stata insignita della nomina di \u201cScuola di Pace\u201d, entrando cos\u00ec nel collegamento provinciale &#8211; regionale delle Scuole di Pace, e che in questa tappa annuale della Fiaccola della Pace giunta alla 3\u00b0 ed.ne a Falciano, \u00e8 stata riconfermata. Ad accogliere gli alunni, il primo cittadino, il Sindaco Ing. Giovanni Erasmo Fava, insieme al vice Sindaco Silvestro Toraldo, al consigliere comunale Francesco Palazzo e&nbsp;&nbsp;l\u2019 assessore alle politiche sociali, pari opportunit\u00e0 e pubblica istruzione Antonietta Rucco, da anni impegnata per i diritti e le pari opportunit\u00e0 nonch\u00e8 Amica la Pace, che ha moderato la giornata e portato i saluti ricordando l\u2019importanza di \u201ctenere il passo\u201d e fare nostro l\u2019impegno di costruire la Pace ogni giorno. Presente anche la Comandante della Polizia Municipale dott.ssa Laura Lombari, l\u2019&nbsp;&nbsp;assistente sociale dott.ssa Patrizia Valentino, il parroco don Valentino Simoniello e la Protezione Civile.<\/p>\n\n\n\n<p>&nbsp;Nel portare i saluti la Dirigente scolastica ha ricordato l\u2019importanza di essere difensori del Creato, di questo bene che ci \u00e8 stato donato. \u201cLa Natura ci consente di vivere in condizioni di benessere, per questo abbiamo il dovere di salvaguardarla. Con la scuola ci proponiamo di realizzare degli obiettivi\u201d. Sulle parole dell\u2019assessore Rucco ha evidenziato l\u2019importanza di \u201ctenere il passo\u201d, salvaguardando i diritti dei bambini e di ogni uomo, tra cui il diritto a vivere una vita serena, \u201cper tale motivo \u2013 ha proseguito la Zannini- \u201c bisogna lavorare su quest\u2019obiettivo che chiama in causa la Pace. Pertanto, in sinergia con la Presidente del Movimento per la Pace Agnese Ginocchio, a breve istituiremo presso la scuola lo \u201cSportello per la Pace\u201d , perch\u00e9 i ragazzi hanno bisogno di agire e di lavorare per la Pace a partire dagli atteggiamenti e nel proprio cuore, con l\u2019impegno di costruire questo percorso ogni giorno per essere&nbsp;&nbsp;costruttori e artigiani della Pace\u201d. Il parroco don Valentino Simoniello, nel ricordare il conflitto ucraino russo, ha evidenziato l\u2019importanza di ricercare e di fare sempre Pace cominciando da noi stessi, allontanando episodi di bullismo a danno dei pi\u00f9 deboli. \u201cL\u2019importanza di queste iniziative deve servire a far crescere il desiderio di una Pace da consolidare nei nostri cuori\u201d. La dott.ssa Valentino ha ringraziato l\u2019amministrazione per questa bella giornata dedicata a tami fondanti e la Comandante della Polizia Municipale Lombari&nbsp;&nbsp;ha ricordato che il rispetto della Pace porta ad un arricchimento dei valori e al rispetto della propria libert\u00e0. Il Sindaco Erasmo Fava nel portare i suoi saluti ha ringraziato tutti i presenti, la Dirigente scolastica ed il Movimento per la Pace perch\u00e9 ancora una volta sono riusciti a portare la Fiaccola della Pace a Falciano. Un anno fa si era scesi in piazza per manifestare contro la guerra in Ucraina. \u201cAd un anno di distanza siamo ancora qui per chiedere di fermare questa guerra. I mass media diffondono notizie, sembra come se ci si stesse abituando alla guerra, come se qualcuno non volesse risolvere questo problema. Ma la guerra porta morte distruzione, impedisce ai bambini di giocare e di manifestare come state facendo voi stamane. Ma non \u00e8 solo questa guerra , ogni giorno nel mondo si combattono centinaia di guerre e guerre civili, dove muoiono bambini, famiglie e nessuno fa nulla per fermarle perch\u00e9 non intaccano il potere economico e politico. Noi dobbiamo per\u00f2 mantenere alta l\u2019attenzione e nelle nostre comunit\u00e0 possiamo fare la nostra parte per farci sentire grazie alla Scuola e al Movimento per la Pace che ci permettono di elevare questo grido contro tutte le guerre\u201d. Ha concluso. La marcia della Pace guidata dalla Fiaccola della Pace consegnata dalla presidente del Movimento per la Pace all\u2019alunna rappresentante della scuola e portata in capo al corteo,&nbsp;&nbsp;ha attraversato le strade principali della cittadina animando con coreografie e slogan sulla Pace, mentre la banda musicale della scuola alla guida del maestro Andrea De Balsi, animava con canzoni dedicate alla Pace, gli alunni hanno mostrato bellissimi disegni e striscioni da loro realizzati con il supporto delle loro maestre, sui quali si leggevano significative frasi e fra queste:<\/p>\n\n\n\n<p>\u201cA- (r )- miamoci di Pace\u201d, \u201cLa Pace salver\u00e0 l\u2019uomo\u201d. \u201c Non esiste una via per la Pace, la Pace \u00e8 la Via\u201d. Giunti presso la scuola dell\u2019infanzia \u00e8 avvenuta la cerimonia di messa a dimora del secondo Albero della Pace dedicato a tutti i caduti e alle vittime delle guerre, stragi, attentati, terrorismo, criminalit\u00e0, violenze e mafie di Falciano del Massico e nel mondo. Sia durante la messa a dimora dell\u2019albero della Pace che al momento dell\u2019accensione della Fiaccola della Pace, la Presidente del Movimento per la Pace Agnese Ginocchio ha ricordato l\u2019On Aldo Moro di cui ricorreva la memoria e la Festa dell\u2019 Europa che si celebra proprio il 9 Maggio. Un\u2019 ultima dedica, prima della consegna degli Attestati di riconferma Scuola di Pace alla Dirigente scolastica e di ringraziamento di Pace al Sindaco, il ricordo di Don Lorenzo Milani, ideatore della Scuola di Pace di Barbiana, di cui proprio quest\u2019anno ricorrono i 100 anni dalla nascita. Quindi \u00e8 seguita la sottoscrizione da parte di tutte le istituzioni presenti dell\u2019Appello \u201cCessate il Fuoco\u201d di Europe for Peace, con la speranza che prima o poi ci ascoltino e fermino questa guerra e l\u2019invio delle armi che causano solo morte e distruzione, favorendo un serio tavolo di trattative e di dialogo. Falciano del Massico si avvia a divenire \u201cCitt\u00e0 della Pace\u201d, il prossimo appuntamento vedr\u00e0 la sigla con nomina ufficiale dell\u2019atto con il quale l\u2019amministrazione diretta da Fava, avendo gi\u00e0 approvato l\u2019adesione mediante delibera, entrer\u00e0 a far parte del Coordinamento \u201cEnti locali Pace e diritti umani\u201d. Nello stesso giorno avverr\u00e0 anche l\u2019attivazione dello \u201cSportello per la Pace\u201d con la scuola, per una maggior consapevolezza e presa di coscienza sulle problematiche che ci investono dalle locali alle globali.<\/p>\n\n\n\n<figure class=\"wp-block-image aligncenter size-large\"><img loading=\"lazy\" decoding=\"async\" width=\"1024\" height=\"768\" src=\"http:\/\/thereportzone.it\/wp-content\/uploads\/2023\/05\/344260141_942224533593347_5100505623040093358_n-1024x768.jpg\" alt=\"\" class=\"wp-image-38550\" srcset=\"https:\/\/www.thereportzone.it\/wp-content\/uploads\/2023\/05\/344260141_942224533593347_5100505623040093358_n-1024x768.jpg 1024w, https:\/\/www.thereportzone.it\/wp-content\/uploads\/2023\/05\/344260141_942224533593347_5100505623040093358_n-300x225.jpg 300w, https:\/\/www.thereportzone.it\/wp-content\/uploads\/2023\/05\/344260141_942224533593347_5100505623040093358_n-768x576.jpg 768w, https:\/\/www.thereportzone.it\/wp-content\/uploads\/2023\/05\/344260141_942224533593347_5100505623040093358_n-1536x1152.jpg 1536w, https:\/\/www.thereportzone.it\/wp-content\/uploads\/2023\/05\/344260141_942224533593347_5100505623040093358_n.jpg 2048w\" sizes=\"(max-width: 1024px) 100vw, 1024px\" \/><\/figure>\n\n\n\n<figure class=\"wp-block-image aligncenter size-large\"><img loading=\"lazy\" decoding=\"async\" width=\"1024\" height=\"768\" src=\"http:\/\/thereportzone.it\/wp-content\/uploads\/2023\/05\/345608742_254774597106695_7338336523447911494_n-1024x768.jpg\" alt=\"\" class=\"wp-image-38549\" srcset=\"https:\/\/www.thereportzone.it\/wp-content\/uploads\/2023\/05\/345608742_254774597106695_7338336523447911494_n-1024x768.jpg 1024w, https:\/\/www.thereportzone.it\/wp-content\/uploads\/2023\/05\/345608742_254774597106695_7338336523447911494_n-300x225.jpg 300w, https:\/\/www.thereportzone.it\/wp-content\/uploads\/2023\/05\/345608742_254774597106695_7338336523447911494_n-768x576.jpg 768w, https:\/\/www.thereportzone.it\/wp-content\/uploads\/2023\/05\/345608742_254774597106695_7338336523447911494_n-1536x1152.jpg 1536w, https:\/\/www.thereportzone.it\/wp-content\/uploads\/2023\/05\/345608742_254774597106695_7338336523447911494_n.jpg 2016w\" sizes=\"(max-width: 1024px) 100vw, 1024px\" \/><\/figure>\n\n\n\n<p><\/p>\n\n\n\n<figure class=\"wp-block-image aligncenter size-large\"><img loading=\"lazy\" decoding=\"async\" width=\"1024\" height=\"768\" src=\"http:\/\/thereportzone.it\/wp-content\/uploads\/2023\/05\/345604382_945669983298160_7313569430223146812_n-1024x768.jpg\" alt=\"\" class=\"wp-image-38548\" srcset=\"https:\/\/www.thereportzone.it\/wp-content\/uploads\/2023\/05\/345604382_945669983298160_7313569430223146812_n-1024x768.jpg 1024w, https:\/\/www.thereportzone.it\/wp-content\/uploads\/2023\/05\/345604382_945669983298160_7313569430223146812_n-300x225.jpg 300w, https:\/\/www.thereportzone.it\/wp-content\/uploads\/2023\/05\/345604382_945669983298160_7313569430223146812_n-768x576.jpg 768w, https:\/\/www.thereportzone.it\/wp-content\/uploads\/2023\/05\/345604382_945669983298160_7313569430223146812_n-1536x1152.jpg 1536w, https:\/\/www.thereportzone.it\/wp-content\/uploads\/2023\/05\/345604382_945669983298160_7313569430223146812_n.jpg 2016w\" sizes=\"(max-width: 1024px) 100vw, 1024px\" \/><\/figure>\n","protected":false},"excerpt":{"rendered":"<p>Terza edizione della Marcia per la Pace, voluta dall&#8217;Amministrazione Falciano Bene Comune, in collaborazione con \u00a0L&#8217;istituto Comprensivo Carinola-Falciano<\/p>\n","protected":false},"author":2,"featured_media":38550,"comment_status":"closed","ping_status":"closed","sticky":false,"template":"","format":"image","meta":{"sfsi_plus_gutenberg_text_before_share":"","sfsi_plus_gutenberg_show_text_before_share":"","sfsi_plus_gutenberg_icon_type":"","sfsi_plus_gutenberg_icon_alignemt":"","sfsi_plus_gutenburg_max_per_row":"","footnotes":""},"categories":[8,4],"tags":[],"class_list":["post-38547","post","type-post","status-publish","format-image","has-post-thumbnail","hentry","category-cronaca","category-falciano","post_format-post-format-image"],"_links":{"self":[{"href":"https:\/\/www.thereportzone.it\/index.php?rest_route=\/wp\/v2\/posts\/38547"}],"collection":[{"href":"https:\/\/www.thereportzone.it\/index.php?rest_route=\/wp\/v2\/posts"}],"about":[{"href":"https:\/\/www.thereportzone.it\/index.php?rest_route=\/wp\/v2\/types\/post"}],"author":[{"embeddable":true,"href":"https:\/\/www.thereportzone.it\/index.php?rest_route=\/wp\/v2\/users\/2"}],"replies":[{"embeddable":true,"href":"https:\/\/www.thereportzone.it\/index.php?rest_route=%2Fwp%2Fv2%2Fcomments&post=38547"}],"version-history":[{"count":1,"href":"https:\/\/www.thereportzone.it\/index.php?rest_route=\/wp\/v2\/posts\/38547\/revisions"}],"predecessor-version":[{"id":38551,"href":"https:\/\/www.thereportzone.it\/index.php?rest_route=\/wp\/v2\/posts\/38547\/revisions\/38551"}],"wp:featuredmedia":[{"embeddable":true,"href":"https:\/\/www.thereportzone.it\/index.php?rest_route=\/wp\/v2\/media\/38550"}],"wp:attachment":[{"href":"https:\/\/www.thereportzone.it\/index.php?rest_route=%2Fwp%2Fv2%2Fmedia&parent=38547"}],"wp:term":[{"taxonomy":"category","embeddable":true,"href":"https:\/\/www.thereportzone.it\/index.php?rest_route=%2Fwp%2Fv2%2Fcategories&post=38547"},{"taxonomy":"post_tag","embeddable":true,"href":"https:\/\/www.thereportzone.it\/index.php?rest_route=%2Fwp%2Fv2%2Ftags&post=38547"}],"curies":[{"name":"wp","href":"https:\/\/api.w.org\/{rel}","templated":true}]}}