{"id":38535,"date":"2023-05-08T14:06:22","date_gmt":"2023-05-08T12:06:22","guid":{"rendered":"http:\/\/thereportzone.it\/?p=38535"},"modified":"2023-05-08T14:06:35","modified_gmt":"2023-05-08T12:06:35","slug":"carinola-lo-stadio-comunale-riapre-al-pubblico-ieri-linaugurazione-la-sindaca-di-biasio-una-grande-vittoria-per-tutti","status":"publish","type":"post","link":"https:\/\/www.thereportzone.it\/?p=38535","title":{"rendered":"CARINOLA &#8211; Lo Stadio Comunale riapre al pubblico, ieri l&#8217;inaugurazione. La sindaca Di Biasio: &#8220;Una grande vittoria per tutti&#8221;"},"content":{"rendered":"\n<div class=\"wp-block-columns is-layout-flex wp-container-core-columns-is-layout-1 wp-block-columns-is-layout-flex\">\n<div class=\"wp-block-column is-layout-flow wp-block-column-is-layout-flow\" style=\"flex-basis:100%\">\n<div class=\"wp-block-group is-layout-flow wp-block-group-is-layout-flow\">\n<figure class=\"wp-block-image aligncenter size-full\"><img fetchpriority=\"high\" decoding=\"async\" width=\"691\" height=\"338\" src=\"http:\/\/thereportzone.it\/wp-content\/uploads\/2022\/07\/nuova-st-justin.png\" alt=\"\" class=\"wp-image-36457\"\/><\/figure>\n<\/div>\n<\/div>\n<\/div>\n\n\n\n<figure class=\"wp-block-image aligncenter size-full\"><img decoding=\"async\" width=\"700\" height=\"700\" src=\"http:\/\/thereportzone.it\/wp-content\/uploads\/2023\/03\/NUOVO-BANNER-NAVE.png\" alt=\"\" class=\"wp-image-38336\"\/><\/figure>\n\n\n\n<p><\/p>\n\n\n\n<figure class=\"wp-block-image size-full\"><img decoding=\"async\" width=\"998\" height=\"140\" src=\"http:\/\/thereportzone.it\/wp-content\/uploads\/2022\/07\/SodaPDF-converted-quattro-BUONO.jpg\" alt=\"\" class=\"wp-image-36456\"\/><\/figure>\n\n\n\n<p>Si \u00e8 svolta ieri la cerimonia di inaugurazione della riapertura al pubblico dello stadio comunale di Carinola. Dopo la chiusura agli spettatori, in occasione della finale di play-off del F.C. Nocelleto, i tifosi hanno ripopolato gli spalti nella soleggiato pomeriggio di ieri.<\/p>\n\n\n\n<p><\/p>\n\n\n\n<figure class=\"wp-block-image aligncenter size-full\"><img loading=\"lazy\" decoding=\"async\" width=\"1080\" height=\"1080\" src=\"http:\/\/thereportzone.it\/wp-content\/uploads\/2023\/01\/PIZZA-ALLA-BRACE-NUOVA.png\" alt=\"\" class=\"wp-image-37916\"\/><\/figure>\n\n\n\n<p>Riapertura al pubblico che arriva con l&#8217;agibilit\u00e0 che l&#8217;Amministrazione Comunale guidata dalla sindaca Giuseppina Di Biasio \u00e8 riuscita a recuperare dopo un lungo periodo di duro lavoro ed impegno, come specificato proprio da lei e dall&#8217;assessore Giuseppe D&#8217;Amaro.<\/p>\n\n\n\n<p>&#8220;Non \u00e8 stato un anno semplice e abbiamo dovuto far fronte ad una serie di problemi&#8221; -ha detto Giuseppina Di Biasio-. &#8220;Tuttavia, con tenacia, duro lavoro e determinazione abbiamo deciso comunque che il campo dovesse essere riaperto agli spettatori, perch\u00e9 \u00e8 giusto che i carinolesi possano vivere lo sport ed il calcio. C&#8217;\u00e8 voluto impegno, ma alla fine ce l\u2019abbiamo fatta. Il messaggio che desidero far passare, indirizzato soprattutto ai pi\u00f9 giovani ed agli sportivi, \u00e8 che non bisogna mai perdersi d\u2019animo. La vita, come nello sport, \u00e8 piena di ostacoli. Questi vanno affrontati e superati. Vedere ripopolato lo stadio di Carinola, nella giornata di ieri per l\u2019inaugurazione e la partita, \u00e8 motivo d\u2019orgoglio e sicuramente una grande vittoria per tutti\u201d.<\/p>\n\n\n\n<p>Alle parole della sindaca si affiancano quelle dell&#8217;Assessore con deleghe allo Sport, Politiche Giovanili, Personale e Ecologia Giuseppe D&#8217;Amaro: &#8220;Tante volte ci siamo battuti per la riapertura dello stadio. In molti eravamo scettici per le numerose difficolt\u00e0 che abbiamo dovuto affrontare. Oggi, a gran voce, possiamo dire di esserci riusciti. Ci siamo riusciti anche a ridosso della finale di Play-Off del Nocelleto, dunque, un gran giorno di festa. Ci\u00f2 che abbiamo va mantenuto e migliorato perci\u00f2 si continuer\u00e0 a lavorare per ottimizzare la struttura e siamo sicuri che il prossimo anno avremo uno stadio ancora migliore. Grazie a tutti\u201d.<\/p>\n\n\n\n<p><\/p>\n","protected":false},"excerpt":{"rendered":"<p>Si \u00e8 svolta ieri la cerimonia di inaugurazione della riapertura al pubblico dello stadio comunale di Carinola. Dopo<\/p>\n","protected":false},"author":2,"featured_media":38536,"comment_status":"closed","ping_status":"closed","sticky":false,"template":"","format":"image","meta":{"sfsi_plus_gutenberg_text_before_share":"","sfsi_plus_gutenberg_show_text_before_share":"","sfsi_plus_gutenberg_icon_type":"","sfsi_plus_gutenberg_icon_alignemt":"","sfsi_plus_gutenburg_max_per_row":"","footnotes":""},"categories":[2973,8,9],"tags":[],"class_list":["post-38535","post","type-post","status-publish","format-image","has-post-thumbnail","hentry","category-carinola","category-cronaca","category-politica","post_format-post-format-image"],"_links":{"self":[{"href":"https:\/\/www.thereportzone.it\/index.php?rest_route=\/wp\/v2\/posts\/38535"}],"collection":[{"href":"https:\/\/www.thereportzone.it\/index.php?rest_route=\/wp\/v2\/posts"}],"about":[{"href":"https:\/\/www.thereportzone.it\/index.php?rest_route=\/wp\/v2\/types\/post"}],"author":[{"embeddable":true,"href":"https:\/\/www.thereportzone.it\/index.php?rest_route=\/wp\/v2\/users\/2"}],"replies":[{"embeddable":true,"href":"https:\/\/www.thereportzone.it\/index.php?rest_route=%2Fwp%2Fv2%2Fcomments&post=38535"}],"version-history":[{"count":1,"href":"https:\/\/www.thereportzone.it\/index.php?rest_route=\/wp\/v2\/posts\/38535\/revisions"}],"predecessor-version":[{"id":38537,"href":"https:\/\/www.thereportzone.it\/index.php?rest_route=\/wp\/v2\/posts\/38535\/revisions\/38537"}],"wp:featuredmedia":[{"embeddable":true,"href":"https:\/\/www.thereportzone.it\/index.php?rest_route=\/wp\/v2\/media\/38536"}],"wp:attachment":[{"href":"https:\/\/www.thereportzone.it\/index.php?rest_route=%2Fwp%2Fv2%2Fmedia&parent=38535"}],"wp:term":[{"taxonomy":"category","embeddable":true,"href":"https:\/\/www.thereportzone.it\/index.php?rest_route=%2Fwp%2Fv2%2Fcategories&post=38535"},{"taxonomy":"post_tag","embeddable":true,"href":"https:\/\/www.thereportzone.it\/index.php?rest_route=%2Fwp%2Fv2%2Ftags&post=38535"}],"curies":[{"name":"wp","href":"https:\/\/api.w.org\/{rel}","templated":true}]}}