{"id":38517,"date":"2023-05-04T16:48:50","date_gmt":"2023-05-04T14:48:50","guid":{"rendered":"http:\/\/thereportzone.it\/?p=38517"},"modified":"2023-05-04T17:32:16","modified_gmt":"2023-05-04T15:32:16","slug":"scuola-di-casale-il-comune-al-fianco-delle-famiglie-incontro-produttivo-con-i-genitori","status":"publish","type":"post","link":"https:\/\/www.thereportzone.it\/?p=38517","title":{"rendered":"Scuola di Casale, il Comune al fianco delle famiglie: incontro produttivo con i genitori"},"content":{"rendered":"\n<div class=\"wp-block-columns is-layout-flex wp-container-core-columns-is-layout-1 wp-block-columns-is-layout-flex\">\n<div class=\"wp-block-column is-layout-flow wp-block-column-is-layout-flow\" style=\"flex-basis:100%\">\n<div class=\"wp-block-group is-layout-flow wp-block-group-is-layout-flow\">\n<figure class=\"wp-block-image aligncenter size-full\"><img fetchpriority=\"high\" decoding=\"async\" width=\"691\" height=\"338\" src=\"http:\/\/thereportzone.it\/wp-content\/uploads\/2022\/07\/nuova-st-justin.png\" alt=\"\" class=\"wp-image-36457\"\/><\/figure>\n<\/div>\n<\/div>\n<\/div>\n\n\n\n<figure class=\"wp-block-image aligncenter size-full\"><img decoding=\"async\" width=\"700\" height=\"700\" src=\"http:\/\/thereportzone.it\/wp-content\/uploads\/2023\/03\/NUOVO-BANNER-NAVE.png\" alt=\"\" class=\"wp-image-38336\"\/><\/figure>\n\n\n\n<p><\/p>\n\n\n\n<figure class=\"wp-block-image size-full\"><img decoding=\"async\" width=\"998\" height=\"140\" src=\"http:\/\/thereportzone.it\/wp-content\/uploads\/2022\/07\/SodaPDF-converted-quattro-BUONO.jpg\" alt=\"\" class=\"wp-image-36456\"\/><\/figure>\n\n\n\n<p>Il Sindaco di Carinola Giuseppina Di Biasio ha recentemente espresso la sua preoccupazione per la possibile chiusura della scuola di Casale e ha assicurato che l&#8217;Amministrazione Comunale far\u00e0 tutto ci\u00f2 che \u00e8 nelle loro possibilit\u00e0 per impedirlo. Il provvedimento di chiusura viene deciso direttamente dal provveditorato di Caserta a causa della mancanza di bambini.&nbsp;<\/p>\n\n\n\n<p>L&#8217;incontro tra Sindaco Di Biasio e genitori, terminato pochi minuti fa, \u00e8 stato caratterizzato da toni distesi con una serie di spunti e iniziative interessanti. I genitori hanno espresso le loro preoccupazioni e le loro opinioni, trovando nel Sindaco attenzione e apertura alle parole pronunciate. Infine \u00e8 stata espressa la volont\u00e0 di creare una sinergia tra ente scolastico, istituzioni e cittadini per cercare insieme di affrontare il problema, idea accettata con piacere dalle 3 parti e che vedr\u00e0 un incontro nel breve termine con la Preside dell&#8217;istituto scolastico.<\/p>\n\n\n\n<p>Alla riunione ha preso parte l\u2019Assessore Maria Sorvillo ed il Presodente del Consiglio Marrese. Presente anche la minoranza con i consiglieri Di Maio e Anfora.<\/p>\n\n\n\n<p>&#8220;Come abbiamo sempre auspicato davanti ai problemi non esistono colori politici&#8221; ha affermato Di Biasio.<\/p>\n\n\n\n<p>Il Sindaco ha infine precisato che verranno presto comunicati aggiornamenti.<\/p>\n\n\n\n<p><\/p>\n\n\n\n<figure class=\"wp-block-image aligncenter size-full\"><img loading=\"lazy\" decoding=\"async\" width=\"1080\" height=\"1080\" src=\"http:\/\/thereportzone.it\/wp-content\/uploads\/2023\/01\/PIZZA-ALLA-BRACE-NUOVA.png\" alt=\"\" class=\"wp-image-37916\"\/><\/figure>\n\n\n\n<p><\/p>\n\n\n\n<p><\/p>\n","protected":false},"excerpt":{"rendered":"<p>Il Sindaco di Carinola Giuseppina Di Biasio ha recentemente espresso la sua preoccupazione per la possibile chiusura della<\/p>\n","protected":false},"author":2,"featured_media":401,"comment_status":"closed","ping_status":"closed","sticky":false,"template":"","format":"image","meta":{"sfsi_plus_gutenberg_text_before_share":"","sfsi_plus_gutenberg_show_text_before_share":"","sfsi_plus_gutenberg_icon_type":"","sfsi_plus_gutenberg_icon_alignemt":"","sfsi_plus_gutenburg_max_per_row":"","footnotes":""},"categories":[2973,8,9],"tags":[],"class_list":["post-38517","post","type-post","status-publish","format-image","has-post-thumbnail","hentry","category-carinola","category-cronaca","category-politica","post_format-post-format-image"],"_links":{"self":[{"href":"https:\/\/www.thereportzone.it\/index.php?rest_route=\/wp\/v2\/posts\/38517"}],"collection":[{"href":"https:\/\/www.thereportzone.it\/index.php?rest_route=\/wp\/v2\/posts"}],"about":[{"href":"https:\/\/www.thereportzone.it\/index.php?rest_route=\/wp\/v2\/types\/post"}],"author":[{"embeddable":true,"href":"https:\/\/www.thereportzone.it\/index.php?rest_route=\/wp\/v2\/users\/2"}],"replies":[{"embeddable":true,"href":"https:\/\/www.thereportzone.it\/index.php?rest_route=%2Fwp%2Fv2%2Fcomments&post=38517"}],"version-history":[{"count":3,"href":"https:\/\/www.thereportzone.it\/index.php?rest_route=\/wp\/v2\/posts\/38517\/revisions"}],"predecessor-version":[{"id":38520,"href":"https:\/\/www.thereportzone.it\/index.php?rest_route=\/wp\/v2\/posts\/38517\/revisions\/38520"}],"wp:featuredmedia":[{"embeddable":true,"href":"https:\/\/www.thereportzone.it\/index.php?rest_route=\/wp\/v2\/media\/401"}],"wp:attachment":[{"href":"https:\/\/www.thereportzone.it\/index.php?rest_route=%2Fwp%2Fv2%2Fmedia&parent=38517"}],"wp:term":[{"taxonomy":"category","embeddable":true,"href":"https:\/\/www.thereportzone.it\/index.php?rest_route=%2Fwp%2Fv2%2Fcategories&post=38517"},{"taxonomy":"post_tag","embeddable":true,"href":"https:\/\/www.thereportzone.it\/index.php?rest_route=%2Fwp%2Fv2%2Ftags&post=38517"}],"curies":[{"name":"wp","href":"https:\/\/api.w.org\/{rel}","templated":true}]}}