{"id":38506,"date":"2023-04-28T13:39:34","date_gmt":"2023-04-28T11:39:34","guid":{"rendered":"http:\/\/thereportzone.it\/?p=38506"},"modified":"2023-04-28T13:39:49","modified_gmt":"2023-04-28T11:39:49","slug":"sessa-sabato-29-aprile-touring-club-italiano-fra-beni-archeologici-e-cultura-umanistica-nel-territorio-aurunco","status":"publish","type":"post","link":"https:\/\/www.thereportzone.it\/?p=38506","title":{"rendered":"SESSA &#8211; Sabato 29 aprile Touring Club Italiano fra beni archeologici e cultura umanistica nel territorio aurunco"},"content":{"rendered":"\n<div class=\"wp-block-columns is-layout-flex wp-container-core-columns-is-layout-1 wp-block-columns-is-layout-flex\">\n<div class=\"wp-block-column is-layout-flow wp-block-column-is-layout-flow\" style=\"flex-basis:100%\">\n<div class=\"wp-block-group is-layout-flow wp-block-group-is-layout-flow\">\n<figure class=\"wp-block-image aligncenter size-full\"><img fetchpriority=\"high\" decoding=\"async\" width=\"691\" height=\"338\" src=\"http:\/\/thereportzone.it\/wp-content\/uploads\/2022\/07\/nuova-st-justin.png\" alt=\"\" class=\"wp-image-36457\"\/><\/figure>\n<\/div>\n<\/div>\n<\/div>\n\n\n\n<figure class=\"wp-block-image aligncenter size-full\"><img decoding=\"async\" width=\"700\" height=\"700\" src=\"http:\/\/thereportzone.it\/wp-content\/uploads\/2023\/03\/NUOVO-BANNER-NAVE.png\" alt=\"\" class=\"wp-image-38336\"\/><\/figure>\n\n\n\n<p><\/p>\n\n\n\n<figure class=\"wp-block-image size-full\"><img decoding=\"async\" width=\"998\" height=\"140\" src=\"http:\/\/thereportzone.it\/wp-content\/uploads\/2022\/07\/SodaPDF-converted-quattro-BUONO.jpg\" alt=\"\" class=\"wp-image-36456\"\/><\/figure>\n\n\n\n<p>Iniziativa volta alla valorizzazione e alla cultura del territorio aurunco quella che andr\u00e0 in scena domani, a cura del Touring Club Italiano, con l&#8217;avv. Achille Maria VELLUCCI \u2013 Console Touring Club Italiano e Coordinatore Club di Territorio Terra di Lavoro, dr. Lorenzo DI IORIO \u2013 Sindaco di Sessa Aurunca, avv. Rosario AGO \u2013 Presidente Pro Loco Sessa Aurunca APS, mons. Giacomo CIRULLI \u2013 Vescovo di Sessa Aurunca, prof. Nicola BUSINO \u2013 Universit\u00e0 della Campania L. Vanvitelli, prof.ssa Silvana EPISCOPO \u2013 Universit\u00e0 della Campania L. Vanvitelli, don Roberto GUTTORIELLO \u2013 Vicario Generale Diocesi Sessa Aurunca, prof. Domenico PROIETTI \u2013 Universit\u00e0 della Campania L. Vanvitelli che saranno protagonisti nel convegno che si terr\u00e0 alle <strong>Ore 10.00 presso il Salone dei Quadri del Palazzo di Citt\u00e0<\/strong>.<\/p>\n\n\n\n<p><\/p>\n\n\n\n<figure class=\"wp-block-image aligncenter size-full\"><img loading=\"lazy\" decoding=\"async\" width=\"1080\" height=\"1080\" src=\"http:\/\/thereportzone.it\/wp-content\/uploads\/2023\/01\/PIZZA-ALLA-BRACE-NUOVA.png\" alt=\"\" class=\"wp-image-37916\"\/><\/figure>\n\n\n\n<p>La manifestazione, tuttavia, non sar\u00e0 caratterizzata soltanto dall&#8217;importante convegno. La stessa, infatti, si protrarr\u00e0 fino alle 13.30 con la visita al Museo Diocesano di Sessa Aurunca &#8211; Ore 12.30 e con il pranzo libero presso il Ristorante \u201c<em>Ai Cappuccini<\/em>\u201d &#8211; Ore 13.30.<\/p>\n\n\n\n<p>&#8220;<em>La manifestazione &#8211; <\/em>come si legge sulla pagina ufficiale del Touring Club Italiano<em>&#8211; intende proseguire il percorso di conoscenza e valorizzazione dell\u2019eredit\u00e0 linguistico-culturale e storico-archeologica del territorio sessano iniziata nel 2018-2020 con la collocazione (a Sessa e a S. Maria Valogno) di epigrafi celebrative del Placito sessano (marzo 963).<\/em><\/p>\n\n\n\n<p><em>Con la partecipazione di autori di contributi e iniziative di ricerca sulla archeologia paleocristiana e altomedievale nel Territorio Aurunco saranno presentati i risultati delle ricerche archeologiche condotte sulla storia del complesso paleocristiano di S. Casto a Sessa e sulla chiesa di S. Nicola&nbsp;<\/em><em>in Lauriana presso San Castrese (Sessa Aurunca). Della vivace storia culturale sessana tra Umanesimo e Rinascimento saranno illustrate le figure e le opere dell\u2019umanista Antonio Calcidio (o Calcillo), compilatore, tra l\u2019altro, di un ampio Lexicon, uno dei primi vocabolari moderni di latino, e di Galeazzo Florimonte, vescovo di Sessa, diplomatico e umanista, autore di scritti sull\u2019etica di Aristotele e dedicatario del Galateo di mons. Giovanni Della Casa.<\/em><\/p>\n\n\n\n<p>Le formule testimoniali in volgare del Placito di Sessa Aurunca (marzo 963, giudice Maraldo) e quelle degli altri tre Placiti o Giudicati Cassinesi (perch\u00e9 conservati nell&#8217;archivio dell&#8217;Abbazia di Montecassino e relativi a cause circa il possesso di terreni da essa rivendicati: il Placito di Capua, marzo 960, il Memoratorio e il Placito di Teano, luglio e ottobre 963) sono le prime attestazioni di un volgare italiano consapevolmente introdotto in contesti documentari latini e si collocano all\u2019interno di una tradizione giuridica del Principato di Capua culminata in figure di altissimi funzionari e scrittori quali Pier delle Vigne e Taddeo da Sessa e che preannuncia, in anticipo di almeno duecento anni, l&#8217;affermazione del volgare nell&#8217;uso scritto.<\/p>\n\n\n\n<p>Su questo fertile retroterra si innest\u00f2 la vivace fioritura, a Sessa, della cultura umanistico-rinascimentale. Per il Quattrocento va ricordata la rilevantissima figura dell\u2019umanista Antonio Calcidio (o Calcillo), grammatico e poeta, maestro dell\u2019umanista e filologo Giuniano Maio e del filosofo sessano Agostino Nifo, ma soprattutto compilatore di un ampio&nbsp;<em>Lexicon<\/em>, uno dei primi vocabolari moderni di latino. Nel Cinquecento, accanto al citato Agostino Nifo, si segnala Galeazzo Florimonte, vescovo di Sessa, diplomatico, poeta e scrittore (autore di raccolte di sermoni e di studi sull\u2019<em>Etica<\/em>&nbsp;di Aristotele), oltre che ispiratore e dedicatario del&nbsp;<em>Galateo<\/em>&nbsp;di mons. Giovanni Della Casa (nel titolo viene ripreso, in forma latineggiante, il nome proprio del dedicatario).<\/p>\n\n\n\n<p>A questa tradizione giuridica e letteraria corrisponde un\u2019interrotta continuit\u00e0 di insediamenti e luoghi di culto paleocristiani e altomedievali, collegati a figure martiri e vescovi, tra cui: s. Casto, vescovo di Suessa, martirizzato secondo la tradizione durante la persecuzione di Diocleziano; e s. Castrese (o Castrense), vescovo di\u00a0<em>Volturnum<\/em>, sfuggito alla persecuzione vandalica in Africa nel V secolo. Lo scavo della necropoli individuata a ridosso della chiesa di s. Casto a Sessa Aurunca ha evidenziato le tracce dell\u2019esistenza di una memoria tardoantica, nonch\u00e9 di una lunga continuit\u00e0 cultuale che raggiunge il pieno medioevo. Pi\u00f9 di recente, le ricerche avviate nella frazione di San Castrese nel Comune di Sessa si sono concentrate sull\u2019edificio medievale noto come s. Nicola\u00a0<em>in Lauriana<\/em>, nucleo religioso di un vasto possedimento fondiario dell\u2019abbazia di Montecassino, situato nel settore orientale del suburbio sessano&#8221;.<\/p>\n\n\n\n<p>Tutti gli ulteriori dettagli, contatti, informazioni per partecipazioni e\/o costi, si possono trovare al seguente link: <a href=\"https:\/\/www.touringclub.it\/evento\/sessa-aurunca-ce-beni-archeologici-e-cultura-umanistica-nel-territorio-aurunco\">https:\/\/www.touringclub.it\/evento\/sessa-aurunca-ce-beni-archeologici-e-cultura-umanistica-nel-territorio-aurunco<\/a> <\/p>\n\n\n\n<p><\/p>\n","protected":false},"excerpt":{"rendered":"<p>Iniziativa volta alla valorizzazione e alla cultura del territorio aurunco quella che andr\u00e0 in scena domani, a cura<\/p>\n","protected":false},"author":2,"featured_media":38507,"comment_status":"closed","ping_status":"closed","sticky":false,"template":"","format":"image","meta":{"sfsi_plus_gutenberg_text_before_share":"","sfsi_plus_gutenberg_show_text_before_share":"","sfsi_plus_gutenberg_icon_type":"","sfsi_plus_gutenberg_icon_alignemt":"","sfsi_plus_gutenburg_max_per_row":"","footnotes":""},"categories":[8,10],"tags":[],"class_list":["post-38506","post","type-post","status-publish","format-image","has-post-thumbnail","hentry","category-cronaca","category-cultura","post_format-post-format-image"],"_links":{"self":[{"href":"https:\/\/www.thereportzone.it\/index.php?rest_route=\/wp\/v2\/posts\/38506"}],"collection":[{"href":"https:\/\/www.thereportzone.it\/index.php?rest_route=\/wp\/v2\/posts"}],"about":[{"href":"https:\/\/www.thereportzone.it\/index.php?rest_route=\/wp\/v2\/types\/post"}],"author":[{"embeddable":true,"href":"https:\/\/www.thereportzone.it\/index.php?rest_route=\/wp\/v2\/users\/2"}],"replies":[{"embeddable":true,"href":"https:\/\/www.thereportzone.it\/index.php?rest_route=%2Fwp%2Fv2%2Fcomments&post=38506"}],"version-history":[{"count":1,"href":"https:\/\/www.thereportzone.it\/index.php?rest_route=\/wp\/v2\/posts\/38506\/revisions"}],"predecessor-version":[{"id":38508,"href":"https:\/\/www.thereportzone.it\/index.php?rest_route=\/wp\/v2\/posts\/38506\/revisions\/38508"}],"wp:featuredmedia":[{"embeddable":true,"href":"https:\/\/www.thereportzone.it\/index.php?rest_route=\/wp\/v2\/media\/38507"}],"wp:attachment":[{"href":"https:\/\/www.thereportzone.it\/index.php?rest_route=%2Fwp%2Fv2%2Fmedia&parent=38506"}],"wp:term":[{"taxonomy":"category","embeddable":true,"href":"https:\/\/www.thereportzone.it\/index.php?rest_route=%2Fwp%2Fv2%2Fcategories&post=38506"},{"taxonomy":"post_tag","embeddable":true,"href":"https:\/\/www.thereportzone.it\/index.php?rest_route=%2Fwp%2Fv2%2Ftags&post=38506"}],"curies":[{"name":"wp","href":"https:\/\/api.w.org\/{rel}","templated":true}]}}