{"id":38487,"date":"2023-04-24T11:58:52","date_gmt":"2023-04-24T09:58:52","guid":{"rendered":"http:\/\/thereportzone.it\/?p=38487"},"modified":"2023-04-24T11:59:01","modified_gmt":"2023-04-24T09:59:01","slug":"sessa-esplode-la-questione-cementificio-nuove-richieste-e-la-denuncia-di-fusco","status":"publish","type":"post","link":"https:\/\/www.thereportzone.it\/?p=38487","title":{"rendered":"Sessa: esplode la questione Cementificio. Nuove richieste e la denuncia di Fusco"},"content":{"rendered":"\n<div class=\"wp-block-columns is-layout-flex wp-container-core-columns-is-layout-1 wp-block-columns-is-layout-flex\">\n<div class=\"wp-block-column is-layout-flow wp-block-column-is-layout-flow\" style=\"flex-basis:100%\">\n<div class=\"wp-block-group is-layout-flow wp-block-group-is-layout-flow\">\n<figure class=\"wp-block-image aligncenter size-full\"><img fetchpriority=\"high\" decoding=\"async\" width=\"691\" height=\"338\" src=\"http:\/\/thereportzone.it\/wp-content\/uploads\/2022\/07\/nuova-st-justin.png\" alt=\"\" class=\"wp-image-36457\"\/><\/figure>\n<\/div>\n<\/div>\n<\/div>\n\n\n\n<figure class=\"wp-block-image aligncenter size-full\"><img decoding=\"async\" width=\"700\" height=\"700\" src=\"http:\/\/thereportzone.it\/wp-content\/uploads\/2023\/03\/NUOVO-BANNER-NAVE.png\" alt=\"\" class=\"wp-image-38336\"\/><\/figure>\n\n\n\n<p><\/p>\n\n\n\n<figure class=\"wp-block-image size-full\"><img decoding=\"async\" width=\"998\" height=\"140\" src=\"http:\/\/thereportzone.it\/wp-content\/uploads\/2022\/07\/SodaPDF-converted-quattro-BUONO.jpg\" alt=\"\" class=\"wp-image-36456\"\/><\/figure>\n\n\n\n<p>Sessa: esplode la questione Cementificio. Nuove richieste e la denuncia di Fusco.<\/p>\n\n\n\n<p>Si fa sempre pi\u00f9 accesa la vicenda relativa alle nuove richeste di autorizzazioni della Cacem per il sito nel Comune di Sessa Aurunca nato durante le amministrazioni di centrosinistra e fortemente avversato dai cittadini. L&#8217;intervento del dott. Antonio Fusco serve per chiarire la situazione attuale:<br>&#8220;La questione CACEM non \u00e8 \u201carchiviata\u201d!!!<\/p>\n\n\n\n<p>Purtroppo a causa dell\u2019incapacit\u00e0, dell\u2019inadeguatezza e della superficialit\u00e0 di alcuni ci si preoccupa pi\u00f9 di fare proclami piuttosto che approfondire argomenti vitali per la collettivit\u00e0!<\/p>\n\n\n\n<p>Nonostante la prima Autorit\u00e0 Sanitaria della Comunit\u00e0 Aurunca abbia cercato di chiudere in maniera superficiale una delicatissima vicenda che sin dall&#8217;inizio ha destato forte preoccupazione, ho ritenuto di dover approfondire ulteriormente l\u2019argomento avendo a cuore la salute dei miei concittadini e del territorio.<\/p>\n\n\n\n<p>Forse chi vive lontano dalla zona industriale ritiene di non dover verificare ci\u00f2 che accade in quella localit\u00e0.<\/p>\n\n\n\n<p>Dopo la richiesta di AUA inoltrata dalla CACEM ho effettuato presso gli uffici comunali un accesso agli atti al fine di ottenere tutta l\u2019istruttoria volta al rilascio dell\u2019autorizzazione e da allora ho cercato di fare chiarezza su una vicenda che desta grande preoccupazione.<\/p>\n\n\n\n<p>Perch\u00e9 il 27 febbraio 2023 la societ\u00e0 Cacem s.r.l. ha inoltrato una richiesta di \u201cNUOVA\u201d Autorizzazione Unica Ambientale per il cementificio sito in localit\u00e0 Quintola di Sessa Aurunca che \u00e8 attivo da 13 anni senza aver mai interrotto la produzione, per poi recedere e chiederne l\u2019archiviazione il 20 marzo?<\/p>\n\n\n\n<p>Lo stabilimento non dovrebbe avere gi\u00e0 l\u2019autorizzazione necessaria per emettere polveri sottili in atmosfera e per scaricare acque reflue?<\/p>\n\n\n\n<p>Perch\u00e9 non \u00e8 stato chiesto un rinnovo dell\u2019autorizzazione ma una \u201cnuova\u201d istanza?<\/p>\n\n\n\n<p>\u00c8 possibile che il Sindaco non sia stato in grado di giungere a logiche deduzioni durante il tavolo tecnico convocato???<\/p>\n\n\n\n<p>Perch\u00e9 dopo la richiesta presentata dal sottoscritto in data 20\/03\/2023 ad oggi non non sono stati effettuati gli opportuni controlli?<\/p>\n\n\n\n<p>Le domande, seppur ovvie, sorgono senza difficolt\u00e0 analizzando la documentazione inviata agli Uffici Comunali di Sessa Aurunca dalla societ\u00e0 Cacem s.r.l., completa di relazioni e planimetrie.<\/p>\n\n\n\n<p>La richiesta con annessa documentazione, nota a Lega Ambiente Sessa Aurunca ed alla Consulta dell\u2019Ambiente presieduta dal Delegato Comunale Osservatorio Ambientale e consigliere di maggioranza Basilio Vernile, seppur riferita alla struttura esistente, non \u00e8 volta ne \u00e8 ad ottenere un rinnovo dell\u2019autorizzazione n\u00e8 un ampliamento di quella esistente (come alcuni hanno intenzionalmente voluto lasciar intendere) ma \u00e8 specificatamente richiesta come \u201cNuova\u201d autorizzazione.<\/p>\n\n\n\n<p>Per i sospetti e nel rispetto del mandato elettivo ho provveduto a protocollare una richiesta al Comando della Polizia Locale, al SUAP ed al Settore Ambiente del Comune di Sessa Aurunca richiedendo inoltre eventuali copie in archivio della Autorizzazione Unica Ambientale per l\u2019attivit\u00e0 oggi svolta presso il predetto cementificio o altre autorizzazioni sostitutive (ai sensi degli art. 124, 269 e 272 del D.L.vo n. 152\/2006) nonch\u00e9 i dati di auto-monitoraggio delle emissioni in atmosfera dello stabilimento ai sensi della normativa vigente.<\/p>\n\n\n\n<p>Visto lo scarso riscontro e l\u2019immobilismo dell\u2019Amministrazione in data 01 aprile 2023 ho inoltrato la stessa richiesta al Settore Ambiente ed Ecologia della Provincia di Caserta e, dopo sette giorni, anche all\u2019Ente Idrico Campano e all\u2019UOD Autorizazioni Ambientali Regione Campania.<\/p>\n\n\n\n<p>Possiamo con certezza affermare che ad oggi nessuno degli Enti preposti possiede autorizzazioni rilasciate alla Cacem s.r.l. riferita all\u2019attivit\u00e0 svolta presso il Cementificio di Sessa Aurunca.<\/p>\n\n\n\n<p>Oggi qualsiasi azione blanda e tardiva intrapresa dal Sindaco non lo assolver\u00e0.&#8221;<\/p>\n\n\n\n<p><\/p>\n\n\n\n<figure class=\"wp-block-image aligncenter size-full\"><img loading=\"lazy\" decoding=\"async\" width=\"1080\" height=\"1080\" src=\"http:\/\/thereportzone.it\/wp-content\/uploads\/2023\/01\/PIZZA-ALLA-BRACE-NUOVA.png\" alt=\"\" class=\"wp-image-37916\"\/><\/figure>\n\n\n\n<p><\/p>\n\n\n\n<p><\/p>\n","protected":false},"excerpt":{"rendered":"<p>Sessa: esplode la questione Cementificio. Nuove richieste e la denuncia di Fusco. Si fa sempre pi\u00f9 accesa la<\/p>\n","protected":false},"author":2,"featured_media":38488,"comment_status":"closed","ping_status":"closed","sticky":false,"template":"","format":"image","meta":{"sfsi_plus_gutenberg_text_before_share":"","sfsi_plus_gutenberg_show_text_before_share":"","sfsi_plus_gutenberg_icon_type":"","sfsi_plus_gutenberg_icon_alignemt":"","sfsi_plus_gutenburg_max_per_row":"","footnotes":""},"categories":[8],"tags":[],"class_list":["post-38487","post","type-post","status-publish","format-image","has-post-thumbnail","hentry","category-cronaca","post_format-post-format-image"],"_links":{"self":[{"href":"https:\/\/www.thereportzone.it\/index.php?rest_route=\/wp\/v2\/posts\/38487"}],"collection":[{"href":"https:\/\/www.thereportzone.it\/index.php?rest_route=\/wp\/v2\/posts"}],"about":[{"href":"https:\/\/www.thereportzone.it\/index.php?rest_route=\/wp\/v2\/types\/post"}],"author":[{"embeddable":true,"href":"https:\/\/www.thereportzone.it\/index.php?rest_route=\/wp\/v2\/users\/2"}],"replies":[{"embeddable":true,"href":"https:\/\/www.thereportzone.it\/index.php?rest_route=%2Fwp%2Fv2%2Fcomments&post=38487"}],"version-history":[{"count":1,"href":"https:\/\/www.thereportzone.it\/index.php?rest_route=\/wp\/v2\/posts\/38487\/revisions"}],"predecessor-version":[{"id":38489,"href":"https:\/\/www.thereportzone.it\/index.php?rest_route=\/wp\/v2\/posts\/38487\/revisions\/38489"}],"wp:featuredmedia":[{"embeddable":true,"href":"https:\/\/www.thereportzone.it\/index.php?rest_route=\/wp\/v2\/media\/38488"}],"wp:attachment":[{"href":"https:\/\/www.thereportzone.it\/index.php?rest_route=%2Fwp%2Fv2%2Fmedia&parent=38487"}],"wp:term":[{"taxonomy":"category","embeddable":true,"href":"https:\/\/www.thereportzone.it\/index.php?rest_route=%2Fwp%2Fv2%2Fcategories&post=38487"},{"taxonomy":"post_tag","embeddable":true,"href":"https:\/\/www.thereportzone.it\/index.php?rest_route=%2Fwp%2Fv2%2Ftags&post=38487"}],"curies":[{"name":"wp","href":"https:\/\/api.w.org\/{rel}","templated":true}]}}