{"id":38443,"date":"2023-04-16T15:03:57","date_gmt":"2023-04-16T13:03:57","guid":{"rendered":"http:\/\/thereportzone.it\/?p=38443"},"modified":"2023-04-16T15:04:12","modified_gmt":"2023-04-16T13:04:12","slug":"intervista-a-rosa-di-maio-che-ufficializza-il-passaggio-a-fdi","status":"publish","type":"post","link":"https:\/\/www.thereportzone.it\/?p=38443","title":{"rendered":"Intervista a Rosa Di Maio che ufficializza il passaggio a FdI"},"content":{"rendered":"\n<div class=\"wp-block-columns is-layout-flex wp-container-core-columns-is-layout-1 wp-block-columns-is-layout-flex\">\n<div class=\"wp-block-column is-layout-flow wp-block-column-is-layout-flow\" style=\"flex-basis:100%\">\n<div class=\"wp-block-group is-layout-flow wp-block-group-is-layout-flow\">\n<figure class=\"wp-block-image aligncenter size-full\"><img fetchpriority=\"high\" decoding=\"async\" width=\"691\" height=\"338\" src=\"http:\/\/thereportzone.it\/wp-content\/uploads\/2022\/07\/nuova-st-justin.png\" alt=\"\" class=\"wp-image-36457\"\/><\/figure>\n<\/div>\n<\/div>\n<\/div>\n\n\n\n<figure class=\"wp-block-image aligncenter size-full\"><img decoding=\"async\" width=\"700\" height=\"700\" src=\"http:\/\/thereportzone.it\/wp-content\/uploads\/2023\/03\/NUOVO-BANNER-NAVE.png\" alt=\"\" class=\"wp-image-38336\"\/><\/figure>\n\n\n\n<p><\/p>\n\n\n\n<figure class=\"wp-block-image size-full\"><img decoding=\"async\" width=\"998\" height=\"140\" src=\"http:\/\/thereportzone.it\/wp-content\/uploads\/2022\/07\/SodaPDF-converted-quattro-BUONO.jpg\" alt=\"\" class=\"wp-image-36456\"\/><\/figure>\n\n\n\n<p>Intervista con Rosa Di Maio, consigliere comunale a Carinola, con un boom di preferenze alle ultime amministrative al comune di Carinola.&nbsp;<\/p>\n\n\n\n<p>Avvocato Di Maio, appena qualche giorno fa ci ha stupito con effetti speciali: ha ufficializzato la sua adesione a Fratelli d\u2019Italia.&nbsp;<\/p>\n\n\n\n<p>In realt\u00e0, \u00e8 un percorso che inizia da lontano: le ultime amministrative sono state importanti, non solo per il grande consenso che Lei ha ricordato, ma anche perch\u00e9 mi hanno fatto aprire gli occhi su molte cose e mi hanno spinto a chiedermi, con colpevole ritardo, lo ammetto, cosa volessi fare da grande.&nbsp;<\/p>\n\n\n\n<p>E qual \u00e8 stata la risposta? Cosa vuole fare Rosa Di Maio da grande?<\/p>\n\n\n\n<p>Certamente, proseguire la mia attivit\u00e0 politica, provando a dare il giusto riconoscimento a chi in questi anni ha condiviso e sostenuto le mie battaglie. Battaglie fatte sempre per una causa comune, mai per ambizioni personali. Gi\u00e0 da tempo, per\u00f2, proprio chi mi sta vicino ha iniziato a chiedermi che la causa e la persona coincidessero.&nbsp;<\/p>\n\n\n\n<p>Per essere pi\u00f9 chiari: gli elettori si aspettavano che fosse Lei il candidato a sindaco alle ultime Amministrative.&nbsp;<\/p>\n\n\n\n<p>S\u00ec, inutile negarlo: c\u2019erano molto aspettative. Sarebbe stata la conseguenza naturale dopo anni ed anni di militanza. Le circostanze evidentemente non erano favorevoli e tutti abbiamo sostenuto lealmente il candidato Ugo De Crescenzo, professionista e persona di grande livello.&nbsp;<\/p>\n\n\n\n<p>Come mai ha scelto proprio Fratelli d\u2019Italia per proseguire il suo percorso politico?&nbsp;<\/p>\n\n\n\n<p>I maligni penseranno che Lei sia salita sul carro del vincitore.&nbsp;<\/p>\n\n\n\n<p>Eh, i maligni fanno e dicono quello che possono. Se fossi una che salta sul carro del vincitore, lo avrei fatto da tempo. In realt\u00e0, la scelta non poteva che ricadere su un partito di centro destra. Nel caso di FDI, mi ha convinta anche che fosse ben strutturato e radicato sul territorio, consentendomi di continuare a lavorare tra la gente.&nbsp;<\/p>\n\n\n\n<p>S\u00ec, ma c\u2019era anche la Lega.&nbsp;<\/p>\n\n\n\n<p>Vero. Sono legata a Gianpiero Zinzi da profonda stima ed affetto, ma FDI \u00e8 un partito molto pi\u00f9 affine alle mie idee politiche ed inoltre, anche a livello locale, collaboro da tempo e bene con Salvatore Giacca e tutto il gruppo.&nbsp;<\/p>\n\n\n\n<p>Come mai non \u00e8 rimasta in Forza Italia o ha seguito Grimaldi e Caldoro nel rifondare il Nuovo Psi?&nbsp;<\/p>\n\n\n\n<p>Mi conoscete, sono una di quelle persone che ancora fa politica sul territorio. Ma questo per un partito come Forza Italia conta poco o nulla, perch\u00e9 alla fine la scelta dei candidati o dei rappresentanti ricade sempre sugli amici o gli amici degli amici. Arriva un momento in cui dici basta a questa logica.&nbsp;<\/p>\n\n\n\n<p>Per quanto riguarda il Nuovo Psi, Grimaldi e Caldoro sono stati per anni i miei riferimenti politici.&nbsp;<\/p>\n\n\n\n<p>Da loro, ho imparato tanto e ho dato tanto, in termini di impegno politico ed elettorale. Per questo, sono convinta che la stima e l\u2019amicizia che ci legano non saranno messe in discussione dalla scelta di strade politiche diverse.&nbsp;<\/p>\n\n\n\n<p>Ma come mai non ha aderito il Nuovo Psi?&nbsp;<\/p>\n\n\n\n<p>Il Nuovo Psi \u00e8 una piccola realt\u00e0 che, per ragioni tecniche, dovr\u00e0 trovare una casa \u201celettorale\u201d. Oggi, non si sa come e con chi si federer\u00e0 in occasione dei prossimi appuntamenti elettorali che ci toccheranno pi\u00f9 da vicino, europee e regionali. Io volevo intraprendere fin da subito un percorso chiaro in un partito strutturato come Fratelli d\u2019Italia. Tutto qui.&nbsp;<\/p>\n\n\n\n<p>Quali sono i Suoi prossimi obiettivi politici.&nbsp;<\/p>\n\n\n\n<p>Per il momento, continueremo a lavorare a Carinola in opposizione a questa amministrazione. L\u2019obiettivo per me \u00e8 sempre lo stesso: fare al meglio ci\u00f2 che gli elettori mi chiedono.<\/p>\n\n\n\n<p><\/p>\n\n\n\n<figure class=\"wp-block-image aligncenter size-full\"><img loading=\"lazy\" decoding=\"async\" width=\"1080\" height=\"1080\" src=\"http:\/\/thereportzone.it\/wp-content\/uploads\/2023\/01\/PIZZA-ALLA-BRACE-NUOVA.png\" alt=\"\" class=\"wp-image-37916\"\/><\/figure>\n\n\n\n<p><\/p>\n\n\n\n<p><\/p>\n","protected":false},"excerpt":{"rendered":"<p>Intervista con Rosa Di Maio, consigliere comunale a Carinola, con un boom di preferenze alle ultime amministrative al<\/p>\n","protected":false},"author":2,"featured_media":38444,"comment_status":"closed","ping_status":"closed","sticky":false,"template":"","format":"image","meta":{"sfsi_plus_gutenberg_text_before_share":"","sfsi_plus_gutenberg_show_text_before_share":"","sfsi_plus_gutenberg_icon_type":"","sfsi_plus_gutenberg_icon_alignemt":"","sfsi_plus_gutenburg_max_per_row":"","footnotes":""},"categories":[2973,9],"tags":[],"class_list":["post-38443","post","type-post","status-publish","format-image","has-post-thumbnail","hentry","category-carinola","category-politica","post_format-post-format-image"],"_links":{"self":[{"href":"https:\/\/www.thereportzone.it\/index.php?rest_route=\/wp\/v2\/posts\/38443"}],"collection":[{"href":"https:\/\/www.thereportzone.it\/index.php?rest_route=\/wp\/v2\/posts"}],"about":[{"href":"https:\/\/www.thereportzone.it\/index.php?rest_route=\/wp\/v2\/types\/post"}],"author":[{"embeddable":true,"href":"https:\/\/www.thereportzone.it\/index.php?rest_route=\/wp\/v2\/users\/2"}],"replies":[{"embeddable":true,"href":"https:\/\/www.thereportzone.it\/index.php?rest_route=%2Fwp%2Fv2%2Fcomments&post=38443"}],"version-history":[{"count":1,"href":"https:\/\/www.thereportzone.it\/index.php?rest_route=\/wp\/v2\/posts\/38443\/revisions"}],"predecessor-version":[{"id":38445,"href":"https:\/\/www.thereportzone.it\/index.php?rest_route=\/wp\/v2\/posts\/38443\/revisions\/38445"}],"wp:featuredmedia":[{"embeddable":true,"href":"https:\/\/www.thereportzone.it\/index.php?rest_route=\/wp\/v2\/media\/38444"}],"wp:attachment":[{"href":"https:\/\/www.thereportzone.it\/index.php?rest_route=%2Fwp%2Fv2%2Fmedia&parent=38443"}],"wp:term":[{"taxonomy":"category","embeddable":true,"href":"https:\/\/www.thereportzone.it\/index.php?rest_route=%2Fwp%2Fv2%2Fcategories&post=38443"},{"taxonomy":"post_tag","embeddable":true,"href":"https:\/\/www.thereportzone.it\/index.php?rest_route=%2Fwp%2Fv2%2Ftags&post=38443"}],"curies":[{"name":"wp","href":"https:\/\/api.w.org\/{rel}","templated":true}]}}