{"id":38410,"date":"2023-04-08T12:44:48","date_gmt":"2023-04-08T10:44:48","guid":{"rendered":"http:\/\/thereportzone.it\/?p=38410"},"modified":"2023-04-08T12:44:58","modified_gmt":"2023-04-08T10:44:58","slug":"l-amministrazione-comunale-rilancia-il-comparto-agricolo-e-forestale-a-giugno-la-kermesse-falerno-wine-business","status":"publish","type":"post","link":"https:\/\/www.thereportzone.it\/?p=38410","title":{"rendered":"L&#8217; amministrazione comunale rilancia il comparto agricolo e forestale. A giugno la kermesse Falerno Wine Business"},"content":{"rendered":"\n<div class=\"wp-block-columns is-layout-flex wp-container-core-columns-is-layout-1 wp-block-columns-is-layout-flex\">\n<div class=\"wp-block-column is-layout-flow wp-block-column-is-layout-flow\" style=\"flex-basis:100%\">\n<div class=\"wp-block-group is-layout-flow wp-block-group-is-layout-flow\">\n<figure class=\"wp-block-image aligncenter size-full\"><img fetchpriority=\"high\" decoding=\"async\" width=\"691\" height=\"338\" src=\"http:\/\/thereportzone.it\/wp-content\/uploads\/2022\/07\/nuova-st-justin.png\" alt=\"\" class=\"wp-image-36457\"\/><\/figure>\n<\/div>\n<\/div>\n<\/div>\n\n\n\n<figure class=\"wp-block-image aligncenter size-full\"><img decoding=\"async\" width=\"700\" height=\"700\" src=\"http:\/\/thereportzone.it\/wp-content\/uploads\/2023\/03\/NUOVO-BANNER-NAVE.png\" alt=\"\" class=\"wp-image-38336\"\/><\/figure>\n\n\n\n<p><\/p>\n\n\n\n<figure class=\"wp-block-image size-full\"><img decoding=\"async\" width=\"998\" height=\"140\" src=\"http:\/\/thereportzone.it\/wp-content\/uploads\/2022\/07\/SodaPDF-converted-quattro-BUONO.jpg\" alt=\"\" class=\"wp-image-36456\"\/><\/figure>\n\n\n\n<p><\/p>\n\n\n\n<figure class=\"wp-block-image size-full\"><img loading=\"lazy\" decoding=\"async\" width=\"998\" height=\"140\" src=\"http:\/\/thereportzone.it\/wp-content\/uploads\/2023\/02\/margo-trz-piccolo.png\" alt=\"\" class=\"wp-image-38054\"\/><\/figure>\n\n\n\n<p>Si \u00e8 tenuto, l altro giorno, presso l&#8217;assessorato all&#8217;agricoltura della Regione Campania,\u00a0\u00a0l&#8217; incontro di lavoro\u00a0\u00a0tra l&#8217; on. Caputo e l&#8217;assessore Rosa Maria Zannone. Sul tavolo dei lavori le istanze dell&#8217; amministrazione comunale, guidata dal sindaco Erasmo Fava, pertinenti alcune fondamentali tematiche di sviluppo inerenti specifici comparti.<\/p>\n\n\n\n<p>L&#8217;assessore Zannone ha prospettato l&#8217; opportunit\u00e0 di sostenere e incentivare l&#8217;agroalimentare attraverso, come evidenziato dall&#8217; assessore regionale Caputo e dello staff tecnico messo a disposizione, l&#8217;inserimento di Falciano tra i comuni comprendenti la comunit\u00e0 montana. Una istanza che il comune pu\u00f2 avanzare al fine di ottenere i benefici derivanti dai finanziamenti pubblici.<br><\/p>\n\n\n\n<p>Anche per quanto attiene il prossimo\u00a0\u00a0GAL, Falciano \u00e8 stata inserita nella linea dei finanziamenti previsti. Una vera novit\u00e0 resa possibile dall&#8217;assessorato regionale grazie alla\u00a0\u00a0ridisegnazione dei comuni beneficiari. Per quanto attiene le\u00a0\u00a0foreste,\u00a0\u00a0il comune di Falciano ha espresso l&#8217;intento di\u00a0\u00a0sottoscrivere una partnership con la regione e provincia, al fine di ottimizzare il patrimonio mediante l&#8217;attivazione di percorsi di lavoro\u00a0\u00a0da affidare a cooperative con scopi sociali.\u00a0<br><\/p>\n\n\n\n<p>Novit\u00e0 anche per la filiera vitivinicola locale. L&#8217; amministrazione falcianese, con l&#8217;assessore all\u2019 agricoltura,\u00a0\u00a0promuover\u00e0 il comparto definendo una politica di raccordo e sviluppo omogeneo ed integrale. A tal fine,\u00a0\u00a0nel mese di giugno si terr\u00e0 la Falerno Wine Business. Una kermesse che incentiver\u00e0 l&#8217;incontro tra produttori e consumatori nonch\u00e9 la centralit\u00e0 del territorio falcianese. Intanto per le prossime settimane l&#8217;\u00a0\u00a0assessore regionale \u00e8 stato invitato per un tour presso le numerose aziende locali.\u00a0<br><\/p>\n\n\n\n<p>Preparativi in vista, dunque,\u00a0\u00a0per l&#8217;accoglienza e per la realizzazione della manifestazione vitivinicola.<\/p>\n\n\n\n<figure class=\"wp-block-image aligncenter size-full\"><img loading=\"lazy\" decoding=\"async\" width=\"1080\" height=\"1080\" src=\"http:\/\/thereportzone.it\/wp-content\/uploads\/2023\/01\/PIZZA-ALLA-BRACE-NUOVA.png\" alt=\"\" class=\"wp-image-37916\"\/><\/figure>\n\n\n\n<p><\/p>\n\n\n\n<p><\/p>\n","protected":false},"excerpt":{"rendered":"<p>Si \u00e8 tenuto, l altro giorno, presso l&#8217;assessorato all&#8217;agricoltura della Regione Campania,\u00a0\u00a0l&#8217; incontro di lavoro\u00a0\u00a0tra l&#8217; on. Caputo<\/p>\n","protected":false},"author":2,"featured_media":38411,"comment_status":"closed","ping_status":"closed","sticky":false,"template":"","format":"image","meta":{"sfsi_plus_gutenberg_text_before_share":"","sfsi_plus_gutenberg_show_text_before_share":"","sfsi_plus_gutenberg_icon_type":"","sfsi_plus_gutenberg_icon_alignemt":"","sfsi_plus_gutenburg_max_per_row":"","footnotes":""},"categories":[8,4,9],"tags":[],"class_list":["post-38410","post","type-post","status-publish","format-image","has-post-thumbnail","hentry","category-cronaca","category-falciano","category-politica","post_format-post-format-image"],"_links":{"self":[{"href":"https:\/\/www.thereportzone.it\/index.php?rest_route=\/wp\/v2\/posts\/38410"}],"collection":[{"href":"https:\/\/www.thereportzone.it\/index.php?rest_route=\/wp\/v2\/posts"}],"about":[{"href":"https:\/\/www.thereportzone.it\/index.php?rest_route=\/wp\/v2\/types\/post"}],"author":[{"embeddable":true,"href":"https:\/\/www.thereportzone.it\/index.php?rest_route=\/wp\/v2\/users\/2"}],"replies":[{"embeddable":true,"href":"https:\/\/www.thereportzone.it\/index.php?rest_route=%2Fwp%2Fv2%2Fcomments&post=38410"}],"version-history":[{"count":1,"href":"https:\/\/www.thereportzone.it\/index.php?rest_route=\/wp\/v2\/posts\/38410\/revisions"}],"predecessor-version":[{"id":38412,"href":"https:\/\/www.thereportzone.it\/index.php?rest_route=\/wp\/v2\/posts\/38410\/revisions\/38412"}],"wp:featuredmedia":[{"embeddable":true,"href":"https:\/\/www.thereportzone.it\/index.php?rest_route=\/wp\/v2\/media\/38411"}],"wp:attachment":[{"href":"https:\/\/www.thereportzone.it\/index.php?rest_route=%2Fwp%2Fv2%2Fmedia&parent=38410"}],"wp:term":[{"taxonomy":"category","embeddable":true,"href":"https:\/\/www.thereportzone.it\/index.php?rest_route=%2Fwp%2Fv2%2Fcategories&post=38410"},{"taxonomy":"post_tag","embeddable":true,"href":"https:\/\/www.thereportzone.it\/index.php?rest_route=%2Fwp%2Fv2%2Ftags&post=38410"}],"curies":[{"name":"wp","href":"https:\/\/api.w.org\/{rel}","templated":true}]}}