{"id":38392,"date":"2023-04-03T09:57:04","date_gmt":"2023-04-03T07:57:04","guid":{"rendered":"http:\/\/thereportzone.it\/?p=38392"},"modified":"2023-04-03T09:57:15","modified_gmt":"2023-04-03T07:57:15","slug":"mondragone-pubblicato-il-terzo-volume-del-poema-francesco-un-papa-proprio-cosi-di-don-franco-alfieri","status":"publish","type":"post","link":"https:\/\/www.thereportzone.it\/?p=38392","title":{"rendered":"MONDRAGONE &#8211; Pubblicato il terzo volume del poema &#8220;Francesco. Un Papa proprio cos\u00ec&#8221; di Don Franco Alfieri"},"content":{"rendered":"\n<div class=\"wp-block-columns is-layout-flex wp-container-core-columns-is-layout-1 wp-block-columns-is-layout-flex\">\n<div class=\"wp-block-column is-layout-flow wp-block-column-is-layout-flow\" style=\"flex-basis:100%\">\n<div class=\"wp-block-group is-layout-flow wp-block-group-is-layout-flow\">\n<figure class=\"wp-block-image aligncenter size-full\"><img fetchpriority=\"high\" decoding=\"async\" width=\"691\" height=\"338\" src=\"http:\/\/thereportzone.it\/wp-content\/uploads\/2022\/07\/nuova-st-justin.png\" alt=\"\" class=\"wp-image-36457\"\/><\/figure>\n<\/div>\n<\/div>\n<\/div>\n\n\n\n<figure class=\"wp-block-image aligncenter size-full\"><img decoding=\"async\" width=\"700\" height=\"700\" src=\"http:\/\/thereportzone.it\/wp-content\/uploads\/2023\/03\/NUOVO-BANNER-NAVE.png\" alt=\"\" class=\"wp-image-38336\"\/><\/figure>\n\n\n\n<p><\/p>\n\n\n\n<figure class=\"wp-block-image size-full\"><img decoding=\"async\" width=\"998\" height=\"140\" src=\"http:\/\/thereportzone.it\/wp-content\/uploads\/2022\/07\/SodaPDF-converted-quattro-BUONO.jpg\" alt=\"\" class=\"wp-image-36456\"\/><\/figure>\n\n\n\n<p><\/p>\n\n\n\n<figure class=\"wp-block-image size-full\"><img loading=\"lazy\" decoding=\"async\" width=\"998\" height=\"140\" src=\"http:\/\/thereportzone.it\/wp-content\/uploads\/2023\/02\/margo-trz-piccolo.png\" alt=\"\" class=\"wp-image-38054\"\/><\/figure>\n\n\n\n<p>Nel decimo anniversario di pontificato di Papa Francesco, \u00e8 stato pubblicato il terzo volume del poema \u201cFrancesco. Un papa proprio cos\u00ec\u201d, di don Franco Alfieri. La Trilogia poetica dedicata a Papa Francesco, \u00e8 un&#8217;opera composta dal 2016 al 2020. <\/p>\n\n\n\n<figure class=\"wp-block-image aligncenter size-full\"><img loading=\"lazy\" decoding=\"async\" width=\"1080\" height=\"1080\" src=\"http:\/\/thereportzone.it\/wp-content\/uploads\/2023\/01\/PIZZA-ALLA-BRACE-NUOVA.png\" alt=\"\" class=\"wp-image-37916\"\/><\/figure>\n\n\n\n<p>&#8220;Con grande gioia -comunica il Comitato Memoriale Don Franco Alfieri- nel X\u00b0 Anniversario di Pontificato di papa Francesco, annunciamo la pubblicazione, dai testi originali, del III volume del Poema &#8220;Francesco. Un papa proprio cos\u00ec&#8221;, di don Franco Alfieri. <\/p>\n\n\n\n<p>La Trilogia poetica dedicata a Papa Francesco, opera composta dal 2016 al 2020, \u00e8 il compimento dei sogni pastorali di don Franco, che ha cantato con arguta intelligenza, stupore dell&#8217;immaginazione ed evangelica intuizione il ministero del Vescovo di Roma, il nostro Papa Francesco. Un papa proprio cos\u00ec.<\/p>\n\n\n\n<p>Un ringraziamento particolare va a don Nando Iannotta che ci ha incoraggiato e sostenuto in quest&#8217;ultima pubblicazione.<\/p>\n\n\n\n<p>Il testo \u00e8 pubblicato per volont\u00e0 di don Franco, espressa pi\u00f9 volte ad alcuni di noi del comitato &#8220;Memoriale don Franco&#8221;, mesi prima e durante i giorni del ricovero in ospedale.<\/p>\n\n\n\n<p>L&#8217;opera \u00e8 arricchita da due pregevoli contribuiti: il Preambolo di Padre Raffaele Nogaro, vescovo e fraterno amico di don Franco e la Prefazione di Mons. Domenico Battaglia, attuale arcivescovo metropolita di Napoli, estimatore dell&#8217;Opera del nostro amato Poeta&#8230;<\/p>\n\n\n\n<p>Il Volume sar\u00e0 disponibile da marted\u00ec 11 aprile presso la Basilica Minore di Maria SS. Incaldana, al termine della Celebrazione delle 10.30 presieduta dal nostro Vescovo Giacomo Cirulli&#8221;.<\/p>\n\n\n\n<figure class=\"wp-block-image aligncenter size-full\"><img loading=\"lazy\" decoding=\"async\" width=\"1153\" height=\"1600\" src=\"http:\/\/thereportzone.it\/wp-content\/uploads\/2023\/04\/libro-don-alfieri-franco-papa-francesco.jpg\" alt=\"\" class=\"wp-image-38393\"\/><\/figure>\n\n\n\n<p><\/p>\n","protected":false},"excerpt":{"rendered":"<p>Nel decimo anniversario di pontificato di Papa Francesco, \u00e8 stato pubblicato il terzo volume del poema \u201cFrancesco. Un<\/p>\n","protected":false},"author":2,"featured_media":38394,"comment_status":"closed","ping_status":"closed","sticky":false,"template":"","format":"image","meta":{"sfsi_plus_gutenberg_text_before_share":"","sfsi_plus_gutenberg_show_text_before_share":"","sfsi_plus_gutenberg_icon_type":"","sfsi_plus_gutenberg_icon_alignemt":"","sfsi_plus_gutenburg_max_per_row":"","footnotes":""},"categories":[8,10,5],"tags":[],"class_list":["post-38392","post","type-post","status-publish","format-image","has-post-thumbnail","hentry","category-cronaca","category-cultura","category-mondragone","post_format-post-format-image"],"_links":{"self":[{"href":"https:\/\/www.thereportzone.it\/index.php?rest_route=\/wp\/v2\/posts\/38392"}],"collection":[{"href":"https:\/\/www.thereportzone.it\/index.php?rest_route=\/wp\/v2\/posts"}],"about":[{"href":"https:\/\/www.thereportzone.it\/index.php?rest_route=\/wp\/v2\/types\/post"}],"author":[{"embeddable":true,"href":"https:\/\/www.thereportzone.it\/index.php?rest_route=\/wp\/v2\/users\/2"}],"replies":[{"embeddable":true,"href":"https:\/\/www.thereportzone.it\/index.php?rest_route=%2Fwp%2Fv2%2Fcomments&post=38392"}],"version-history":[{"count":1,"href":"https:\/\/www.thereportzone.it\/index.php?rest_route=\/wp\/v2\/posts\/38392\/revisions"}],"predecessor-version":[{"id":38395,"href":"https:\/\/www.thereportzone.it\/index.php?rest_route=\/wp\/v2\/posts\/38392\/revisions\/38395"}],"wp:featuredmedia":[{"embeddable":true,"href":"https:\/\/www.thereportzone.it\/index.php?rest_route=\/wp\/v2\/media\/38394"}],"wp:attachment":[{"href":"https:\/\/www.thereportzone.it\/index.php?rest_route=%2Fwp%2Fv2%2Fmedia&parent=38392"}],"wp:term":[{"taxonomy":"category","embeddable":true,"href":"https:\/\/www.thereportzone.it\/index.php?rest_route=%2Fwp%2Fv2%2Fcategories&post=38392"},{"taxonomy":"post_tag","embeddable":true,"href":"https:\/\/www.thereportzone.it\/index.php?rest_route=%2Fwp%2Fv2%2Ftags&post=38392"}],"curies":[{"name":"wp","href":"https:\/\/api.w.org\/{rel}","templated":true}]}}