{"id":38350,"date":"2023-03-24T14:58:22","date_gmt":"2023-03-24T13:58:22","guid":{"rendered":"http:\/\/thereportzone.it\/?p=38350"},"modified":"2023-03-24T14:58:34","modified_gmt":"2023-03-24T13:58:34","slug":"sessa-aurunca-apertura-nuovo-allestimento-del-museo-diocesano-mudise","status":"publish","type":"post","link":"https:\/\/www.thereportzone.it\/?p=38350","title":{"rendered":"SESSA AURUNCA &#8211; Apertura nuovo allestimento del Museo Diocesano. MUDISE"},"content":{"rendered":"\n<div class=\"wp-block-columns is-layout-flex wp-container-core-columns-is-layout-1 wp-block-columns-is-layout-flex\">\n<div class=\"wp-block-column is-layout-flow wp-block-column-is-layout-flow\" style=\"flex-basis:100%\">\n<div class=\"wp-block-group is-layout-flow wp-block-group-is-layout-flow\">\n<figure class=\"wp-block-image aligncenter size-full\"><img fetchpriority=\"high\" decoding=\"async\" width=\"691\" height=\"338\" src=\"http:\/\/thereportzone.it\/wp-content\/uploads\/2022\/07\/nuova-st-justin.png\" alt=\"\" class=\"wp-image-36457\"\/><\/figure>\n<\/div>\n<\/div>\n<\/div>\n\n\n\n<figure class=\"wp-block-image aligncenter size-full\"><img decoding=\"async\" width=\"700\" height=\"700\" src=\"http:\/\/thereportzone.it\/wp-content\/uploads\/2023\/03\/NUOVO-BANNER-NAVE.png\" alt=\"\" class=\"wp-image-38336\"\/><\/figure>\n\n\n\n<p><\/p>\n\n\n\n<figure class=\"wp-block-image size-full\"><img decoding=\"async\" width=\"998\" height=\"140\" src=\"http:\/\/thereportzone.it\/wp-content\/uploads\/2022\/07\/SodaPDF-converted-quattro-BUONO.jpg\" alt=\"\" class=\"wp-image-36456\"\/><\/figure>\n\n\n\n<p><\/p>\n\n\n\n<figure class=\"wp-block-image size-full\"><img loading=\"lazy\" decoding=\"async\" width=\"998\" height=\"140\" src=\"http:\/\/thereportzone.it\/wp-content\/uploads\/2023\/02\/margo-trz-piccolo.png\" alt=\"\" class=\"wp-image-38054\"\/><\/figure>\n\n\n\n<p>(<strong><em>di Marco Vellucci<\/em><\/strong>) Domani, 25 marzo, alle ore 16:00, alla presenza di autorit\u00e0 civili e religiose, il centro storico della citt\u00e0 di Sessa Aurunca si arricchir\u00e0 di un nuovo polo culturale che trova nuova ubicazione e sistemazione nei locali recentemente restaurati e rifunzionalizzati adiacenti la Cattedrale dedicata ai Santi Pietro e Paolo: <em>il Museo Diocesano Diffuso Diamare di Sessa Aurunca<\/em><\/p>\n\n\n\n<figure class=\"wp-block-image size-full\"><img loading=\"lazy\" decoding=\"async\" width=\"2560\" height=\"1700\" src=\"http:\/\/thereportzone.it\/wp-content\/uploads\/2023\/03\/museo-diocesano-uno.jpg\" alt=\"\" class=\"wp-image-38352\"\/><figcaption class=\"wp-element-caption\"><strong>MUSEO DIOCESANO SESSA AURUNCA<\/strong><\/figcaption><\/figure>\n\n\n\n<p>Il nuovo allestimento museale, frutto del lavoro e degli sforzi dedicati al territorio ed alla diocesi da parte dei vescovi susseguitisi nell\u2019ultimo secolo e mezzo di storia locale, si pone l\u2019obiettivo di diventare un centro polifunzionale.<\/p>\n\n\n\n<p>Non solo l\u2019esposizione dei beni provenienti da tutta la diocesi, ma un catalizzatore dal quale poter ricostruire ed approfondire l\u2019identit\u00e0 e la storia di un intero territorio e di un\u2019intera diocesi, fin dall\u2019epoca paleocristiana, con la volont\u00e0 di arrivare ad aprire e gestire altri siti di rilevanza storico-artistica di non poco conto: la Basilica di San Casto, la chiesa della Visitazione, la chiesa di San Leo recentemente restaurata e riportata alla sua antica morfologia e la chiesa di Santa Maria in Grotta situata nella frazione di Rongolise.<\/p>\n\n\n\n<figure class=\"wp-block-image aligncenter size-full\"><img loading=\"lazy\" decoding=\"async\" width=\"1080\" height=\"1080\" src=\"http:\/\/thereportzone.it\/wp-content\/uploads\/2023\/01\/PIZZA-ALLA-BRACE-NUOVA.png\" alt=\"\" class=\"wp-image-37916\"\/><\/figure>\n\n\n\n<p>L\u2019evento si svolger\u00e0 nella Sala Pio IX in piazza Duomo. Apriranno i saluti istituzionali e a seguire gli interventi del vescovo della diocesi di Sessa Aurunca, monsignor Giacomo Cirulli, di monsignor Sergio Melillo, vescovo della diocesi di Ariano Irpino-Lacedonia, quale delegato ai Beni culturali della Conferenza Episcopale Campana e della docente di Storia dell\u2019arte medievale presso l\u2019Universit\u00e0 del Salento, Lucinia Speciale.<\/p>\n\n\n\n<p>Sei sale, in un percorso che si snoda all\u2019interno dei locali dell\u2019Episcopio e all\u2019interno della Cattedrale. Dalla sala delle origini della Diocesi, con l\u2019esposizione di materiale proveniente dalla Catacomba di San Casto, passando per la sala multimediale \u201c<em>Pio IX<\/em>\u201d e la sala contenente gli arredi della liturgia, si arriva al cuore pulsante del Museo, la Cripta della Cattedrale ed il <em>Lapidarium<\/em>, fino ad arrivare alla sala contemporanea dedicata ad esposizioni e mostre estemporanee.<\/p>\n\n\n\n<p>Un percorso che, gi\u00e0 di per s\u00e9, si snoda all\u2019interno di locali che trasudano secoli di storia, arricchiti dalle esposizioni e dalle testimonianze storiche, di fede e identitarie di un intero territorio.<\/p>\n\n\n\n<p>Un\u2019occasione, anche per i tanti giovani che fanno parte dell\u2019associazione costituitasi al fine di gestire il Museo, di approfondire le radici della propria storia e di trovare, dopo anni di esodi, la possibilit\u00e0 di restare nella propria citt\u00e0 di origine.<\/p>\n\n\n\n<figure class=\"wp-block-image aligncenter size-full\"><img loading=\"lazy\" decoding=\"async\" width=\"1080\" height=\"1074\" src=\"http:\/\/thereportzone.it\/wp-content\/uploads\/2023\/03\/museo-diocesano-due.jpg\" alt=\"\" class=\"wp-image-38351\"\/><\/figure>\n","protected":false},"excerpt":{"rendered":"<p>(di Marco Vellucci) Domani, 25 marzo, alle ore 16:00, alla presenza di autorit\u00e0 civili e religiose, il centro<\/p>\n","protected":false},"author":2,"featured_media":38351,"comment_status":"closed","ping_status":"closed","sticky":false,"template":"","format":"image","meta":{"sfsi_plus_gutenberg_text_before_share":"","sfsi_plus_gutenberg_show_text_before_share":"","sfsi_plus_gutenberg_icon_type":"","sfsi_plus_gutenberg_icon_alignemt":"","sfsi_plus_gutenburg_max_per_row":"","footnotes":""},"categories":[2948,8,10],"tags":[],"class_list":["post-38350","post","type-post","status-publish","format-image","has-post-thumbnail","hentry","category-comuni","category-cronaca","category-cultura","post_format-post-format-image"],"_links":{"self":[{"href":"https:\/\/www.thereportzone.it\/index.php?rest_route=\/wp\/v2\/posts\/38350"}],"collection":[{"href":"https:\/\/www.thereportzone.it\/index.php?rest_route=\/wp\/v2\/posts"}],"about":[{"href":"https:\/\/www.thereportzone.it\/index.php?rest_route=\/wp\/v2\/types\/post"}],"author":[{"embeddable":true,"href":"https:\/\/www.thereportzone.it\/index.php?rest_route=\/wp\/v2\/users\/2"}],"replies":[{"embeddable":true,"href":"https:\/\/www.thereportzone.it\/index.php?rest_route=%2Fwp%2Fv2%2Fcomments&post=38350"}],"version-history":[{"count":1,"href":"https:\/\/www.thereportzone.it\/index.php?rest_route=\/wp\/v2\/posts\/38350\/revisions"}],"predecessor-version":[{"id":38353,"href":"https:\/\/www.thereportzone.it\/index.php?rest_route=\/wp\/v2\/posts\/38350\/revisions\/38353"}],"wp:featuredmedia":[{"embeddable":true,"href":"https:\/\/www.thereportzone.it\/index.php?rest_route=\/wp\/v2\/media\/38351"}],"wp:attachment":[{"href":"https:\/\/www.thereportzone.it\/index.php?rest_route=%2Fwp%2Fv2%2Fmedia&parent=38350"}],"wp:term":[{"taxonomy":"category","embeddable":true,"href":"https:\/\/www.thereportzone.it\/index.php?rest_route=%2Fwp%2Fv2%2Fcategories&post=38350"},{"taxonomy":"post_tag","embeddable":true,"href":"https:\/\/www.thereportzone.it\/index.php?rest_route=%2Fwp%2Fv2%2Ftags&post=38350"}],"curies":[{"name":"wp","href":"https:\/\/api.w.org\/{rel}","templated":true}]}}