{"id":38270,"date":"2023-03-14T13:40:40","date_gmt":"2023-03-14T12:40:40","guid":{"rendered":"http:\/\/thereportzone.it\/?p=38270"},"modified":"2023-03-14T13:40:51","modified_gmt":"2023-03-14T12:40:51","slug":"carinola-il-consigliere-comunale-luigi-tozzi-nominato-componente-della-commissione-anci-campania-un-traguardo-importante","status":"publish","type":"post","link":"https:\/\/www.thereportzone.it\/?p=38270","title":{"rendered":"CARINOLA &#8211; Il consigliere comunale Luigi Tozzi nominato Componente della Commissione ANCI Campania: un traguardo importante"},"content":{"rendered":"\n<div class=\"wp-block-columns is-layout-flex wp-container-core-columns-is-layout-1 wp-block-columns-is-layout-flex\">\n<div class=\"wp-block-column is-layout-flow wp-block-column-is-layout-flow\" style=\"flex-basis:100%\">\n<div class=\"wp-block-group is-layout-flow wp-block-group-is-layout-flow\">\n<figure class=\"wp-block-image aligncenter size-full\"><img fetchpriority=\"high\" decoding=\"async\" width=\"691\" height=\"338\" src=\"http:\/\/thereportzone.it\/wp-content\/uploads\/2022\/07\/nuova-st-justin.png\" alt=\"\" class=\"wp-image-36457\"\/><\/figure>\n<\/div>\n<\/div>\n<\/div>\n\n\n\n<p><\/p>\n\n\n\n<figure class=\"wp-block-image size-full\"><img decoding=\"async\" width=\"998\" height=\"140\" src=\"http:\/\/thereportzone.it\/wp-content\/uploads\/2022\/07\/SodaPDF-converted-quattro-BUONO.jpg\" alt=\"\" class=\"wp-image-36456\"\/><\/figure>\n\n\n\n<p><\/p>\n\n\n\n<figure class=\"wp-block-image size-full\"><img decoding=\"async\" width=\"998\" height=\"140\" src=\"http:\/\/thereportzone.it\/wp-content\/uploads\/2023\/02\/margo-trz-piccolo.png\" alt=\"\" class=\"wp-image-38054\"\/><\/figure>\n\n\n\n<p>Il Consigliere Comunale Tozzi continua il suo impegno in difesa delle persone pi\u00f9 fragili e nelle politiche sociali.<\/p>\n\n\n\n<p>L\u2019avvocato Tozzi ha da poco ricevuto la nomina di Componente della commissione permanente &#8220;Disabilit\u00e0, inclusione e contrasto alle diseguaglianze\u201d di Anci Campania giovani, nata con l\u2019obiettivo di contrastare le diseguaglianze e di difendere i diritti dei disabili.<\/p>\n\n\n\n<p><\/p>\n\n\n\n<figure class=\"wp-block-image aligncenter size-full\"><img loading=\"lazy\" decoding=\"async\" width=\"1080\" height=\"1080\" src=\"http:\/\/thereportzone.it\/wp-content\/uploads\/2023\/01\/PIZZA-ALLA-BRACE-NUOVA.png\" alt=\"\" class=\"wp-image-37916\"\/><\/figure>\n\n\n\n<p>&#8220;Il bene della comunit\u00e0 e per la comunit\u00e0: porto questo obiettivo con me da sempre e sar\u00e0 al mio fianco anche in questa nuova sfida\u201d afferma il Consigliere sui propri profili social, dichiarandosi pronto a lavorare per migliorare le condizioni di vita nei nostri territori. <\/p>\n\n\n\n<p>Tozzi insieme alla collega Maria Venditti, fresca di nomina anch\u2019essa, condivide un progetto di sensibilizzazione a temi legati alla disabilit\u00e0 e diventano sempre pi\u00f9 un punto riferimento a livello regionale sull\u2019argomento.<\/p>\n\n\n\n<p>Questo traguardo, e l&#8217;attenzione particolare a temi delicati quali la disabilit\u00e0, sono motivo di grande orgoglio per il Comune di Carinola che fin dal primo giorno si \u00e8 dimostrato aperto ad affrontare sviluppi e problematiche di questo argomento. In bocca al lupo all\u2019avvocato Tozzi.<\/p>\n\n\n\n<p><\/p>\n","protected":false},"excerpt":{"rendered":"<p>Il Consigliere Comunale Tozzi continua il suo impegno in difesa delle persone pi\u00f9 fragili e nelle politiche sociali.<\/p>\n","protected":false},"author":2,"featured_media":38271,"comment_status":"closed","ping_status":"closed","sticky":false,"template":"","format":"image","meta":{"sfsi_plus_gutenberg_text_before_share":"","sfsi_plus_gutenberg_show_text_before_share":"","sfsi_plus_gutenberg_icon_type":"","sfsi_plus_gutenberg_icon_alignemt":"","sfsi_plus_gutenburg_max_per_row":"","footnotes":""},"categories":[2973,8],"tags":[],"class_list":["post-38270","post","type-post","status-publish","format-image","has-post-thumbnail","hentry","category-carinola","category-cronaca","post_format-post-format-image"],"_links":{"self":[{"href":"https:\/\/www.thereportzone.it\/index.php?rest_route=\/wp\/v2\/posts\/38270"}],"collection":[{"href":"https:\/\/www.thereportzone.it\/index.php?rest_route=\/wp\/v2\/posts"}],"about":[{"href":"https:\/\/www.thereportzone.it\/index.php?rest_route=\/wp\/v2\/types\/post"}],"author":[{"embeddable":true,"href":"https:\/\/www.thereportzone.it\/index.php?rest_route=\/wp\/v2\/users\/2"}],"replies":[{"embeddable":true,"href":"https:\/\/www.thereportzone.it\/index.php?rest_route=%2Fwp%2Fv2%2Fcomments&post=38270"}],"version-history":[{"count":1,"href":"https:\/\/www.thereportzone.it\/index.php?rest_route=\/wp\/v2\/posts\/38270\/revisions"}],"predecessor-version":[{"id":38272,"href":"https:\/\/www.thereportzone.it\/index.php?rest_route=\/wp\/v2\/posts\/38270\/revisions\/38272"}],"wp:featuredmedia":[{"embeddable":true,"href":"https:\/\/www.thereportzone.it\/index.php?rest_route=\/wp\/v2\/media\/38271"}],"wp:attachment":[{"href":"https:\/\/www.thereportzone.it\/index.php?rest_route=%2Fwp%2Fv2%2Fmedia&parent=38270"}],"wp:term":[{"taxonomy":"category","embeddable":true,"href":"https:\/\/www.thereportzone.it\/index.php?rest_route=%2Fwp%2Fv2%2Fcategories&post=38270"},{"taxonomy":"post_tag","embeddable":true,"href":"https:\/\/www.thereportzone.it\/index.php?rest_route=%2Fwp%2Fv2%2Ftags&post=38270"}],"curies":[{"name":"wp","href":"https:\/\/api.w.org\/{rel}","templated":true}]}}