{"id":38252,"date":"2023-03-12T10:19:28","date_gmt":"2023-03-12T09:19:28","guid":{"rendered":"http:\/\/thereportzone.it\/?p=38252"},"modified":"2023-03-12T10:19:37","modified_gmt":"2023-03-12T09:19:37","slug":"falciano-bologna-giornata-storica-comune-plastic-free-2023-ieri-la-nomina","status":"publish","type":"post","link":"https:\/\/www.thereportzone.it\/?p=38252","title":{"rendered":"FALCIANO\/BOLOGNA &#8211; Giornata storica,  Comune Plastic Free 2023: ieri la nomina"},"content":{"rendered":"\n<div class=\"wp-block-columns is-layout-flex wp-container-core-columns-is-layout-1 wp-block-columns-is-layout-flex\">\n<div class=\"wp-block-column is-layout-flow wp-block-column-is-layout-flow\" style=\"flex-basis:100%\">\n<div class=\"wp-block-group is-layout-flow wp-block-group-is-layout-flow\">\n<figure class=\"wp-block-image aligncenter size-full\"><img fetchpriority=\"high\" decoding=\"async\" width=\"691\" height=\"338\" src=\"http:\/\/thereportzone.it\/wp-content\/uploads\/2022\/07\/nuova-st-justin.png\" alt=\"\" class=\"wp-image-36457\"\/><\/figure>\n<\/div>\n<\/div>\n<\/div>\n\n\n\n<p><\/p>\n\n\n\n<figure class=\"wp-block-image size-full\"><img decoding=\"async\" width=\"998\" height=\"140\" src=\"http:\/\/thereportzone.it\/wp-content\/uploads\/2022\/07\/SodaPDF-converted-quattro-BUONO.jpg\" alt=\"\" class=\"wp-image-36456\"\/><\/figure>\n\n\n\n<p><\/p>\n\n\n\n<figure class=\"wp-block-image size-full\"><img decoding=\"async\" width=\"998\" height=\"140\" src=\"http:\/\/thereportzone.it\/wp-content\/uploads\/2023\/02\/margo-trz-piccolo.png\" alt=\"\" class=\"wp-image-38054\"\/><\/figure>\n\n\n\n<p>Giornata storica quella di ieri per il Comune di Falciano del Massico che, a Bologna, ha ricevuto riconoscimento e targa di Comune Plastic Free 2023. Una delegazione dell\u2019amministrazione comunale Falciano Bene Comune si \u00e8 recata presso Palazzo Re Enzo insieme ai referenti locali Plastic Free per la cerimonia di nomina.<\/p>\n\n\n\n<p>Un giorno che avevamo gi\u00e0 annunciato quando Plastic Free aveva deciso di inserire Falciano del Massico nei 69 Comuni virtuosi d\u2019Italia. Un traguardo che sa di inizio, raggiunto con il meticoloso lavoro ed impegno di referenti, volontari ed amministratori.<\/p>\n\n\n\n<p>Cosi il sindaco Ing. Giovanni Erasmo Fava: \u201cUn giorno importante per il nostro Comune, Falciano del Massico \u00e8 tra i 69 Comuni d\u2019Italia PlastiC Free 2023.<\/p>\n\n\n\n<p>Questa mattina (ieri per chi legge) a Bologna, presso il Palazzo Re Enzo, abbiamo partecipato alla cerimonia ufficiale di consegna di questo prestigioso premio.\u00a0<\/p>\n\n\n\n<p>Un riconoscimento ottenuto grazie ad una serie di iniziative che l\u2019Amministrazione Comunale, insieme al Coordinatore locale Francesco Torrico e ai tanti volontari Plastic Free, ha posto in essere per la salvaguardia del nostro patrimonio ambientale.<\/p>\n\n\n\n<p>Grazie Francesco Torrico, grazie Mirko Leggiero, grazie ragazzi!<\/p>\n\n\n\n<p>Questo #premio chiaramente rappresenta per noi solo l\u2019inizio di un percorso intrapreso.&nbsp;<\/p>\n\n\n\n<p>Tutelare il nostro territorio \u00e8 stata e sar\u00e0 sempre una nostra priorit\u00e0 e siamo certi che continuando questa proficua collaborazione con i ragazzi di plastic free, con il supporto dei cittadini, raggiungeremo insieme tanti altri traguardi, contribuendo a regalare a noi stessi ed ai nostri figli sicuramente un mondo migliore.<\/p>\n\n\n\n<p>Ancora una volta grazie ai referenti di PlasticFree che hanno scelto di premiare Falciano del Massico.<\/p>\n\n\n\n<figure class=\"wp-block-image size-full\"><img loading=\"lazy\" decoding=\"async\" width=\"1536\" height=\"2048\" src=\"http:\/\/thereportzone.it\/wp-content\/uploads\/2023\/03\/BF4CFA0B-61DF-4D11-807A-F2C72D5EBA9F.jpeg\" alt=\"\" class=\"wp-image-38257\"\/><\/figure>\n\n\n\n<p><\/p>\n\n\n\n<figure class=\"wp-block-image size-full\"><img loading=\"lazy\" decoding=\"async\" width=\"2048\" height=\"1542\" src=\"http:\/\/thereportzone.it\/wp-content\/uploads\/2023\/03\/8CCB8389-A2B2-4D8D-9B9C-CD6F4640AD6E.jpeg\" alt=\"\" class=\"wp-image-38256\"\/><\/figure>\n\n\n\n<figure class=\"wp-block-image aligncenter size-full\"><img loading=\"lazy\" decoding=\"async\" width=\"1080\" height=\"1080\" src=\"http:\/\/thereportzone.it\/wp-content\/uploads\/2023\/01\/PIZZA-ALLA-BRACE-NUOVA.png\" alt=\"\" class=\"wp-image-37916\"\/><\/figure>\n\n\n\n<figure class=\"wp-block-image size-full\"><img loading=\"lazy\" decoding=\"async\" width=\"1166\" height=\"1536\" src=\"http:\/\/thereportzone.it\/wp-content\/uploads\/2023\/03\/3F215DD5-C4BC-4184-A308-EFDFEC89F142.jpeg\" alt=\"\" class=\"wp-image-38253\"\/><\/figure>\n\n\n\n<figure class=\"wp-block-image size-full\"><img loading=\"lazy\" decoding=\"async\" width=\"1536\" height=\"2048\" src=\"http:\/\/thereportzone.it\/wp-content\/uploads\/2023\/03\/732A9B32-5B62-4727-8CBA-F47E7310BA42.jpeg\" alt=\"\" class=\"wp-image-38255\"\/><\/figure>\n\n\n\n<figure class=\"wp-block-image size-full is-resized\"><img loading=\"lazy\" decoding=\"async\" src=\"http:\/\/thereportzone.it\/wp-content\/uploads\/2023\/03\/49EB8D9D-BFD2-4307-9B5E-6776FA263D90.jpeg\" alt=\"\" class=\"wp-image-38254\" width=\"374\" height=\"280\"\/><\/figure>\n","protected":false},"excerpt":{"rendered":"<p>Giornata storica quella di ieri per il Comune di Falciano del Massico che, a Bologna, ha ricevuto riconoscimento<\/p>\n","protected":false},"author":2,"featured_media":38258,"comment_status":"closed","ping_status":"closed","sticky":false,"template":"","format":"image","meta":{"sfsi_plus_gutenberg_text_before_share":"","sfsi_plus_gutenberg_show_text_before_share":"","sfsi_plus_gutenberg_icon_type":"","sfsi_plus_gutenberg_icon_alignemt":"","sfsi_plus_gutenburg_max_per_row":"","footnotes":""},"categories":[8,4],"tags":[],"class_list":["post-38252","post","type-post","status-publish","format-image","has-post-thumbnail","hentry","category-cronaca","category-falciano","post_format-post-format-image"],"_links":{"self":[{"href":"https:\/\/www.thereportzone.it\/index.php?rest_route=\/wp\/v2\/posts\/38252"}],"collection":[{"href":"https:\/\/www.thereportzone.it\/index.php?rest_route=\/wp\/v2\/posts"}],"about":[{"href":"https:\/\/www.thereportzone.it\/index.php?rest_route=\/wp\/v2\/types\/post"}],"author":[{"embeddable":true,"href":"https:\/\/www.thereportzone.it\/index.php?rest_route=\/wp\/v2\/users\/2"}],"replies":[{"embeddable":true,"href":"https:\/\/www.thereportzone.it\/index.php?rest_route=%2Fwp%2Fv2%2Fcomments&post=38252"}],"version-history":[{"count":1,"href":"https:\/\/www.thereportzone.it\/index.php?rest_route=\/wp\/v2\/posts\/38252\/revisions"}],"predecessor-version":[{"id":38259,"href":"https:\/\/www.thereportzone.it\/index.php?rest_route=\/wp\/v2\/posts\/38252\/revisions\/38259"}],"wp:featuredmedia":[{"embeddable":true,"href":"https:\/\/www.thereportzone.it\/index.php?rest_route=\/wp\/v2\/media\/38258"}],"wp:attachment":[{"href":"https:\/\/www.thereportzone.it\/index.php?rest_route=%2Fwp%2Fv2%2Fmedia&parent=38252"}],"wp:term":[{"taxonomy":"category","embeddable":true,"href":"https:\/\/www.thereportzone.it\/index.php?rest_route=%2Fwp%2Fv2%2Fcategories&post=38252"},{"taxonomy":"post_tag","embeddable":true,"href":"https:\/\/www.thereportzone.it\/index.php?rest_route=%2Fwp%2Fv2%2Ftags&post=38252"}],"curies":[{"name":"wp","href":"https:\/\/api.w.org\/{rel}","templated":true}]}}