{"id":38186,"date":"2023-02-27T15:11:39","date_gmt":"2023-02-27T14:11:39","guid":{"rendered":"http:\/\/thereportzone.it\/?p=38186"},"modified":"2023-02-27T15:11:49","modified_gmt":"2023-02-27T14:11:49","slug":"teano-citta-parcheggio-no-grazie-lettera-aperta-agli-amministratori-comunali","status":"publish","type":"post","link":"https:\/\/www.thereportzone.it\/?p=38186","title":{"rendered":"Teano \u201ccitt\u00e0 parcheggio\u201d? No, grazie. Lettera aperta agli amministratori comunali"},"content":{"rendered":"\n<div class=\"wp-block-columns is-layout-flex wp-container-core-columns-is-layout-1 wp-block-columns-is-layout-flex\">\n<div class=\"wp-block-column is-layout-flow wp-block-column-is-layout-flow\" style=\"flex-basis:100%\">\n<div class=\"wp-block-group is-layout-flow wp-block-group-is-layout-flow\">\n<figure class=\"wp-block-image aligncenter size-full\"><img fetchpriority=\"high\" decoding=\"async\" width=\"691\" height=\"338\" src=\"http:\/\/thereportzone.it\/wp-content\/uploads\/2022\/07\/nuova-st-justin.png\" alt=\"\" class=\"wp-image-36457\"\/><\/figure>\n<\/div>\n<\/div>\n<\/div>\n\n\n\n<p><\/p>\n\n\n\n<figure class=\"wp-block-image size-full\"><img decoding=\"async\" width=\"998\" height=\"140\" src=\"http:\/\/thereportzone.it\/wp-content\/uploads\/2022\/07\/SodaPDF-converted-quattro-BUONO.jpg\" alt=\"\" class=\"wp-image-36456\"\/><\/figure>\n\n\n\n<p><\/p>\n\n\n\n<figure class=\"wp-block-image size-full\"><img decoding=\"async\" width=\"998\" height=\"140\" src=\"http:\/\/thereportzone.it\/wp-content\/uploads\/2023\/02\/margo-trz-piccolo.png\" alt=\"\" class=\"wp-image-38054\"\/><\/figure>\n\n\n\n<p><\/p>\n\n\n\n<p>E\u2019 sotto gli occhi di tutti. La nostra Citt\u00e0 \u00e8 diventata una citt\u00e0-parcheggio. Auto una dietro l\u2019altra, piazze invase e assediate, marciapiedi &nbsp;stretti e inagibili e, comunque, occupati da auto che sostano anche nelle curve e, ultimo ma non meno importante, ritornano \u201cimpavidi\u201d anche i parcheggiatori abusivi.<\/p>\n\n\n\n<p>Di contro, trovi difficolt\u00e0 a portare i bambini all\u2019asilo o a scuola, ogni uscita sui marciapiedi \u00e8 un\u2019impresa per funamboli, il centro capoluogo \u00e8 proibito agli abili e ai diversamente abili, senza parlare delle mamme che portano a spasso \u201ceroicamente\u201d <strong><u>i propri bambini nei passeggini ad altezza tubo di scarico, inconsapevolmente avvelenandoli!<\/u><\/strong><\/p>\n\n\n\n<p><\/p>\n\n\n\n<figure class=\"wp-block-image aligncenter size-full\"><img loading=\"lazy\" decoding=\"async\" width=\"1080\" height=\"1080\" src=\"http:\/\/thereportzone.it\/wp-content\/uploads\/2023\/01\/PIZZA-ALLA-BRACE-NUOVA.png\" alt=\"\" class=\"wp-image-37916\"\/><\/figure>\n\n\n\n<p>Un\u2019emergenza per la sicurezza pubblica e un danno immediato alla salute di tutti, a cominciare appunto dai bambini e dalle categorie fragili, <strong><u>costretti a respirare le micidiali \u201cpolveri sottili\u201d, benzene e<\/u><\/strong> <strong><u>decine di altri composti chimici terribilmente nocivi. <\/u>Un\u2019ingiustizia sociale intollerabile, come \u00e8 intollerabile l\u2019indifferenza degli amministratori comunali!<\/strong><\/p>\n\n\n\n<p>Care mamme e pap\u00e0 sappiate che le polveri sottili (PM 2,5), che la \u201ccitt\u00e0 parcheggio\u201d ci fa respirare nel nostro capoluogo e nelle Frazioni, sono particelle pi\u00f9 piccole dei globuli rossi, per cui entrano direttamente nei polmoni e nel sangue e sono prodotte, tra le altre forme di inquinamento, proprio dai motori a scoppio ( 90 mila decessi prematuri annui e 1.500 decessi per milione di abitanti, dei quali 1.116 solo per il particolato PM 2,5).<\/p>\n\n\n\n<p>Non meravigliamoci delle tante malattie e malanni che ci affliggono.<\/p>\n\n\n\n<p><strong>Nel mentre in tutte le Citt\u00e0 europee vengono istituite le \u201czone ambientali\u201d, generalmente coincidenti con il centro delle citt\u00e0 e dei borghi, dove&nbsp;<\/strong><strong>i veicoli per circolare devono dotarsi di un apposito bollino<\/strong>.<\/p>\n\n\n\n<p>Saranno i giovani amministratori comunali anche \u201ceroici professionisti\u201d, verso i quali \u00e8 doverosa una grande&nbsp; comprensione, ma la situazione \u00e8 questa senza alcuna possibilit\u00e0 di smentita e non ci troviamo niente di innovativo e dignitoso, come, invece, viene rivendicato sui post degli amministratori ad ogni piccolo <em>flatus voci<\/em>s o manifestazione.<\/p>\n\n\n\n<p>Se non cambia l\u2019impostazione programmatica di fatto (da citt\u00e0-parcheggio a un modello di eco-polis o, se si si preferisce, di citt\u00e0 europea), se non si punta su un grappolo di progetti strategici in grado di ribaltare la tendenza al declino e all\u2019abbandono, non produrranno effetti positivi e strutturali, con molta probabilit\u00e0, nemmeno i finanziamenti che CI SONO STATI E CI SARANNO GENEROSAMENTE CATAPULTATI SENZA ALCUN INTERVENTO COMUNALE (dal PNRR, al fondo complementare e da quelli strutturali europei e regionali), pensiamo per es. ai fondi per le strade, a quelli per lo sviluppo del digitale o ai &nbsp;fondi dell\u2019U.E. che l\u2019Agenzia Nazionale per la Coesione Sociale ha distribuito a tutti i Comuni italiani delle aree interne ritenuti marginali. Per la cronaca, il Comune di Teano ha avuto&nbsp; 354.483,80 (118.161,27 per i tre anni 2021-2022 e 2023).<\/p>\n\n\n\n<p>Sulla MARGINALITA\u2019 del nostro Comune, che \u00e8 ormai strutturale e di lungo periodo, \u00e8 forse utile insistere un attimo.<\/p>\n\n\n\n<p>La nostra Citt\u00e0 \u00e8 marginale perch\u00e9, citiamo dalle considerazioni dell\u2019Agenzia, \u201c\u2026(1)<strong><u>\u00e8 colpito dal fenomeno dello spopolamento<\/u><\/strong> (14.210 abitanti nel 1981, 13.042 nel 2001, 11.820 nel 2019), sia nel lungo sia nel breve periodo, (2)<strong><u>da<\/u><\/strong> <strong><u>rilevanti carenze di attrattivit\u00e0 per la ridotta offerta di servizi materiali e immateriali alle persone e alle attivit\u00e0 economiche, (3)con un i<\/u><\/strong><strong><u>ndice di vulnerabilit\u00e0 sociale e materiale (IVSM) superiore alla media e (4)con un livello di redditi della popolazione residente inferiore alla media<\/u><\/strong><strong><u>\u201d.<\/u><\/strong><\/p>\n\n\n\n<p>Un Comune dunque periferico e disastrato, con quattro parametri in lenta e permanente agonia e discesa verso l\u2019abisso, che non avr\u00e0 futuro se non INVERTIRA\u2019 RADICALMENTE E IMMEDIATAMENTE LA TENDENZA AL DEGRADO SOCIO-ECONOMICO, ALL\u2019INVIVIBILITA\u2019 E ALLO SPOPOLAMENTO!!!!<\/p>\n\n\n\n<p>Quanto tempo dovr\u00e0 ancora passare per avere uno straccio di piano per la mobilit\u00e0 sostenibile? Quando vi decidete ad elaborare un piano di messa in sicurezza e di adattamento al surriscaldamento climatico e di mitigazione delle emissioni climalteranti? Quanti anni vi servono per mettere in atto un piano di risparmio energetico e di rifacimento della pubblica illuminazione? Quando iniziate a lavorare per approvare il PUC?<\/p>\n\n\n\n<p>Cerchiamo di capirlo per cortesia! Cercate di avere cari giovani leoni amministratori un pizzico di umilt\u00e0, rendetevi conto che la mancata o ritardata comprensione di questo ragionamento (la necessit\u00e0 e l\u2019urgenza di una visione e di progetto di citt\u00e0 futura), insistere sul minimalismo politico-amministrativo, sull\u2019enfatizzazione di ogni irrilevante intervento o piccolo lavoro di manutenzione ordinaria, genera anche il danno psicologico collaterale, non sempre preso in considerazione dalle polemiche e dalle critiche, di produrre nell\u2019opinione pubblica assuefazione, disinteresse verso i beni comuni, torsione verso l\u2019individualismo esasperato (della serie, \u201ccambiano i musicanti, ma non la musica\u201d!),oltre che danni quotidiani alle attivit\u00e0 produttive e alle nuove generazioni.<\/p>\n\n\n\n<p>Ma veramente si pu\u00f2 pensare, qui e ora, che la \u201cCitt\u00e0-parcheggio\u201d possa essere il nostro futuro? &nbsp;Che il \u201clasciar fare, lasciar passare\u201d sia la cosa giusta e opportuna da fare, che basti risolvere qualche problemino, colmare qualche buca sulle strade, cambiare qualche lampadina, dare il patrocinio alle manifestazioni organizzate dalle Associazioni comunali, saltare mediaticamente su qualche finanziamento caduto dal cielo e dare ai cittadini su <em>facebook<\/em> la sensazione che si faccia qualcosa, per invertire la china?<\/p>\n\n\n\n<p>Noi della \u201cComunit\u00e0 Laudato S\u00ec-Eco Polis di Teano\u201d, pensiamo di No! E abbiamo il dovere di non essere indifferenti.<\/p>\n\n\n\n<p><\/p>\n","protected":false},"excerpt":{"rendered":"<p>E\u2019 sotto gli occhi di tutti. La nostra Citt\u00e0 \u00e8 diventata una citt\u00e0-parcheggio. Auto una dietro l\u2019altra, piazze<\/p>\n","protected":false},"author":2,"featured_media":37079,"comment_status":"closed","ping_status":"closed","sticky":false,"template":"","format":"image","meta":{"sfsi_plus_gutenberg_text_before_share":"","sfsi_plus_gutenberg_show_text_before_share":"","sfsi_plus_gutenberg_icon_type":"","sfsi_plus_gutenberg_icon_alignemt":"","sfsi_plus_gutenburg_max_per_row":"","footnotes":""},"categories":[9],"tags":[],"class_list":["post-38186","post","type-post","status-publish","format-image","has-post-thumbnail","hentry","category-politica","post_format-post-format-image"],"_links":{"self":[{"href":"https:\/\/www.thereportzone.it\/index.php?rest_route=\/wp\/v2\/posts\/38186"}],"collection":[{"href":"https:\/\/www.thereportzone.it\/index.php?rest_route=\/wp\/v2\/posts"}],"about":[{"href":"https:\/\/www.thereportzone.it\/index.php?rest_route=\/wp\/v2\/types\/post"}],"author":[{"embeddable":true,"href":"https:\/\/www.thereportzone.it\/index.php?rest_route=\/wp\/v2\/users\/2"}],"replies":[{"embeddable":true,"href":"https:\/\/www.thereportzone.it\/index.php?rest_route=%2Fwp%2Fv2%2Fcomments&post=38186"}],"version-history":[{"count":1,"href":"https:\/\/www.thereportzone.it\/index.php?rest_route=\/wp\/v2\/posts\/38186\/revisions"}],"predecessor-version":[{"id":38187,"href":"https:\/\/www.thereportzone.it\/index.php?rest_route=\/wp\/v2\/posts\/38186\/revisions\/38187"}],"wp:featuredmedia":[{"embeddable":true,"href":"https:\/\/www.thereportzone.it\/index.php?rest_route=\/wp\/v2\/media\/37079"}],"wp:attachment":[{"href":"https:\/\/www.thereportzone.it\/index.php?rest_route=%2Fwp%2Fv2%2Fmedia&parent=38186"}],"wp:term":[{"taxonomy":"category","embeddable":true,"href":"https:\/\/www.thereportzone.it\/index.php?rest_route=%2Fwp%2Fv2%2Fcategories&post=38186"},{"taxonomy":"post_tag","embeddable":true,"href":"https:\/\/www.thereportzone.it\/index.php?rest_route=%2Fwp%2Fv2%2Ftags&post=38186"}],"curies":[{"name":"wp","href":"https:\/\/api.w.org\/{rel}","templated":true}]}}