{"id":38180,"date":"2023-02-26T17:50:16","date_gmt":"2023-02-26T16:50:16","guid":{"rendered":"http:\/\/thereportzone.it\/?p=38180"},"modified":"2023-02-26T17:50:26","modified_gmt":"2023-02-26T16:50:26","slug":"carinola-pro-loco-eletto-il-presidente-ed-il-nuovo-organo-direttivo","status":"publish","type":"post","link":"https:\/\/www.thereportzone.it\/?p=38180","title":{"rendered":"CARINOLA &#8211; Pro Loco, eletto il Presidente ed il nuovo organo direttivo"},"content":{"rendered":"\n<div class=\"wp-block-columns is-layout-flex wp-container-core-columns-is-layout-1 wp-block-columns-is-layout-flex\">\n<div class=\"wp-block-column is-layout-flow wp-block-column-is-layout-flow\" style=\"flex-basis:100%\">\n<div class=\"wp-block-group is-layout-flow wp-block-group-is-layout-flow\">\n<figure class=\"wp-block-image aligncenter size-full\"><img fetchpriority=\"high\" decoding=\"async\" width=\"691\" height=\"338\" src=\"http:\/\/thereportzone.it\/wp-content\/uploads\/2022\/07\/nuova-st-justin.png\" alt=\"\" class=\"wp-image-36457\"\/><\/figure>\n<\/div>\n<\/div>\n<\/div>\n\n\n\n<p><\/p>\n\n\n\n<figure class=\"wp-block-image size-full\"><img decoding=\"async\" width=\"998\" height=\"140\" src=\"http:\/\/thereportzone.it\/wp-content\/uploads\/2022\/07\/SodaPDF-converted-quattro-BUONO.jpg\" alt=\"\" class=\"wp-image-36456\"\/><\/figure>\n\n\n\n<p><\/p>\n\n\n\n<figure class=\"wp-block-image size-full\"><img decoding=\"async\" width=\"998\" height=\"140\" src=\"http:\/\/thereportzone.it\/wp-content\/uploads\/2023\/02\/margo-trz-piccolo.png\" alt=\"\" class=\"wp-image-38054\"\/><\/figure>\n\n\n\n<p>In data 25 febbraio 2023 presso la Sala Consiliare di Palazzo Petrucci a Carinola, si \u00e8 riunita l&#8217;assemblea elettiva della Pro Loco per l&#8217;elezione del Presidente e del nuovo organo direttivo. <\/p>\n\n\n\n<p>L&#8217;assemblea ha eletto con voto unanime nella persona di Giuliana Marrese il nuovo presidente della Pro Loco di Carinola, mentre il nuovo direttivo vede la partecipazione di componenti che abbracciano la quasi totalit\u00e0 del territorio Carinolese, nelle persone di Pamela Aiello, Anfora Francesco, Borriello Floriana, Francesco Costanzo, Antonio Torrico, Pietro Vardaro, Antonio Vellone e Giacomo Zampi.<br><\/p>\n\n\n\n<p>Ottima notizia per l\u2019intero territorio. Le attivit\u00e0 della Pro Loco rappresentano senza dubbio una marcia in pi\u00f9 per lo sviluppo turistico e per la conoscenza delle tradizioni e le particolarit\u00e0 storiche, enogastronomiche \u00e8 molto altro. <\/p>\n\n\n\n<figure class=\"wp-block-image aligncenter size-full\"><img loading=\"lazy\" decoding=\"async\" width=\"1080\" height=\"1080\" src=\"http:\/\/thereportzone.it\/wp-content\/uploads\/2023\/01\/PIZZA-ALLA-BRACE-NUOVA.png\" alt=\"\" class=\"wp-image-37916\"\/><\/figure>\n\n\n\n<p><\/p>\n\n\n\n<p><\/p>\n","protected":false},"excerpt":{"rendered":"<p>In data 25 febbraio 2023 presso la Sala Consiliare di Palazzo Petrucci a Carinola, si \u00e8 riunita l&#8217;assemblea<\/p>\n","protected":false},"author":2,"featured_media":38181,"comment_status":"closed","ping_status":"closed","sticky":false,"template":"","format":"image","meta":{"sfsi_plus_gutenberg_text_before_share":"","sfsi_plus_gutenberg_show_text_before_share":"","sfsi_plus_gutenberg_icon_type":"","sfsi_plus_gutenberg_icon_alignemt":"","sfsi_plus_gutenburg_max_per_row":"","footnotes":""},"categories":[2973],"tags":[],"class_list":["post-38180","post","type-post","status-publish","format-image","has-post-thumbnail","hentry","category-carinola","post_format-post-format-image"],"_links":{"self":[{"href":"https:\/\/www.thereportzone.it\/index.php?rest_route=\/wp\/v2\/posts\/38180"}],"collection":[{"href":"https:\/\/www.thereportzone.it\/index.php?rest_route=\/wp\/v2\/posts"}],"about":[{"href":"https:\/\/www.thereportzone.it\/index.php?rest_route=\/wp\/v2\/types\/post"}],"author":[{"embeddable":true,"href":"https:\/\/www.thereportzone.it\/index.php?rest_route=\/wp\/v2\/users\/2"}],"replies":[{"embeddable":true,"href":"https:\/\/www.thereportzone.it\/index.php?rest_route=%2Fwp%2Fv2%2Fcomments&post=38180"}],"version-history":[{"count":1,"href":"https:\/\/www.thereportzone.it\/index.php?rest_route=\/wp\/v2\/posts\/38180\/revisions"}],"predecessor-version":[{"id":38182,"href":"https:\/\/www.thereportzone.it\/index.php?rest_route=\/wp\/v2\/posts\/38180\/revisions\/38182"}],"wp:featuredmedia":[{"embeddable":true,"href":"https:\/\/www.thereportzone.it\/index.php?rest_route=\/wp\/v2\/media\/38181"}],"wp:attachment":[{"href":"https:\/\/www.thereportzone.it\/index.php?rest_route=%2Fwp%2Fv2%2Fmedia&parent=38180"}],"wp:term":[{"taxonomy":"category","embeddable":true,"href":"https:\/\/www.thereportzone.it\/index.php?rest_route=%2Fwp%2Fv2%2Fcategories&post=38180"},{"taxonomy":"post_tag","embeddable":true,"href":"https:\/\/www.thereportzone.it\/index.php?rest_route=%2Fwp%2Fv2%2Ftags&post=38180"}],"curies":[{"name":"wp","href":"https:\/\/api.w.org\/{rel}","templated":true}]}}