{"id":38157,"date":"2023-02-21T17:53:03","date_gmt":"2023-02-21T16:53:03","guid":{"rendered":"http:\/\/thereportzone.it\/?p=38157"},"modified":"2023-02-21T17:53:13","modified_gmt":"2023-02-21T16:53:13","slug":"flai-cgil-caserta-eletto-segretario-generale-tammaro-della-corte","status":"publish","type":"post","link":"https:\/\/www.thereportzone.it\/?p=38157","title":{"rendered":"FLAI-CGIL CASERTA: ELETTO SEGRETARIO GENERALE TAMMARO DELLA CORTE"},"content":{"rendered":"\n<div class=\"wp-block-columns is-layout-flex wp-container-core-columns-is-layout-1 wp-block-columns-is-layout-flex\">\n<div class=\"wp-block-column is-layout-flow wp-block-column-is-layout-flow\" style=\"flex-basis:100%\">\n<div class=\"wp-block-group is-layout-flow wp-block-group-is-layout-flow\">\n<figure class=\"wp-block-image aligncenter size-full\"><img fetchpriority=\"high\" decoding=\"async\" width=\"691\" height=\"338\" src=\"http:\/\/thereportzone.it\/wp-content\/uploads\/2022\/07\/nuova-st-justin.png\" alt=\"\" class=\"wp-image-36457\"\/><\/figure>\n<\/div>\n<\/div>\n<\/div>\n\n\n\n<p><\/p>\n\n\n\n<figure class=\"wp-block-image size-full\"><img decoding=\"async\" width=\"998\" height=\"140\" src=\"http:\/\/thereportzone.it\/wp-content\/uploads\/2022\/07\/SodaPDF-converted-quattro-BUONO.jpg\" alt=\"\" class=\"wp-image-36456\"\/><\/figure>\n\n\n\n<p><\/p>\n\n\n\n<figure class=\"wp-block-image size-full\"><img decoding=\"async\" width=\"998\" height=\"140\" src=\"http:\/\/thereportzone.it\/wp-content\/uploads\/2023\/02\/margo-trz-piccolo.png\" alt=\"\" class=\"wp-image-38054\"\/><\/figure>\n\n\n\n<p>CAPORALATO E SINDACATO DI STRADA LE AZIONI DEL NUOVO SEGRETARIO<\/p>\n\n\n\n<p>\u00c8 <strong>Tammaro Della Corte<\/strong> il nuovo segretario generale della Flai Cgil della provincia di Caserta. Della Corte, originario di Villa Literno, \u00e8 stato eletto durante l\u2019affollata assemblea generale, tenutasi a Caserta presso la sede provinciale della Flai Cgil, la federazione che organizza i lavoratori del settore agricolo, del settore alimentare e dei comparti della bonifica e forestazione.<\/p>\n\n\n\n<p>All\u2019assemblea, oltre ai numerosi delegati, hanno partecipato: <strong>Giovanni Mininni<\/strong> (segretario generale nazionale FLAI-CGIL), <strong>Sonia Oliviero<\/strong> (Segretario generale CGIL Caserta), <strong>Igor Prata<\/strong> (segretario generale regionale FLAI-CGIL). L\u2019elezione \u00e8 stata necessaria per surrogare il dimissionario Igor Prata, recentemente eletto segretario generale regionale della medesima federazione.<\/p>\n\n\n\n<p><\/p>\n\n\n\n<figure class=\"wp-block-image aligncenter size-full\"><img loading=\"lazy\" decoding=\"async\" width=\"1080\" height=\"1080\" src=\"http:\/\/thereportzone.it\/wp-content\/uploads\/2023\/01\/PIZZA-ALLA-BRACE-NUOVA.png\" alt=\"\" class=\"wp-image-37916\"\/><\/figure>\n\n\n\n<p>Rilancio del sindaco di strada e delle vertenze della forestazione e bonifica, sostegno all\u2019agricoltura ed un focus sulle aziende agroalimentari. Sono queste le linee guida del nuovo piano di azione dei prossimi anni di Della Corte che ha detto: \u201c<em>Dobbiamo continuare sul percorso di crescita che ha avuto la categoria in questi anni scommettendo sempre pi\u00f9 sulla militanza delle lavoratrici e lavoratori e sul radicalmente di tutta la Cgil nei luoghi&nbsp;del&nbsp;bisogno<\/em>\u201d.<\/p>\n\n\n\n<p>Poi ha aggiunto: \u201c<em>La mobilitazione e la lotta dar\u00e0 nuovo rilancio ai salari, alla lotta alla precariet\u00e0 e alla costruzione di un modello sociale diverso fondato sulla sostenibilit\u00e0<\/em>\u201d.<\/p>\n\n\n\n<p>Il sindacato di strada \u00e8 una delle lotte portate avanti in questi anni dal neo segretario provinciale della Flai Cgil. Un lungo percorso di militanza impegnato su temi importanti che affliggono la provincia di Caserta.<br>Uno tra tutti quello del caporalato, vera piaga della provincia di Caserta.<\/p>\n\n\n\n<p>La FLAI, proprio per contrastare il caporalato, si \u00e8 battuta fortemente per la piena applicazione della legge 199, strumento capace di ridisegnare un mondo del lavoro agricolo diverso.<\/p>\n\n\n\n<p>In linea con le azioni politiche e sindacali della FLAI per dare seguito all\u2019impegno di Tammaro Della Corte e di tutta la FLAI Caserta nel pomeriggio a Parete, \u00e8 stata inaugurata un la nuova sede sindacale CGIL e FLAI, per offrire la pi\u00f9 totale assistenza ai tanti lavoratori della zona, di cui in tanti impegnati per la coltivazione delle fragole e dei prodotti orticoli.<\/p>\n\n\n\n<figure class=\"wp-block-image aligncenter size-full\"><img loading=\"lazy\" decoding=\"async\" width=\"720\" height=\"1600\" src=\"http:\/\/thereportzone.it\/wp-content\/uploads\/2023\/02\/foto-congresso-.jpeg\" alt=\"\" class=\"wp-image-38159\"\/><\/figure>\n\n\n\n<p><\/p>\n\n\n\n<figure class=\"wp-block-image aligncenter size-full\"><img loading=\"lazy\" decoding=\"async\" width=\"768\" height=\"1024\" src=\"http:\/\/thereportzone.it\/wp-content\/uploads\/2023\/02\/foto-parete-sede.jpeg\" alt=\"\" class=\"wp-image-38158\"\/><\/figure>\n","protected":false},"excerpt":{"rendered":"<p>CAPORALATO E SINDACATO DI STRADA LE AZIONI DEL NUOVO SEGRETARIO \u00c8 Tammaro Della Corte il nuovo segretario generale<\/p>\n","protected":false},"author":2,"featured_media":38159,"comment_status":"closed","ping_status":"closed","sticky":false,"template":"","format":"image","meta":{"sfsi_plus_gutenberg_text_before_share":"","sfsi_plus_gutenberg_show_text_before_share":"","sfsi_plus_gutenberg_icon_type":"","sfsi_plus_gutenberg_icon_alignemt":"","sfsi_plus_gutenburg_max_per_row":"","footnotes":""},"categories":[6,8],"tags":[],"class_list":["post-38157","post","type-post","status-publish","format-image","has-post-thumbnail","hentry","category-caserta","category-cronaca","post_format-post-format-image"],"_links":{"self":[{"href":"https:\/\/www.thereportzone.it\/index.php?rest_route=\/wp\/v2\/posts\/38157"}],"collection":[{"href":"https:\/\/www.thereportzone.it\/index.php?rest_route=\/wp\/v2\/posts"}],"about":[{"href":"https:\/\/www.thereportzone.it\/index.php?rest_route=\/wp\/v2\/types\/post"}],"author":[{"embeddable":true,"href":"https:\/\/www.thereportzone.it\/index.php?rest_route=\/wp\/v2\/users\/2"}],"replies":[{"embeddable":true,"href":"https:\/\/www.thereportzone.it\/index.php?rest_route=%2Fwp%2Fv2%2Fcomments&post=38157"}],"version-history":[{"count":1,"href":"https:\/\/www.thereportzone.it\/index.php?rest_route=\/wp\/v2\/posts\/38157\/revisions"}],"predecessor-version":[{"id":38160,"href":"https:\/\/www.thereportzone.it\/index.php?rest_route=\/wp\/v2\/posts\/38157\/revisions\/38160"}],"wp:featuredmedia":[{"embeddable":true,"href":"https:\/\/www.thereportzone.it\/index.php?rest_route=\/wp\/v2\/media\/38159"}],"wp:attachment":[{"href":"https:\/\/www.thereportzone.it\/index.php?rest_route=%2Fwp%2Fv2%2Fmedia&parent=38157"}],"wp:term":[{"taxonomy":"category","embeddable":true,"href":"https:\/\/www.thereportzone.it\/index.php?rest_route=%2Fwp%2Fv2%2Fcategories&post=38157"},{"taxonomy":"post_tag","embeddable":true,"href":"https:\/\/www.thereportzone.it\/index.php?rest_route=%2Fwp%2Fv2%2Ftags&post=38157"}],"curies":[{"name":"wp","href":"https:\/\/api.w.org\/{rel}","templated":true}]}}