{"id":38124,"date":"2023-02-17T11:14:34","date_gmt":"2023-02-17T10:14:34","guid":{"rendered":"http:\/\/thereportzone.it\/?p=38124"},"modified":"2023-02-17T11:14:44","modified_gmt":"2023-02-17T10:14:44","slug":"il-disagio-sommerso-dei-padri-separati-a-falciano-il-convegno-contro-discriminazioni-e-disuguaglianze","status":"publish","type":"post","link":"https:\/\/www.thereportzone.it\/?p=38124","title":{"rendered":"&#8220;Il disagio sommerso dei padri separati&#8221;, a Falciano il convegno contro discriminazioni e disuguaglianze"},"content":{"rendered":"\n<div class=\"wp-block-columns is-layout-flex wp-container-core-columns-is-layout-1 wp-block-columns-is-layout-flex\">\n<div class=\"wp-block-column is-layout-flow wp-block-column-is-layout-flow\" style=\"flex-basis:100%\">\n<div class=\"wp-block-group is-layout-flow wp-block-group-is-layout-flow\">\n<figure class=\"wp-block-image aligncenter size-full\"><img fetchpriority=\"high\" decoding=\"async\" width=\"691\" height=\"338\" src=\"http:\/\/thereportzone.it\/wp-content\/uploads\/2022\/07\/nuova-st-justin.png\" alt=\"\" class=\"wp-image-36457\"\/><\/figure>\n<\/div>\n<\/div>\n<\/div>\n\n\n\n<figure class=\"wp-block-image size-full\"><img decoding=\"async\" width=\"1343\" height=\"1291\" src=\"http:\/\/thereportzone.it\/wp-content\/uploads\/2023\/01\/VENDESI-ATTIVITA-STREGATTO.jpg\" alt=\"\" class=\"wp-image-37906\"\/><\/figure>\n\n\n\n<p><\/p>\n\n\n\n<figure class=\"wp-block-image size-full\"><img decoding=\"async\" width=\"998\" height=\"140\" src=\"http:\/\/thereportzone.it\/wp-content\/uploads\/2022\/07\/SodaPDF-converted-quattro-BUONO.jpg\" alt=\"\" class=\"wp-image-36456\"\/><\/figure>\n\n\n\n<p><\/p>\n\n\n\n<figure class=\"wp-block-image size-full\"><img loading=\"lazy\" decoding=\"async\" width=\"998\" height=\"140\" src=\"http:\/\/thereportzone.it\/wp-content\/uploads\/2023\/02\/margo-trz-piccolo.png\" alt=\"\" class=\"wp-image-38054\"\/><\/figure>\n\n\n\n<p>SI svolger\u00e0 a Falciano del Massico il convegno dal titolo &#8220;Il disagio sommerso dei padri separati, tra povert\u00e0, solitudine ed emarginazione&#8221;. Una tematica importante, di cui il Comune ai piedi del Monte Massico si pone come avanguardista, fra i primi in Italia a trattare il tema della discriminazione e della disuguaglianza con uno sguardo pi\u00f9 ampio, quello che include, cio\u00e8, anche il disagio dei padri separati.<\/p>\n\n\n\n<p><\/p>\n\n\n\n<figure class=\"wp-block-image aligncenter size-full\"><img loading=\"lazy\" decoding=\"async\" width=\"1080\" height=\"1080\" src=\"http:\/\/thereportzone.it\/wp-content\/uploads\/2023\/01\/PIZZA-ALLA-BRACE-NUOVA.png\" alt=\"\" class=\"wp-image-37916\"\/><\/figure>\n\n\n\n<p>Avevamo accennato, proprio su queste pagine (<strong><a href=\"http:\/\/thereportzone.it\/?p=37709\" data-type=\"URL\" data-id=\"http:\/\/thereportzone.it\/?p=37709\">LEGGI QUI<\/a><\/strong>), alla volont\u00e0 del Comune di Falciano del Massico di voler dedicarsi a questo importante aspetto. Lo avevamo fatto con un articolo in cui riportavamo l&#8217;installazione di una &#8220;panchina blu&#8221; nella villa comunale del paese, proprio a voler introdurre la questione &#8220;biogenitorialit\u00e0&#8221;. Ora, a distanza di poco tempo, un importante convegno \u00e8 stato organizzato, con la partecipazione oltre che di tutta l&#8217;Amministrazione Comunale Falciano Bene Comune, dell&#8217;Associazione DifferenteMente APS. <\/p>\n\n\n\n<p>Il convegno si svolger\u00e0 presso la Sala Consiliare, alle ore 16.00 di gioved\u00ec 23 febbraio. Molti gli interventi in programma, fra questi molti componenti dell&#8217;Associazione Avv.ta Francesca Della Ratta; Avv. Giovanni Grauso; Avv.ta Fiorentina Orefice; Dott.ssa Simona Russo ad approfondire il tema, con i saluti del sindaco Ing. Giovanni Erasmo Fava e dell&#8217;Assessore alle Politiche Sociali e Pari Opportunit\u00e0 Antonietta Rucco, con la Dottoressa Balestrieri a moderare. <\/p>\n\n\n\n<p>&#8220;Lo avevamo annunciato e continuiamo a muoverci in questo senso. Il tema della discriminazione e della disuguaglianza va affrontato con costanza e determinazione. Ancor pi\u00f9, risulta importante valutarne tutti gli aspetti ed approfondirlo a trecentosessanta gradi. E&#8217; il caso dei padri separati che spesso si trovano a vivere in condizioni di vero disagio. Questo convegno servir\u00e0 ad aggiungere un ulteriore tassello e ad approfondire una tematica che non abbiamo certamente intenzione di mollare. Questo, insieme a molti altri aspetti che rientrano nel contesto sociale, sono e continueranno ad essere aspetti da affrontare alla base della nostra politica, volta al Bene Comune&#8221;. Queste le dichiarazioni del sindaco Ing. Giovanni Erasmo Fava.<\/p>\n\n\n\n<p>A quelle del primo cittadino si affiancano quelle dell&#8217;Assessora Antonietta Rucco: &#8220;Dal primo momento del nostro insediamento ci siamo prefissati di dare ascolto e sostegno alle fasce pi\u00f9 fragili del tessuto sociale cittadino. Mai abbiamo pensato che il dolore e la difficolt\u00e0 fosse ad appannaggio dell&#8217;uno o dell&#8217;altro, che ci fossero cittadini meritevoli di vicinanza ed altri no. Siamo convinti che il dolore non ha genere, colore, credo religioso. Il dolore \u00e8 dolore e la solitudine nell&#8217;affrontarlo \u00e8 comune a tutti. La nostra battaglia accanto alle donne maltrattate e discriminate \u00e8 nota a tutti. Ora affrontiamo una tematica ancora misconosciuta ed altrettanto spinosa, bench\u00e9 le cronache riportino  uomini sull&#8217;orlo del baratro profondissimo, a cui viene negato il diritto di essere uomini e padri. Abbracciamo questa tematica con l&#8217;aiuto dell&#8217;Associazione DifferenteMente APS che sta svolgendo sul territorio una grande opera di sensibilizzazione. Un grazie all&#8217;Avvocato Francesca Della Ratta; Avv. Giovanni Grauso; Avv.ta Fiorentina Orefice; Dott.ssa Simona Russo che hanno voluto condividere con noi questo progetto e sono orgogliosa di comunicare che siamo il secondo Comune nell&#8217;intero territorio ad aver aderito con entusiasmo all&#8217;iniziativa. La nostra vocazione \u00e8 la politica sociale, la buona politica&#8221;. <\/p>\n\n\n\n<p>Di seguito la locandina ufficiale dell&#8217;evento.<\/p>\n\n\n\n<figure class=\"wp-block-image aligncenter size-full\"><img loading=\"lazy\" decoding=\"async\" width=\"1060\" height=\"1600\" src=\"http:\/\/thereportzone.it\/wp-content\/uploads\/2023\/02\/padri-separati-falciano.jpg\" alt=\"\" class=\"wp-image-38125\"\/><\/figure>\n","protected":false},"excerpt":{"rendered":"<p>SI svolger\u00e0 a Falciano del Massico il convegno dal titolo &#8220;Il disagio sommerso dei padri separati, tra povert\u00e0,<\/p>\n","protected":false},"author":2,"featured_media":38125,"comment_status":"closed","ping_status":"closed","sticky":false,"template":"","format":"image","meta":{"sfsi_plus_gutenberg_text_before_share":"","sfsi_plus_gutenberg_show_text_before_share":"","sfsi_plus_gutenberg_icon_type":"","sfsi_plus_gutenberg_icon_alignemt":"","sfsi_plus_gutenburg_max_per_row":"","footnotes":""},"categories":[10,4],"tags":[],"class_list":["post-38124","post","type-post","status-publish","format-image","has-post-thumbnail","hentry","category-cultura","category-falciano","post_format-post-format-image"],"_links":{"self":[{"href":"https:\/\/www.thereportzone.it\/index.php?rest_route=\/wp\/v2\/posts\/38124"}],"collection":[{"href":"https:\/\/www.thereportzone.it\/index.php?rest_route=\/wp\/v2\/posts"}],"about":[{"href":"https:\/\/www.thereportzone.it\/index.php?rest_route=\/wp\/v2\/types\/post"}],"author":[{"embeddable":true,"href":"https:\/\/www.thereportzone.it\/index.php?rest_route=\/wp\/v2\/users\/2"}],"replies":[{"embeddable":true,"href":"https:\/\/www.thereportzone.it\/index.php?rest_route=%2Fwp%2Fv2%2Fcomments&post=38124"}],"version-history":[{"count":1,"href":"https:\/\/www.thereportzone.it\/index.php?rest_route=\/wp\/v2\/posts\/38124\/revisions"}],"predecessor-version":[{"id":38126,"href":"https:\/\/www.thereportzone.it\/index.php?rest_route=\/wp\/v2\/posts\/38124\/revisions\/38126"}],"wp:featuredmedia":[{"embeddable":true,"href":"https:\/\/www.thereportzone.it\/index.php?rest_route=\/wp\/v2\/media\/38125"}],"wp:attachment":[{"href":"https:\/\/www.thereportzone.it\/index.php?rest_route=%2Fwp%2Fv2%2Fmedia&parent=38124"}],"wp:term":[{"taxonomy":"category","embeddable":true,"href":"https:\/\/www.thereportzone.it\/index.php?rest_route=%2Fwp%2Fv2%2Fcategories&post=38124"},{"taxonomy":"post_tag","embeddable":true,"href":"https:\/\/www.thereportzone.it\/index.php?rest_route=%2Fwp%2Fv2%2Ftags&post=38124"}],"curies":[{"name":"wp","href":"https:\/\/api.w.org\/{rel}","templated":true}]}}