{"id":38113,"date":"2023-02-16T11:15:53","date_gmt":"2023-02-16T10:15:53","guid":{"rendered":"http:\/\/thereportzone.it\/?p=38113"},"modified":"2023-02-16T11:16:08","modified_gmt":"2023-02-16T10:16:08","slug":"sessa-generazione-aurunca-festeggia-il-12esimo-anno-di-attivita-ecco-le-novita-e-le-indiscrezioni","status":"publish","type":"post","link":"https:\/\/www.thereportzone.it\/?p=38113","title":{"rendered":"Sessa: Generazione Aurunca festeggia il 12esimo anno di attivit\u00e0. Ecco le novit\u00e0 e le indiscrezioni"},"content":{"rendered":"\n<div class=\"wp-block-columns is-layout-flex wp-container-core-columns-is-layout-1 wp-block-columns-is-layout-flex\">\n<div class=\"wp-block-column is-layout-flow wp-block-column-is-layout-flow\" style=\"flex-basis:100%\">\n<div class=\"wp-block-group is-layout-flow wp-block-group-is-layout-flow\">\n<figure class=\"wp-block-image aligncenter size-full\"><img fetchpriority=\"high\" decoding=\"async\" width=\"691\" height=\"338\" src=\"http:\/\/thereportzone.it\/wp-content\/uploads\/2022\/07\/nuova-st-justin.png\" alt=\"\" class=\"wp-image-36457\"\/><\/figure>\n<\/div>\n<\/div>\n<\/div>\n\n\n\n<figure class=\"wp-block-image size-full\"><img decoding=\"async\" width=\"1343\" height=\"1291\" src=\"http:\/\/thereportzone.it\/wp-content\/uploads\/2023\/01\/VENDESI-ATTIVITA-STREGATTO.jpg\" alt=\"\" class=\"wp-image-37906\"\/><\/figure>\n\n\n\n<p><\/p>\n\n\n\n<figure class=\"wp-block-image size-full\"><img decoding=\"async\" width=\"998\" height=\"140\" src=\"http:\/\/thereportzone.it\/wp-content\/uploads\/2022\/07\/SodaPDF-converted-quattro-BUONO.jpg\" alt=\"\" class=\"wp-image-36456\"\/><\/figure>\n\n\n\n<p><\/p>\n\n\n\n<figure class=\"wp-block-image size-full\"><img loading=\"lazy\" decoding=\"async\" width=\"998\" height=\"140\" src=\"http:\/\/thereportzone.it\/wp-content\/uploads\/2023\/02\/margo-trz-piccolo.png\" alt=\"\" class=\"wp-image-38054\"\/><\/figure>\n\n\n\n<p>L\u2019associazione\\movimento Generazione Aurunca in questo mese di febbraio festeggia il dodicesimo anno di impegno sociale, informativo e politico sul territorio aurunco. Fondata nel lontano 2011, l\u2019idea ed il progetto stanno mostrando capacit\u00e0 di evoluzione e di durata riuscendo a restare voce sociale di una vasta area. Un mix tra attivit\u00e0 diretta, informazione sociale e presenza istituzionale che continua da oltre un decennio a tutela dei cittadini del territorio aurunco.<\/p>\n\n\n\n<p><\/p>\n\n\n\n<figure class=\"wp-block-image aligncenter size-full\"><img loading=\"lazy\" decoding=\"async\" width=\"1080\" height=\"1080\" src=\"http:\/\/thereportzone.it\/wp-content\/uploads\/2023\/01\/PIZZA-ALLA-BRACE-NUOVA.png\" alt=\"\" class=\"wp-image-37916\"\/><\/figure>\n\n\n\n<p>Da qualche settimana si \u00e8 aperta a terza fase del progetto: la prima fase \u00e8 stata quella movimentista e di rottura con cui il gruppo ha provato a scalfire il perdurante sistema politico e clientelare con le tematiche della trasparenza e della legalit\u00e0. La seconda fase, fortemente voluta dal Presidente Giuseppe Ardone, \u00e8 stata quella della maturit\u00e0 e della moderazione che ha trascinato GA a numeri record dal punto di vista informativo e mantenendo una coerenza di valori rispetto al programma iniziale.<\/p>\n\n\n\n<p>La terza fase si \u00e8 aperta pochi giorni fa con il cambio della presidenza alla scadenza del ciclo ardone e con l\u2019elezione dell\u2019Avv. Alberto Verrengia, tra i fondatori dell\u2019associazione che sta puntando al ruolo sociale del movimento, a restare saldamente la voce di migliaia di cittadini, molti dei quali si rivolgono a GA per ogni problematica, ma anche per ogni proposta positiva del territorio.<\/p>\n\n\n\n<p>Trapela che si punter\u00e0 molto sulla promozione territoriale, sull\u2019ampliamento del bacino di riferimento Sessa-Cellole-Carinola-Roccamonfina-Falciano-Mondragone ma anche il basso pontino. Inoltre, da tempo Verrengia \u00e8 divenuto punto di riferimento istituzionale unico del centrodestra di governo, pertanto, fondamentale sar\u00e0 in futuro la filiera che si creer\u00e0 in favore di Sessa Aurunca.<\/p>\n\n\n\n<p><\/p>\n","protected":false},"excerpt":{"rendered":"<p>L\u2019associazione\\movimento Generazione Aurunca in questo mese di febbraio festeggia il dodicesimo anno di impegno sociale, informativo e politico<\/p>\n","protected":false},"author":2,"featured_media":38114,"comment_status":"closed","ping_status":"closed","sticky":false,"template":"","format":"image","meta":{"sfsi_plus_gutenberg_text_before_share":"","sfsi_plus_gutenberg_show_text_before_share":"","sfsi_plus_gutenberg_icon_type":"","sfsi_plus_gutenberg_icon_alignemt":"","sfsi_plus_gutenburg_max_per_row":"","footnotes":""},"categories":[9],"tags":[],"class_list":["post-38113","post","type-post","status-publish","format-image","has-post-thumbnail","hentry","category-politica","post_format-post-format-image"],"_links":{"self":[{"href":"https:\/\/www.thereportzone.it\/index.php?rest_route=\/wp\/v2\/posts\/38113"}],"collection":[{"href":"https:\/\/www.thereportzone.it\/index.php?rest_route=\/wp\/v2\/posts"}],"about":[{"href":"https:\/\/www.thereportzone.it\/index.php?rest_route=\/wp\/v2\/types\/post"}],"author":[{"embeddable":true,"href":"https:\/\/www.thereportzone.it\/index.php?rest_route=\/wp\/v2\/users\/2"}],"replies":[{"embeddable":true,"href":"https:\/\/www.thereportzone.it\/index.php?rest_route=%2Fwp%2Fv2%2Fcomments&post=38113"}],"version-history":[{"count":1,"href":"https:\/\/www.thereportzone.it\/index.php?rest_route=\/wp\/v2\/posts\/38113\/revisions"}],"predecessor-version":[{"id":38115,"href":"https:\/\/www.thereportzone.it\/index.php?rest_route=\/wp\/v2\/posts\/38113\/revisions\/38115"}],"wp:featuredmedia":[{"embeddable":true,"href":"https:\/\/www.thereportzone.it\/index.php?rest_route=\/wp\/v2\/media\/38114"}],"wp:attachment":[{"href":"https:\/\/www.thereportzone.it\/index.php?rest_route=%2Fwp%2Fv2%2Fmedia&parent=38113"}],"wp:term":[{"taxonomy":"category","embeddable":true,"href":"https:\/\/www.thereportzone.it\/index.php?rest_route=%2Fwp%2Fv2%2Fcategories&post=38113"},{"taxonomy":"post_tag","embeddable":true,"href":"https:\/\/www.thereportzone.it\/index.php?rest_route=%2Fwp%2Fv2%2Ftags&post=38113"}],"curies":[{"name":"wp","href":"https:\/\/api.w.org\/{rel}","templated":true}]}}