{"id":38085,"date":"2023-02-11T12:14:39","date_gmt":"2023-02-11T11:14:39","guid":{"rendered":"http:\/\/thereportzone.it\/?p=38085"},"modified":"2023-02-11T12:14:55","modified_gmt":"2023-02-11T11:14:55","slug":"anche-fabio-di-fusco-di-falciano-nello-staff-di-sanremo-coordinamento-audio-fra-nave-costa-e-teatro-ariston","status":"publish","type":"post","link":"https:\/\/www.thereportzone.it\/?p=38085","title":{"rendered":"Anche Fabio di Fusco, di Falciano, nello staff di Sanremo: coordinamento audio fra nave Costa e Teatro Ariston"},"content":{"rendered":"\n<div class=\"wp-block-columns is-layout-flex wp-container-core-columns-is-layout-1 wp-block-columns-is-layout-flex\">\n<div class=\"wp-block-column is-layout-flow wp-block-column-is-layout-flow\" style=\"flex-basis:100%\">\n<div class=\"wp-block-group is-layout-flow wp-block-group-is-layout-flow\">\n<figure class=\"wp-block-image aligncenter size-full\"><img fetchpriority=\"high\" decoding=\"async\" width=\"691\" height=\"338\" src=\"http:\/\/thereportzone.it\/wp-content\/uploads\/2022\/07\/nuova-st-justin.png\" alt=\"\" class=\"wp-image-36457\"\/><\/figure>\n<\/div>\n<\/div>\n<\/div>\n\n\n\n<figure class=\"wp-block-image size-full\"><img decoding=\"async\" width=\"1343\" height=\"1291\" src=\"http:\/\/thereportzone.it\/wp-content\/uploads\/2023\/01\/VENDESI-ATTIVITA-STREGATTO.jpg\" alt=\"\" class=\"wp-image-37906\"\/><\/figure>\n\n\n\n<p><\/p>\n\n\n\n<figure class=\"wp-block-image size-full\"><img decoding=\"async\" width=\"998\" height=\"140\" src=\"http:\/\/thereportzone.it\/wp-content\/uploads\/2022\/07\/SodaPDF-converted-quattro-BUONO.jpg\" alt=\"\" class=\"wp-image-36456\"\/><\/figure>\n\n\n\n<p><\/p>\n\n\n\n<figure class=\"wp-block-image size-full\"><img loading=\"lazy\" decoding=\"async\" width=\"998\" height=\"140\" src=\"http:\/\/thereportzone.it\/wp-content\/uploads\/2023\/02\/margo-trz-piccolo.png\" alt=\"\" class=\"wp-image-38054\"\/><\/figure>\n\n\n\n<p>Un altro falcianese nello staff di Sanremo. Si tratta di Fabio Di Fusco, falcianese, esperto fonico e coordinatore audio. In realt\u00e0, la notizia ci era sfuggita, ma Fabio \u00e8 impegnato gi\u00e0 da due mesi nel lavoro che, ogni sera, stiamo vedendo durante il Festival di Sanremo. Parliamo del collegamento fra la nave Costa Crociere ed il Teatro Ariston, con artisti che si esibiscono in diretta proprio dalla nave, mentre la stessa esibizione viene trasmessa sia in Teatro che in televisione. Gi\u00e0 questo potrebbe bastare per capire quanto sia complicato coordinare il tutto. Fabio, che abbiamo sentito telefonicamente, ce ne ha dato conferma.<\/p>\n\n\n\n<figure class=\"wp-block-image aligncenter size-full\"><img loading=\"lazy\" decoding=\"async\" width=\"1080\" height=\"1080\" src=\"http:\/\/thereportzone.it\/wp-content\/uploads\/2023\/01\/PIZZA-ALLA-BRACE-NUOVA.png\" alt=\"\" class=\"wp-image-37916\"\/><\/figure>\n\n\n\n<p>\u201cNonostante io sia un fonico, in questo frangente sto svolgendo il lavoro di coordinamento audio fra la RAI e la nave Costa Crociere, con un interfacciamento costante fra le due regie, la nostra e, per l\u2019appunto, quella RAI\u201d. Queste le parole di Fabio che, poi, continua: \u201cAbbiamo iniziato con il montaggio il 26 Gennaio scorso ma la preparazione \u00e8 cominciata pi\u00f9 di due mesi fa\u201d.<\/p>\n\n\n\n<p>Fabio, con esperienza decennale alle spalle, lavora da anni per Costa Crociere. Sulle navi in navigazione lavora come Travelling Technical Manager (controllo lavoro e apparecchiature personale).<\/p>\n\n\n\n<p>La sua esperienza \u00e8 ben nota a musicisti e a persone del settore. Ha lavorato, fra le altre cose, a numerose edizioni di Umbria Jazz dove, per tutti i dieci giorni del Festival Umbro, gli venivano affidate intere squadre ed interi palchi.<\/p>\n\n\n\n<p>\u201cIl progetto che di collegamento fra nave e teatro ha visto un incremento di materiale aggiuntivo che si somma a quello enorme gi\u00e0 presente sulle navi. Non soltanto in termini di audio, ma anche luci e molto altro. Stanotte \u2013 continua Fabio- smonteremo tutto e domani mattina sbarcheremo tutto il materiale a Genova. Posso concludere dicendo che la regia della RAI \u00e8 spaventosa! Nonostante l\u2019enorme impegno tecnico sono esperienze che regalano immense soddisfazioni\u201d.<\/p>\n\n\n\n<p>Un ulteriore motivo di orgoglio per il comune di Falciano del Massico che, oltre alla giovanissima Palazzo, vanta un altro grande professionista nello staff sanremese, quello pi\u00f9 stretto e fidato. Chapeau.<\/p>\n\n\n\n<figure class=\"wp-block-image aligncenter size-full\"><img loading=\"lazy\" decoding=\"async\" width=\"1920\" height=\"1080\" src=\"http:\/\/thereportzone.it\/wp-content\/uploads\/2023\/02\/baribieri-sanremo.jpg\" alt=\"\" class=\"wp-image-38097\"\/><\/figure>\n\n\n\n<figure class=\"wp-block-image aligncenter size-full\"><img loading=\"lazy\" decoding=\"async\" width=\"373\" height=\"280\" src=\"http:\/\/thereportzone.it\/wp-content\/uploads\/2023\/02\/fab-2.jpg\" alt=\"\" class=\"wp-image-38086\"\/><\/figure>\n\n\n\n<figure class=\"wp-block-image aligncenter size-full\"><img loading=\"lazy\" decoding=\"async\" width=\"373\" height=\"280\" src=\"http:\/\/thereportzone.it\/wp-content\/uploads\/2023\/02\/fab1.jpg\" alt=\"\" class=\"wp-image-38087\"\/><\/figure>\n\n\n\n<figure class=\"wp-block-image aligncenter size-full\"><img loading=\"lazy\" decoding=\"async\" width=\"373\" height=\"280\" src=\"http:\/\/thereportzone.it\/wp-content\/uploads\/2023\/02\/fab4.jpg\" alt=\"\" class=\"wp-image-38088\"\/><\/figure>\n\n\n\n<figure class=\"wp-block-image aligncenter size-full\"><img loading=\"lazy\" decoding=\"async\" width=\"498\" height=\"280\" src=\"http:\/\/thereportzone.it\/wp-content\/uploads\/2023\/02\/fab5.jpg\" alt=\"\" class=\"wp-image-38089\"\/><\/figure>\n\n\n\n<figure class=\"wp-block-image aligncenter size-full\"><img loading=\"lazy\" decoding=\"async\" width=\"498\" height=\"280\" src=\"http:\/\/thereportzone.it\/wp-content\/uploads\/2023\/02\/fab6.jpg\" alt=\"\" class=\"wp-image-38090\"\/><\/figure>\n\n\n\n<figure class=\"wp-block-image aligncenter size-full\"><img loading=\"lazy\" decoding=\"async\" width=\"498\" height=\"280\" src=\"http:\/\/thereportzone.it\/wp-content\/uploads\/2023\/02\/fab7.jpg\" alt=\"\" class=\"wp-image-38091\"\/><\/figure>\n\n\n\n<figure class=\"wp-block-image aligncenter size-full\"><img loading=\"lazy\" decoding=\"async\" width=\"373\" height=\"280\" src=\"http:\/\/thereportzone.it\/wp-content\/uploads\/2023\/02\/fab8.jpg\" alt=\"\" class=\"wp-image-38092\"\/><\/figure>\n\n\n\n<figure class=\"wp-block-image aligncenter size-full\"><img loading=\"lazy\" decoding=\"async\" width=\"373\" height=\"280\" src=\"http:\/\/thereportzone.it\/wp-content\/uploads\/2023\/02\/fab10.jpg\" alt=\"\" class=\"wp-image-38093\"\/><\/figure>\n\n\n\n<figure class=\"wp-block-image aligncenter size-full\"><img loading=\"lazy\" decoding=\"async\" width=\"498\" height=\"280\" src=\"http:\/\/thereportzone.it\/wp-content\/uploads\/2023\/02\/fab15.jpg\" alt=\"\" class=\"wp-image-38094\"\/><\/figure>\n\n\n\n<figure class=\"wp-block-image aligncenter size-full\"><img loading=\"lazy\" decoding=\"async\" width=\"498\" height=\"280\" src=\"http:\/\/thereportzone.it\/wp-content\/uploads\/2023\/02\/fab14.jpg\" alt=\"\" class=\"wp-image-38095\"\/><\/figure>\n","protected":false},"excerpt":{"rendered":"<p>Un altro falcianese nello staff di Sanremo. Si tratta di Fabio Di Fusco, falcianese, esperto fonico e coordinatore<\/p>\n","protected":false},"author":2,"featured_media":38096,"comment_status":"closed","ping_status":"closed","sticky":false,"template":"","format":"image","meta":{"sfsi_plus_gutenberg_text_before_share":"","sfsi_plus_gutenberg_show_text_before_share":"","sfsi_plus_gutenberg_icon_type":"","sfsi_plus_gutenberg_icon_alignemt":"","sfsi_plus_gutenburg_max_per_row":"","footnotes":""},"categories":[4],"tags":[],"class_list":["post-38085","post","type-post","status-publish","format-image","has-post-thumbnail","hentry","category-falciano","post_format-post-format-image"],"_links":{"self":[{"href":"https:\/\/www.thereportzone.it\/index.php?rest_route=\/wp\/v2\/posts\/38085"}],"collection":[{"href":"https:\/\/www.thereportzone.it\/index.php?rest_route=\/wp\/v2\/posts"}],"about":[{"href":"https:\/\/www.thereportzone.it\/index.php?rest_route=\/wp\/v2\/types\/post"}],"author":[{"embeddable":true,"href":"https:\/\/www.thereportzone.it\/index.php?rest_route=\/wp\/v2\/users\/2"}],"replies":[{"embeddable":true,"href":"https:\/\/www.thereportzone.it\/index.php?rest_route=%2Fwp%2Fv2%2Fcomments&post=38085"}],"version-history":[{"count":1,"href":"https:\/\/www.thereportzone.it\/index.php?rest_route=\/wp\/v2\/posts\/38085\/revisions"}],"predecessor-version":[{"id":38098,"href":"https:\/\/www.thereportzone.it\/index.php?rest_route=\/wp\/v2\/posts\/38085\/revisions\/38098"}],"wp:featuredmedia":[{"embeddable":true,"href":"https:\/\/www.thereportzone.it\/index.php?rest_route=\/wp\/v2\/media\/38096"}],"wp:attachment":[{"href":"https:\/\/www.thereportzone.it\/index.php?rest_route=%2Fwp%2Fv2%2Fmedia&parent=38085"}],"wp:term":[{"taxonomy":"category","embeddable":true,"href":"https:\/\/www.thereportzone.it\/index.php?rest_route=%2Fwp%2Fv2%2Fcategories&post=38085"},{"taxonomy":"post_tag","embeddable":true,"href":"https:\/\/www.thereportzone.it\/index.php?rest_route=%2Fwp%2Fv2%2Ftags&post=38085"}],"curies":[{"name":"wp","href":"https:\/\/api.w.org\/{rel}","templated":true}]}}