{"id":38082,"date":"2023-02-10T16:14:44","date_gmt":"2023-02-10T15:14:44","guid":{"rendered":"http:\/\/thereportzone.it\/?p=38082"},"modified":"2023-02-10T16:14:50","modified_gmt":"2023-02-10T15:14:50","slug":"mangiaplastica-ambrosca-incontra-i-commercianti-per-programmare-assieme-iniziative-per-promuovere-luso-dellimpianto","status":"publish","type":"post","link":"https:\/\/www.thereportzone.it\/?p=38082","title":{"rendered":"Mangiaplastica, Ambrosca incontra i commercianti per programmare assieme iniziative per promuovere l\u2019uso dell\u2019impianto"},"content":{"rendered":"\n<div class=\"wp-block-columns is-layout-flex wp-container-core-columns-is-layout-1 wp-block-columns-is-layout-flex\">\n<div class=\"wp-block-column is-layout-flow wp-block-column-is-layout-flow\" style=\"flex-basis:100%\">\n<div class=\"wp-block-group is-layout-flow wp-block-group-is-layout-flow\">\n<figure class=\"wp-block-image aligncenter size-full\"><img fetchpriority=\"high\" decoding=\"async\" width=\"691\" height=\"338\" src=\"http:\/\/thereportzone.it\/wp-content\/uploads\/2022\/07\/nuova-st-justin.png\" alt=\"\" class=\"wp-image-36457\"\/><\/figure>\n<\/div>\n<\/div>\n<\/div>\n\n\n\n<figure class=\"wp-block-image size-full\"><img decoding=\"async\" width=\"1343\" height=\"1291\" src=\"http:\/\/thereportzone.it\/wp-content\/uploads\/2023\/01\/VENDESI-ATTIVITA-STREGATTO.jpg\" alt=\"\" class=\"wp-image-37906\"\/><\/figure>\n\n\n\n<p><\/p>\n\n\n\n<figure class=\"wp-block-image size-full\"><img decoding=\"async\" width=\"998\" height=\"140\" src=\"http:\/\/thereportzone.it\/wp-content\/uploads\/2022\/07\/SodaPDF-converted-quattro-BUONO.jpg\" alt=\"\" class=\"wp-image-36456\"\/><\/figure>\n\n\n\n<p><\/p>\n\n\n\n<figure class=\"wp-block-image size-full\"><img loading=\"lazy\" decoding=\"async\" width=\"998\" height=\"140\" src=\"http:\/\/thereportzone.it\/wp-content\/uploads\/2023\/02\/margo-trz-piccolo.png\" alt=\"\" class=\"wp-image-38054\"\/><\/figure>\n\n\n\n<p>Riunione operativa tra i commercianti di Cancello ed Arnone e l\u2019assessore all\u2019Ambiente e alle Attivit\u00e0 produttive Gaetano Ambrosca per concertare assieme una serie di iniziative tese a promuovere l\u2019uso del \u2018mangiaplastica\u2019 che \u00e8 stato installato in piazza Generale Branco. <\/p>\n\n\n\n<p><\/p>\n\n\n\n<figure class=\"wp-block-image aligncenter size-full\"><img loading=\"lazy\" decoding=\"async\" width=\"1080\" height=\"1080\" src=\"http:\/\/thereportzone.it\/wp-content\/uploads\/2023\/01\/PIZZA-ALLA-BRACE-NUOVA.png\" alt=\"\" class=\"wp-image-37916\"\/><\/figure>\n\n\n\n<p>\u00abE\u2019 stato un incontro molto partecipato dal quale sono emersi primi interessanti spunti di lavoro che saranno, comunque, approfonditi nei prossimi giorni. Le diverse attivit\u00e0 riceveranno la visita di un incaricato della societ\u00e0 GarbyItalia che avr\u00e0 il compito di raccogliere le adesioni degli operatori economici al progetto \u2013 ha sottolineato l\u2019assessore Ambrosca \u2013 pubblicizzeremo la modulistica di adesione all\u2019iniziativa anche attraverso i social istituzionali del Comune in modo da garantire la massima diffusione. <\/p>\n\n\n\n<p>Il \u2018mangiaplastica\u2019 entrer\u00e0 formalmente in funzione quando avremmo chiuso il percorso delle iniziative con i commercianti. E\u2019 nostra intenzione organizzare un\u2019inaugurazione nel corso della quale spiegheremo anche il funzionamento dell\u2019impianto ai cittadini. Ringrazio i commercianti per l\u2019attenzione e la fattiva collaborazione che stanno dimostrando anche in questa circostanza\u00bb.\u00a0<\/p>\n\n\n\n<p><\/p>\n","protected":false},"excerpt":{"rendered":"<p>Riunione operativa tra i commercianti di Cancello ed Arnone e l\u2019assessore all\u2019Ambiente e alle Attivit\u00e0 produttive Gaetano Ambrosca<\/p>\n","protected":false},"author":2,"featured_media":38083,"comment_status":"closed","ping_status":"closed","sticky":false,"template":"","format":"image","meta":{"sfsi_plus_gutenberg_text_before_share":"","sfsi_plus_gutenberg_show_text_before_share":"","sfsi_plus_gutenberg_icon_type":"","sfsi_plus_gutenberg_icon_alignemt":"","sfsi_plus_gutenburg_max_per_row":"","footnotes":""},"categories":[9],"tags":[],"class_list":["post-38082","post","type-post","status-publish","format-image","has-post-thumbnail","hentry","category-politica","post_format-post-format-image"],"_links":{"self":[{"href":"https:\/\/www.thereportzone.it\/index.php?rest_route=\/wp\/v2\/posts\/38082"}],"collection":[{"href":"https:\/\/www.thereportzone.it\/index.php?rest_route=\/wp\/v2\/posts"}],"about":[{"href":"https:\/\/www.thereportzone.it\/index.php?rest_route=\/wp\/v2\/types\/post"}],"author":[{"embeddable":true,"href":"https:\/\/www.thereportzone.it\/index.php?rest_route=\/wp\/v2\/users\/2"}],"replies":[{"embeddable":true,"href":"https:\/\/www.thereportzone.it\/index.php?rest_route=%2Fwp%2Fv2%2Fcomments&post=38082"}],"version-history":[{"count":1,"href":"https:\/\/www.thereportzone.it\/index.php?rest_route=\/wp\/v2\/posts\/38082\/revisions"}],"predecessor-version":[{"id":38084,"href":"https:\/\/www.thereportzone.it\/index.php?rest_route=\/wp\/v2\/posts\/38082\/revisions\/38084"}],"wp:featuredmedia":[{"embeddable":true,"href":"https:\/\/www.thereportzone.it\/index.php?rest_route=\/wp\/v2\/media\/38083"}],"wp:attachment":[{"href":"https:\/\/www.thereportzone.it\/index.php?rest_route=%2Fwp%2Fv2%2Fmedia&parent=38082"}],"wp:term":[{"taxonomy":"category","embeddable":true,"href":"https:\/\/www.thereportzone.it\/index.php?rest_route=%2Fwp%2Fv2%2Fcategories&post=38082"},{"taxonomy":"post_tag","embeddable":true,"href":"https:\/\/www.thereportzone.it\/index.php?rest_route=%2Fwp%2Fv2%2Ftags&post=38082"}],"curies":[{"name":"wp","href":"https:\/\/api.w.org\/{rel}","templated":true}]}}