{"id":38032,"date":"2023-02-06T12:21:45","date_gmt":"2023-02-06T11:21:45","guid":{"rendered":"http:\/\/thereportzone.it\/?p=38032"},"modified":"2023-02-06T12:21:56","modified_gmt":"2023-02-06T11:21:56","slug":"superbonus-regionale-santillo-m5s-se-governo-regionale-ha-visione-politica-questa-proposta-la-fa-propria","status":"publish","type":"post","link":"https:\/\/www.thereportzone.it\/?p=38032","title":{"rendered":"Superbonus regionale, Santillo (M5S): se governo regionale ha visione politica, questa proposta la fa propria"},"content":{"rendered":"\n<div class=\"wp-block-columns is-layout-flex wp-container-core-columns-is-layout-1 wp-block-columns-is-layout-flex\">\n<div class=\"wp-block-column is-layout-flow wp-block-column-is-layout-flow\" style=\"flex-basis:100%\">\n<div class=\"wp-block-group is-layout-flow wp-block-group-is-layout-flow\">\n<figure class=\"wp-block-image aligncenter size-full\"><img fetchpriority=\"high\" decoding=\"async\" width=\"691\" height=\"338\" src=\"http:\/\/thereportzone.it\/wp-content\/uploads\/2022\/07\/nuova-st-justin.png\" alt=\"\" class=\"wp-image-36457\"\/><\/figure>\n<\/div>\n<\/div>\n<\/div>\n\n\n\n<figure class=\"wp-block-image size-full\"><img decoding=\"async\" width=\"1343\" height=\"1291\" src=\"http:\/\/thereportzone.it\/wp-content\/uploads\/2023\/01\/VENDESI-ATTIVITA-STREGATTO.jpg\" alt=\"\" class=\"wp-image-37906\"\/><\/figure>\n\n\n\n<p><\/p>\n\n\n\n<figure class=\"wp-block-image size-full\"><img decoding=\"async\" width=\"998\" height=\"140\" src=\"http:\/\/thereportzone.it\/wp-content\/uploads\/2022\/07\/SodaPDF-converted-quattro-BUONO.jpg\" alt=\"\" class=\"wp-image-36456\"\/><\/figure>\n\n\n\n<p>Napoli, luned\u00ec 6 febbraio 2023. &#8220;L&#8217;Europa ci chiede di efficientare le nostre abitazioni, ma fermando il Superbonus il governo Meloni fa tutto il contrario di ci\u00f2 che serve&#8221;. Cos\u00ec il Vicepresidente M5S alla Camera dei deputati Agostino Santillo, durante la presentazione della proposta di legge del Superbonus regionale a Napoli, nella sala multimediale del Consiglio regionale della Campania. <\/p>\n\n\n\n<p><\/p>\n\n\n\n<figure class=\"wp-block-image aligncenter size-full\"><img loading=\"lazy\" decoding=\"async\" width=\"1080\" height=\"1080\" src=\"http:\/\/thereportzone.it\/wp-content\/uploads\/2023\/01\/PIZZA-ALLA-BRACE-NUOVA.png\" alt=\"\" class=\"wp-image-37916\"\/><\/figure>\n\n\n\n<p>&#8220;Oggi il problema non \u00e8 pi\u00f9 capire fin quando ci sar\u00e0 il Superbonus 110% &#8211; ha dichiarato Santillo -, ma il problema vero \u00e8 capire come trovare il modo di salvare quelle aziende che hanno i crediti fiscali bloccati.<\/p>\n\n\n\n<p> Per fare questo \u00e8 necessario innanzitutto riattivare la circolazione illimitata degli stessi crediti. Il governo deve comprendere che i milioni di euro nei cassetti fiscali delle aziende tra poco rappresenteranno comunque un costo sociale enorme, con imprenditori disperati, aziende che falliscono e lavoratori per strada. \u00c8 un dato di fatto che questa misura \u00e8 stata osteggiata e smantellata da chi si trova oggi al governo, che fino a pochi mesi fa in campagna elettorale prometteva tutt&#8217;altro. Qui in Campania se il governo regionale ha una reale visione politica, questa proposta del Superbonus la fa propria&#8221; &#8211; ha concluso -.<\/p>\n\n\n\n<p><\/p>\n","protected":false},"excerpt":{"rendered":"<p>Napoli, luned\u00ec 6 febbraio 2023. &#8220;L&#8217;Europa ci chiede di efficientare le nostre abitazioni, ma fermando il Superbonus il<\/p>\n","protected":false},"author":2,"featured_media":38033,"comment_status":"closed","ping_status":"closed","sticky":false,"template":"","format":"image","meta":{"sfsi_plus_gutenberg_text_before_share":"","sfsi_plus_gutenberg_show_text_before_share":"","sfsi_plus_gutenberg_icon_type":"","sfsi_plus_gutenberg_icon_alignemt":"","sfsi_plus_gutenburg_max_per_row":"","footnotes":""},"categories":[9],"tags":[],"class_list":["post-38032","post","type-post","status-publish","format-image","has-post-thumbnail","hentry","category-politica","post_format-post-format-image"],"_links":{"self":[{"href":"https:\/\/www.thereportzone.it\/index.php?rest_route=\/wp\/v2\/posts\/38032"}],"collection":[{"href":"https:\/\/www.thereportzone.it\/index.php?rest_route=\/wp\/v2\/posts"}],"about":[{"href":"https:\/\/www.thereportzone.it\/index.php?rest_route=\/wp\/v2\/types\/post"}],"author":[{"embeddable":true,"href":"https:\/\/www.thereportzone.it\/index.php?rest_route=\/wp\/v2\/users\/2"}],"replies":[{"embeddable":true,"href":"https:\/\/www.thereportzone.it\/index.php?rest_route=%2Fwp%2Fv2%2Fcomments&post=38032"}],"version-history":[{"count":1,"href":"https:\/\/www.thereportzone.it\/index.php?rest_route=\/wp\/v2\/posts\/38032\/revisions"}],"predecessor-version":[{"id":38034,"href":"https:\/\/www.thereportzone.it\/index.php?rest_route=\/wp\/v2\/posts\/38032\/revisions\/38034"}],"wp:featuredmedia":[{"embeddable":true,"href":"https:\/\/www.thereportzone.it\/index.php?rest_route=\/wp\/v2\/media\/38033"}],"wp:attachment":[{"href":"https:\/\/www.thereportzone.it\/index.php?rest_route=%2Fwp%2Fv2%2Fmedia&parent=38032"}],"wp:term":[{"taxonomy":"category","embeddable":true,"href":"https:\/\/www.thereportzone.it\/index.php?rest_route=%2Fwp%2Fv2%2Fcategories&post=38032"},{"taxonomy":"post_tag","embeddable":true,"href":"https:\/\/www.thereportzone.it\/index.php?rest_route=%2Fwp%2Fv2%2Ftags&post=38032"}],"curies":[{"name":"wp","href":"https:\/\/api.w.org\/{rel}","templated":true}]}}