{"id":38002,"date":"2023-01-30T16:55:11","date_gmt":"2023-01-30T15:55:11","guid":{"rendered":"http:\/\/thereportzone.it\/?p=38002"},"modified":"2023-01-30T16:55:55","modified_gmt":"2023-01-30T15:55:55","slug":"sessa-aurunca-la-procura-apre-un-fascicolo-sul-decesso-del-56enne-di-alife","status":"publish","type":"post","link":"https:\/\/www.thereportzone.it\/?p=38002","title":{"rendered":"SESSA AURUNCA &#8211; La Procura apre un fascicolo sul decesso del 56enne di Alife"},"content":{"rendered":"\n<div class=\"wp-block-columns is-layout-flex wp-container-core-columns-is-layout-1 wp-block-columns-is-layout-flex\">\n<div class=\"wp-block-column is-layout-flow wp-block-column-is-layout-flow\" style=\"flex-basis:100%\">\n<div class=\"wp-block-group is-layout-flow wp-block-group-is-layout-flow\">\n<figure class=\"wp-block-image aligncenter size-full\"><img fetchpriority=\"high\" decoding=\"async\" width=\"691\" height=\"338\" src=\"http:\/\/thereportzone.it\/wp-content\/uploads\/2022\/07\/nuova-st-justin.png\" alt=\"\" class=\"wp-image-36457\"\/><\/figure>\n<\/div>\n<\/div>\n<\/div>\n\n\n\n<figure class=\"wp-block-image size-full\"><img decoding=\"async\" width=\"1343\" height=\"1291\" src=\"http:\/\/thereportzone.it\/wp-content\/uploads\/2023\/01\/VENDESI-ATTIVITA-STREGATTO.jpg\" alt=\"\" class=\"wp-image-37906\"\/><\/figure>\n\n\n\n<p><\/p>\n\n\n\n<figure class=\"wp-block-image size-full\"><img decoding=\"async\" width=\"998\" height=\"140\" src=\"http:\/\/thereportzone.it\/wp-content\/uploads\/2022\/07\/SodaPDF-converted-quattro-BUONO.jpg\" alt=\"\" class=\"wp-image-36456\"\/><\/figure>\n\n\n\n<p class=\"has-text-align-center\"><strong>LO CONDUCONO AL PRONTO SOCCORSO PER UN GONFIORE ADDOMINALE, VIENE DIMESSO,<br>MA L\u2019INDOMANI LO RIPORTANO ALL\u2019OSPEDALE E MUORE ALL\u2019IMPROVVISO<\/strong><\/p>\n\n\n\n<p><strong>Riscontrando l\u2019esposto dei congiunti, la Procura di Santa Maria Capua Vetere ha aperto un fascicolo<br>sul decesso al nosocomio di Sessa Aurunca di un 56enne ospite di Villa della Rocca<\/strong><\/p>\n\n\n\n<p><strong>Di cos\u2019\u00e8 morto improvvisamente il loro caro?<\/strong>\u00a0<strong>Perch\u00e9 \u00e8 stato dimesso dall\u2019ospedale?<\/strong>\u00a0<strong>Ha ricevuto tutte le cure necessarie? Poteva essere salvato?\u00a0<\/strong>Riscontrando\u00a0<strong>l\u2019esposto\u00a0<\/strong>presentato dai fratelli, assistiti da\u00a0<strong>Studio3A-Valore S.p.A.<\/strong>, la\u00a0<strong>Procura di Santa Maria Capua Vetere<\/strong>, in provincia di\u00a0<strong>Caserta<\/strong>, attraverso il\u00a0<strong>Pubblico Ministero\u00a0<\/strong>dott.ssa<strong>\u00a0Valentina Santoro<\/strong>, ha aperto un\u00a0<strong>procedimento penale<\/strong>\u00a0per l\u2019ipotesi di<strong>\u00a0reato di omicidio colposo in ambito sanitario<\/strong>, al momento\u00a0<strong>contro ignoti<\/strong>, sul decesso di\u00a0<strong>M. P.<\/strong>, 56 anni, di\u00a0<strong>Alife (Ce),<\/strong>\u00a0avvenuto\u00a0<strong>gioved\u00ec 26 gennaio 2023<\/strong>\u00a0al\u00a0<strong>nosocomio di Sessa Aurunca<\/strong>. Il Sostituto Procuratore ha altres\u00ec\u00a0<strong>posto sotto sequestro tutte le cartelle cliniche<\/strong>, comprese quelle della<strong>\u00a0struttura socio assistenziale<\/strong>\u00a0dove la vittima era\u00a0<strong>ricoverata<\/strong>\u00a0permanentemente, e anche\u00a0<strong>la salma<\/strong>\u00a0in vista dell\u2019<strong>autopsia<\/strong>, che sar\u00e0 disposta per\u00a0<strong>la prossima settimana<\/strong>\u00a0e sar\u00e0 effettuata presso l\u2019istituto d Medicina Legale dell\u2019<strong>ospedale civile di Caserta<\/strong>.<\/p>\n\n\n\n<p><\/p>\n\n\n\n<figure class=\"wp-block-image aligncenter size-full\"><img loading=\"lazy\" decoding=\"async\" width=\"1080\" height=\"1080\" src=\"http:\/\/thereportzone.it\/wp-content\/uploads\/2023\/01\/PIZZA-ALLA-BRACE-NUOVA.png\" alt=\"\" class=\"wp-image-37916\"\/><\/figure>\n\n\n\n<p><strong>M. P.<\/strong>&nbsp;era ospite dal&nbsp;<strong>1996<\/strong>&nbsp;della&nbsp;<strong>Residenza-Casa Alloggio Villa della Rocca<\/strong>, a&nbsp;<strong>Rocca d\u2019Evandro<\/strong>, in quanto affetto da&nbsp;<strong>schizofrenia&nbsp;<\/strong>nonch\u00e9 da&nbsp;<strong>epatite C<\/strong>, patologia, quest\u2019ultima, curata tuttavia in modo risolutivo nel corso degli anni. Fisicamente, infatti, il cinquantaseienne&nbsp;<strong>stava bene<\/strong>&nbsp;e anche in occasione dell\u2019ultima visita, il 12 gennaio 2023, i&nbsp;<strong>fratelli lo avevano trovato in ottima salute<\/strong>&nbsp;n\u00e9 avevano ricevuto informazioni diverse fino alla&nbsp;<strong>serata di mercoled\u00ec 25 gennaio<\/strong>, quando il&nbsp;<strong>medico che presta servizio nella struttura assistenziale<\/strong>&nbsp;li ha informati che avrebbero condotto il fratello all\u2019ospedale e, successivamente, poco prima dell\u2019una di notte del 26 gennaio, che era&nbsp;<strong>stato (finalmente) ricoverato<\/strong>&nbsp;e gli era stato applicato un catetere.<\/p>\n\n\n\n<p>In realt\u00e0 infatti, come hanno appurato poi, il loro caro gi\u00e0&nbsp;<strong>marted\u00ec 24 gennaio<\/strong>&nbsp;aveva manifestato uno strano&nbsp;<strong>gonfiore addominale<\/strong>&nbsp;tanto che da&nbsp;<strong>Villa della Rocca&nbsp;<\/strong>avevano&nbsp;<strong>allertato il 118<\/strong>&nbsp;e il degente era stato trasportato in ambulanza al&nbsp;<strong>pronto soccorso di Sessa Aurunca<\/strong>, da dove per\u00f2, dopo avergli prescritto una terapia al momento sconosciuta ai congiunti, lo&nbsp;<strong>avevano rimandato nella Residenza di provenienza<\/strong>. Ma la&nbsp;<strong>situazione non era affatto migliorata<\/strong>, tanto che l\u2019indomani,&nbsp;<strong>25 gennaio<\/strong>, al culmine di una giornata in cui il&nbsp;<strong>malessere all\u2019addome era perdurato senza soluzione di continuit\u00e0<\/strong>, dalla struttura assistenziale hanno&nbsp;<strong>nuovamente chiamato il 118<\/strong>&nbsp;e il paziente ha&nbsp;<strong>rifatto accesso all\u2019ospedale civile di Sessa Aurunca<\/strong>,<strong>&nbsp;alle 20 circa<\/strong>. Anche in questo caso tuttavia i&nbsp;<strong>sanitari intendevano dimetterlo<\/strong>, ma sarebbe stata la ferma&nbsp;<strong>opposizione<\/strong>&nbsp;dell\u2019operatore di Villa della Rocca che l\u2019aveva accompagnato a&nbsp;<strong>convincere i medici dell\u2019ospedale a ricoverarlo per gli opportuni accertamenti e approfondimenti<\/strong>.<\/p>\n\n\n\n<p>Uno dei fratelli della vittima, non avendo ricevuto pi\u00f9 notizie, alle&nbsp;<strong>9 di mattina del 26 gennaio<\/strong>&nbsp;\u00e8 quindi partito da casa per raggiungere il&nbsp;<strong>presidio ospedaliero<\/strong>, ma non ha fatto a tempo ad arrivare che, sempre<strong>&nbsp;il medico di Villa della Rocca<\/strong>&nbsp;lo ha avvisato per telefono del&nbsp;<strong>decesso del fratello<\/strong>&nbsp;a causa di un&nbsp;<strong>non meglio specificato arresto cardiaco<\/strong>. Il familiare \u00e8 rimasto sotto shock e ancora di pi\u00f9 dopo aver visto in camera mortuaria il&nbsp;<strong>corpo del fratello<\/strong>, che presentava&nbsp;<strong>un rigonfiamento addominale del tutto abnorme<\/strong>.<\/p>\n\n\n\n<p>Di qui la decisione di&nbsp;<strong>fare piena luce sui fatti<\/strong>. I congiunti della vittima, attraverso il&nbsp;<strong>consulente legale dott. Simone Sangiovanni,&nbsp;<\/strong>si sono rivolti a&nbsp;<strong>Studio3A-Valore S.p.A.<\/strong>, societ\u00e0 specializzata a livello nazionale nel risarcimento danni e nella tutela dei diritti dei cittadini, e nel pomeriggio dello stesso 26 gennaio \u00e8 stata presentata una&nbsp;<strong>denuncia querela&nbsp;<\/strong>presso la&nbsp;<strong>caserma dei carabinieri di Sessa Aurunca<\/strong>, nella quale si chiede all\u2019autorit\u00e0 giudiziaria di&nbsp;<strong>fare chiarezza sulla vicenda<\/strong>, accertando le&nbsp;<strong>reali cause del decesso<\/strong>&nbsp;e, soprattutto,&nbsp;<strong>eventuali responsabilit\u00e0 dei sanitari&nbsp;<\/strong>che hanno avuto in cura il cinquantaseienne di entrambe le strutture coinvolte,&nbsp;<strong>l\u2019ospedale di Sessa<\/strong>&nbsp;e&nbsp;<strong>Villa della Rocca<\/strong>. Istanze, come detto, ritenute&nbsp;<strong>meritevoli di accoglimento da parte della Procura<\/strong>, che ha aperto un&nbsp;<strong>fascicolo<\/strong>&nbsp;con i conseguenti,&nbsp;<strong>primi provvedimenti<\/strong>.<\/p>\n\n\n\n<p><\/p>\n","protected":false},"excerpt":{"rendered":"<p>LO CONDUCONO AL PRONTO SOCCORSO PER UN GONFIORE ADDOMINALE, VIENE DIMESSO,MA L\u2019INDOMANI LO RIPORTANO ALL\u2019OSPEDALE E MUORE ALL\u2019IMPROVVISO<\/p>\n","protected":false},"author":2,"featured_media":38003,"comment_status":"closed","ping_status":"closed","sticky":false,"template":"","format":"image","meta":{"sfsi_plus_gutenberg_text_before_share":"","sfsi_plus_gutenberg_show_text_before_share":"","sfsi_plus_gutenberg_icon_type":"","sfsi_plus_gutenberg_icon_alignemt":"","sfsi_plus_gutenburg_max_per_row":"","footnotes":""},"categories":[8],"tags":[],"class_list":["post-38002","post","type-post","status-publish","format-image","has-post-thumbnail","hentry","category-cronaca","post_format-post-format-image"],"_links":{"self":[{"href":"https:\/\/www.thereportzone.it\/index.php?rest_route=\/wp\/v2\/posts\/38002"}],"collection":[{"href":"https:\/\/www.thereportzone.it\/index.php?rest_route=\/wp\/v2\/posts"}],"about":[{"href":"https:\/\/www.thereportzone.it\/index.php?rest_route=\/wp\/v2\/types\/post"}],"author":[{"embeddable":true,"href":"https:\/\/www.thereportzone.it\/index.php?rest_route=\/wp\/v2\/users\/2"}],"replies":[{"embeddable":true,"href":"https:\/\/www.thereportzone.it\/index.php?rest_route=%2Fwp%2Fv2%2Fcomments&post=38002"}],"version-history":[{"count":2,"href":"https:\/\/www.thereportzone.it\/index.php?rest_route=\/wp\/v2\/posts\/38002\/revisions"}],"predecessor-version":[{"id":38006,"href":"https:\/\/www.thereportzone.it\/index.php?rest_route=\/wp\/v2\/posts\/38002\/revisions\/38006"}],"wp:featuredmedia":[{"embeddable":true,"href":"https:\/\/www.thereportzone.it\/index.php?rest_route=\/wp\/v2\/media\/38003"}],"wp:attachment":[{"href":"https:\/\/www.thereportzone.it\/index.php?rest_route=%2Fwp%2Fv2%2Fmedia&parent=38002"}],"wp:term":[{"taxonomy":"category","embeddable":true,"href":"https:\/\/www.thereportzone.it\/index.php?rest_route=%2Fwp%2Fv2%2Fcategories&post=38002"},{"taxonomy":"post_tag","embeddable":true,"href":"https:\/\/www.thereportzone.it\/index.php?rest_route=%2Fwp%2Fv2%2Ftags&post=38002"}],"curies":[{"name":"wp","href":"https:\/\/api.w.org\/{rel}","templated":true}]}}