{"id":37974,"date":"2023-01-26T17:17:03","date_gmt":"2023-01-26T16:17:03","guid":{"rendered":"http:\/\/thereportzone.it\/?p=37974"},"modified":"2023-01-26T17:17:07","modified_gmt":"2023-01-26T16:17:07","slug":"e-ufficiale-falciano-del-massico-e-un-comune-virtuoso-plasic-free-2023","status":"publish","type":"post","link":"https:\/\/www.thereportzone.it\/?p=37974","title":{"rendered":"E&#8217; ufficiale: Falciano del Massico \u00e8 un comune virtuoso Plasic Free 2023"},"content":{"rendered":"\n<div class=\"wp-block-columns is-layout-flex wp-container-core-columns-is-layout-1 wp-block-columns-is-layout-flex\">\n<div class=\"wp-block-column is-layout-flow wp-block-column-is-layout-flow\" style=\"flex-basis:100%\">\n<div class=\"wp-block-group is-layout-flow wp-block-group-is-layout-flow\">\n<figure class=\"wp-block-image aligncenter size-full\"><img fetchpriority=\"high\" decoding=\"async\" width=\"691\" height=\"338\" src=\"http:\/\/thereportzone.it\/wp-content\/uploads\/2022\/07\/nuova-st-justin.png\" alt=\"\" class=\"wp-image-36457\"\/><\/figure>\n<\/div>\n<\/div>\n<\/div>\n\n\n\n<figure class=\"wp-block-image size-full\"><img decoding=\"async\" width=\"1343\" height=\"1291\" src=\"http:\/\/thereportzone.it\/wp-content\/uploads\/2023\/01\/VENDESI-ATTIVITA-STREGATTO.jpg\" alt=\"\" class=\"wp-image-37906\"\/><\/figure>\n\n\n\n<p><\/p>\n\n\n\n<figure class=\"wp-block-image size-full\"><img decoding=\"async\" width=\"998\" height=\"140\" src=\"http:\/\/thereportzone.it\/wp-content\/uploads\/2022\/07\/SodaPDF-converted-quattro-BUONO.jpg\" alt=\"\" class=\"wp-image-36456\"\/><\/figure>\n\n\n\n<p>E&#8217; ufficiale: Falciano del Massico \u00e8 un comune virtuoso Plasic Free 2023.<\/p>\n\n\n\n<p>L\u201911 marzo prossimo, all\u2019interno di Palazzo Re Enzo, la Onlus Plastic Free premier\u00e0 68 amministrazioni<br>comunali che si sono distinte per il proprio impegno verso l\u2019ambiente guadagnandosi il titolo di<br>Comune Plastic Free 2023, fra queste rientra anche quella di Falciano del Massico.<\/p>\n\n\n\n<p>La nomina, \u00e8 stata gi\u00e0 ampiamente annunciata ieri mattina, nel corso di una conferenza stampa, trasmessa in diretta web sulle pagine di Plastic Free. <\/p>\n\n\n\n<p>Il coronamento di un lungo percorso, che ha visto camminare di pari passo, nel piccolo Comune ai piedi del Monte Massico, l&#8217;Associazione Plastic Free con l&#8217;Amministrazione Comunale. Numerose, infatti, le iniziative dell&#8217;Associazione, da un lato; altrettante le richieste di collaborazione accolte dal Comune stesso, oltre alle dirette collaborazioni.<\/p>\n\n\n\n<p>Fra queste, va ricordata l&#8217;ordinanza sindacale per dire STOP al lancio dei palloncini. In quel frangente, lo scorsa estate, il comune di Falciano del Massico si pose come precursore e da esempio per molti altri Comuni del Sud e del Centro Italia, che seguirono a ruota l&#8217;iniziativa redigendo, a loro volta, le medesime ordinanze sindacali. Un motivo di orgoglio, senza dubbio, ma anche e soprattutto un&#8217;azione decisa e capace di apportare un beneficio comune.<\/p>\n\n\n\n<p>In un periodo di grande attenzione verso l\u2019ambiente, il riconoscimento a Comune Plastic Free \u00e8 un\u2019idea dell\u2019omonima associazione e ha l\u2019obiettivo di avvicinare le istituzioni alle tematiche ambientali. I criteri di valutazione si basano su 5 pilastri fondamentali:<br>\u25cf lotta contro gli abbandoni illeciti;<br>\u25cf sensibilizzazione del territorio;<br>\u25cf collaborazione con l\u2019associazione Plastic Free;<br>\u25cf gestione dei rifiuti urbani;<br>\u25cf attivit\u00e0 virtuose dell\u2019ente.<br>Un comitato interno della onlus, grazie ad una scheda di valutazione composta da 22 punti, ha<br>valutato oltre 360 Comuni scegliendo i pi\u00f9 virtuosi per la premiazione 2023 che si terr\u00e0 a Bologna,<br>all\u2019interno di Palazzo Re Enzo, l\u201911 marzo a partire della ore 09:00. In particolare, i 68 Comuni<br>selezionati, riceveranno il trofeo a forma di tartaruga e l\u2019attestato di virtuosit\u00e0 secondo il proprio<br>livello di impegno, rispettivamente 1, 2 o 3 tartarughe.<\/p>\n\n\n\n<p>A tal riguardo \u00e8 intervenuto il sindaco Ing. Giovanni Erasmo Fava, che ha dichiarato: &#8220;<strong><em>Siamo orgogliosi per il risultato raggiunto, ancor pi\u00f9 per le iniziative che Plastic Free, nel nostro comune, propone con determinazione e tenacia. Soltanto attraverso la collaborazione comune possiamo raggiungere quel tanto ambito Bene Comune, valore per cui la nostra amministrazione da sempre lavora sodo. Allo stesso tempo, siamo consapevoli che questa prestigiosa nomina rappresenti soltanto un nuovo inizio per un percorso futuro ancor pi\u00f9 proficuo ed efficace. Ringraziamo i referenti locali\u00a0Francesco Torrico e Mirko Leggiero\u00a0e tutti i ragazzi di Plastic Free per il loro quotidiano impegno nella difesa dell\u2019ambiente<\/em><\/strong>&#8220;.<\/p>\n\n\n\n<p>Sull&#8217;argomento \u00e8 intervenuto anche il consigliere comunale Angelo De Cristofaro, con delega, fra le altre cose, all&#8217;Ecologia: &#8220;<strong><em>Un grande orgoglio per Falciano del Massico essere premiato come Comune Virtuoso Plastic Free. Il 25 Gennaio nella sala stampa del Ministero dell\u2019Ambiente e della Sicurezza Energetica, Plastic Free ha presentato la lista dei 68 Comuni meritevoli. La tematica ambientale da sempre \u00e8 al centro dei programmi del Sindaco e di tutta l\u2019Amministrazione Comunale. Continueremo con ancora pi\u00f9 forza e determinazione a tutelare il nostro territorio. Un ringraziamento particolare ai nostri referenti Plastic Free di Falciano, Francesco Torrico e Mirko Leggiero e tutti i volontari che costantemente lavorano a questo progetto, senza il loro prezioso lavoro non avremmo mai raggiunto questo importante traguardo<\/em><\/strong>&#8220;.<\/p>\n\n\n\n<p>Importanti anche le parole del referente locale Francesco Torrico, che ha detto: &#8220;<strong><em>Viviamo un&#8217;epoca in cui, ogni gesto fatto nei confronti dell&#8217;ambiente \u00e8, in realt\u00e0, un seme d&#8217;amore messo a dimora per le future generazioni. \u00c8 un lustro per il nostro amato paese ricevere un premio nazionale cos\u00ec importante per\u00f2, lo stesso, non deve essere visto come un punto di arrivo bens\u00ec di partenza. Per fare in modo che tale impegno continui, c&#8217;\u00e8 bisogno che tutti, cittadini, associazioni ed istituzioni, collaborino insieme e questo lo si fa non solo aderendo e proponendosi fattivamente durante le iniziative di raccolta ma cercando di inserire, il termine &#8220;sostenibilit\u00e0&#8221;, all&#8217;interno del proprio vivere quotidiano<\/em><\/strong>&#8220;.<\/p>\n\n\n\n<p><\/p>\n\n\n\n<p>L\u2019evento dell\u201911 marzo sar\u00e0 strutturato in 2 momenti: il mattino sar\u00e0 dedicato alle premiazioni delle amministrazioni comunali, mentre il pomeriggio l\u2019associazione, in collaborazione con il Festival Del Sar\u00e0, sar\u00e0 impegnata in 2 talk show dove saranno trattate tematiche quali \u201cLa transizione \u00e8 sostenibile?\u201d e \u201cScelte di sostenibilit\u00e0\u201d, con illustri ospiti ed opinion leader del settore.<\/p>\n\n\n\n<p>Plastic Free \u00e8 un\u2019associazione di volontariato, senza scopo di lucro, impegnata dal 2019 nel contrastare l\u2019inquinamento da plastica, una vera e propria minaccia per il Pianeta, l\u2019umanit\u00e0 e tutte le forme di vita presenti. <\/p>\n\n\n\n<p>Nel proprio impegno quotidiano realizza appuntamenti di pulizia ambientale, sensibilizzazioni nelle scuole, salvataggi di tartarughe marine e supporta enti ed aziende nella transizione ecologica. I numeri che l\u2019associazione \u00e8 riuscita ad ottenere fino ad oggi parlano di circa 3 milioni di chili di plastica e rifiuti rimossi dall\u2019ambiente, di oltre 110 mila studenti sensibilizzati in pi\u00f9 di 1.000 scuole italiane, e di 130 tartarughe marine salvate da morte certa.<\/p>\n\n\n\n<p><br>Mercoledi 25 gennaio si \u00e8 svolta la presentazione dei 68 Comuni Plastic Free 2023 a Roma presso la sala stampa del Ministero dell\u2019Ambiente e della Sicurezza Energetica alla presenza della Viceministro On. Vannia Gava, la Dirigente del Ministero Laura D\u2019Aprile, l\u2019associazione Plastic Free Onlus rappresentata dal Presidente Luca De Gaetano, dal Direttore generale Lorenzo Zitignani e dal Segretario Generale Antonio Rancati e dall\u2019ideatore del Festival del Sar\u00e0, Antonello Barone.<\/p>\n\n\n\n<p><br>In merito all\u2019iniziativa l\u2019On. Vannia Gava, Viceministro all\u2019Ambiente e Sicurezza energetica, ha dichiarato: \u201cUn messaggio positivo, fa parte di quella cultura ambientale di cui parlo da anni. Avere associazioni che organizzano questi eventi e che accompagnano le amministrazioni nel percorso virtuoso \u00e8 fondamentale. Dobbiamo far capire ai cittadini che i rifiuti vanno gestiti e che la plastica non va abbandonata\u201d. Il Ministero dell\u2019Ambiente e della Sicurezza Energetica ha valutato positivamente i criteri di valutazione predisposti dall\u2019associazione ed ha concesso il proprio patrocinio morale all\u2019iniziativa e alla cerimonia di premiazione che si svolger\u00e0 a Bologna l\u201911 marzo 2023.<\/p>\n\n\n\n<p><\/p>\n\n\n\n<figure class=\"wp-block-image aligncenter size-full\"><img loading=\"lazy\" decoding=\"async\" width=\"1080\" height=\"1080\" src=\"http:\/\/thereportzone.it\/wp-content\/uploads\/2023\/01\/PIZZA-ALLA-BRACE-NUOVA.png\" alt=\"\" class=\"wp-image-37916\"\/><\/figure>\n\n\n\n<p><\/p>\n\n\n\n<p><\/p>\n","protected":false},"excerpt":{"rendered":"<p>E&#8217; ufficiale: Falciano del Massico \u00e8 un comune virtuoso Plasic Free 2023. L\u201911 marzo prossimo, all\u2019interno di Palazzo<\/p>\n","protected":false},"author":2,"featured_media":37976,"comment_status":"closed","ping_status":"closed","sticky":false,"template":"","format":"image","meta":{"sfsi_plus_gutenberg_text_before_share":"","sfsi_plus_gutenberg_show_text_before_share":"","sfsi_plus_gutenberg_icon_type":"","sfsi_plus_gutenberg_icon_alignemt":"","sfsi_plus_gutenburg_max_per_row":"","footnotes":""},"categories":[8,4],"tags":[],"class_list":["post-37974","post","type-post","status-publish","format-image","has-post-thumbnail","hentry","category-cronaca","category-falciano","post_format-post-format-image"],"_links":{"self":[{"href":"https:\/\/www.thereportzone.it\/index.php?rest_route=\/wp\/v2\/posts\/37974"}],"collection":[{"href":"https:\/\/www.thereportzone.it\/index.php?rest_route=\/wp\/v2\/posts"}],"about":[{"href":"https:\/\/www.thereportzone.it\/index.php?rest_route=\/wp\/v2\/types\/post"}],"author":[{"embeddable":true,"href":"https:\/\/www.thereportzone.it\/index.php?rest_route=\/wp\/v2\/users\/2"}],"replies":[{"embeddable":true,"href":"https:\/\/www.thereportzone.it\/index.php?rest_route=%2Fwp%2Fv2%2Fcomments&post=37974"}],"version-history":[{"count":3,"href":"https:\/\/www.thereportzone.it\/index.php?rest_route=\/wp\/v2\/posts\/37974\/revisions"}],"predecessor-version":[{"id":37978,"href":"https:\/\/www.thereportzone.it\/index.php?rest_route=\/wp\/v2\/posts\/37974\/revisions\/37978"}],"wp:featuredmedia":[{"embeddable":true,"href":"https:\/\/www.thereportzone.it\/index.php?rest_route=\/wp\/v2\/media\/37976"}],"wp:attachment":[{"href":"https:\/\/www.thereportzone.it\/index.php?rest_route=%2Fwp%2Fv2%2Fmedia&parent=37974"}],"wp:term":[{"taxonomy":"category","embeddable":true,"href":"https:\/\/www.thereportzone.it\/index.php?rest_route=%2Fwp%2Fv2%2Fcategories&post=37974"},{"taxonomy":"post_tag","embeddable":true,"href":"https:\/\/www.thereportzone.it\/index.php?rest_route=%2Fwp%2Fv2%2Ftags&post=37974"}],"curies":[{"name":"wp","href":"https:\/\/api.w.org\/{rel}","templated":true}]}}