{"id":37936,"date":"2023-01-20T15:15:33","date_gmt":"2023-01-20T14:15:33","guid":{"rendered":"http:\/\/thereportzone.it\/?p=37936"},"modified":"2023-01-20T15:15:39","modified_gmt":"2023-01-20T14:15:39","slug":"mondragone-langenfeld-il-risveglio-di-saffo-di-gino-pacifico-spopola-letture-presso-la-biblioteca-comunale-della-cittadina-austriaca","status":"publish","type":"post","link":"https:\/\/www.thereportzone.it\/?p=37936","title":{"rendered":"MONDRAGONE\/LANGENFELD &#8211; Il Risveglio di Saffo di Gino Pacifico spopola: letture presso la Biblioteca Comunale della cittadina austriaca"},"content":{"rendered":"\n<div class=\"wp-block-columns is-layout-flex wp-container-core-columns-is-layout-1 wp-block-columns-is-layout-flex\">\n<div class=\"wp-block-column is-layout-flow wp-block-column-is-layout-flow\" style=\"flex-basis:100%\">\n<div class=\"wp-block-group is-layout-flow wp-block-group-is-layout-flow\">\n<figure class=\"wp-block-image aligncenter size-full\"><img fetchpriority=\"high\" decoding=\"async\" width=\"691\" height=\"338\" src=\"http:\/\/thereportzone.it\/wp-content\/uploads\/2022\/07\/nuova-st-justin.png\" alt=\"\" class=\"wp-image-36457\"\/><\/figure>\n<\/div>\n<\/div>\n<\/div>\n\n\n\n<figure class=\"wp-block-image size-full\"><img decoding=\"async\" width=\"1343\" height=\"1291\" src=\"http:\/\/thereportzone.it\/wp-content\/uploads\/2023\/01\/VENDESI-ATTIVITA-STREGATTO.jpg\" alt=\"\" class=\"wp-image-37906\"\/><\/figure>\n\n\n\n<p><\/p>\n\n\n\n<figure class=\"wp-block-image size-full\"><img decoding=\"async\" width=\"998\" height=\"140\" src=\"http:\/\/thereportzone.it\/wp-content\/uploads\/2022\/07\/SodaPDF-converted-quattro-BUONO.jpg\" alt=\"\" class=\"wp-image-36456\"\/><\/figure>\n\n\n\n<p>Il Risveglio di Saffo di Gino Pacifico<\/p>\n\n\n\n<p>Marted\u00ec 31 gennaio, alle ore 19:30, Gino Pacifico sar\u00e0 ospite presso la Biblioteca Comunale di Langenfeld, Hauptstra\u00dfe 131, con il suo volume di poesie \u201cSaffo e il sangue dei profughi\u201d.<\/p>\n\n\n\n<p>Il titolo di questa avvincente serie di poesie sull&#8217;emigrazione e l&#8217;immigrazione scritta da Gino Pacifico si ispira ai tragici eventi dell&#8217;isola di Lesvos nel 2020.<\/p>\n\n\n\n<p><\/p>\n\n\n\n<figure class=\"wp-block-image aligncenter size-full\"><img loading=\"lazy\" decoding=\"async\" width=\"1080\" height=\"1080\" src=\"http:\/\/thereportzone.it\/wp-content\/uploads\/2023\/01\/PIZZA-ALLA-BRACE-NUOVA.png\" alt=\"\" class=\"wp-image-37916\"\/><\/figure>\n\n\n\n<p>Il lettore \u00e8 guidato in questa raccolta antologica da Saffo, prima di tutte le poetesse. Il risveglio della poetessa &#8220;con il costante, aspro crepitio dell&#8217;aria infuocata e rabbiosa dell&#8217;inferno&#8221; nel campo profughi rappresenta al tempo stesso richiamo e speranza per il lettore, cui l&#8217;Europa chiede &#8220;l&#8217;unit\u00e0 per il bene di tutti&#8221;.<\/p>\n\n\n\n<p>Le poesie di Pacifico affrontano anche il sentimento di alienazione e di patria della generazione dei lavoratori ospiti nel 20\u00b0 secolo e le usano come lezione per il presente con l&#8217;appello per una riuscita integrazione.<\/p>\n\n\n\n<p>Lungo il percorso attraverso l&#8217;opera di questa vita lirica, il lettore incontra non solo i due temi dell&#8217;immigrazione e dell&#8217;emigrazione, ma anche una variet\u00e0 di poesie belle e aforistiche sull&#8217;amore, la natura e l&#8217;umanit\u00e0. Una collezione travolgente che invita a riflettere e sorridere allo stesso tempo.<\/p>\n\n\n\n<p>Gino Pacifico<\/p>\n\n\n\n<p>\u00c8 nato a Mondragone e vive in Germania. Come regista di diversi cortometraggi, ha affrontato il tema degli immigrati italiani in Germania e ha ricevuto premi d&#8217;oro al BDFA Federal Film Festival nel 1989 e nel 1992.<\/p>\n\n\n\n<p>Il suo primo volume di poesie \u00e8 stato pubblicato nel 2012 con il titolo &#8220;Indivisibile &#8211; Inseparable&#8221;. Con questo volume di poesie, Pacifico \u00e8 gi\u00e0 stato a una lettura nella biblioteca comunale.<\/p>\n\n\n\n<p>Con la sua seconda raccolta di poesie &#8220;La vetrina dell&#8217;emigrante &#8211; La finestra dell&#8217;emigrante&#8221; ha ricevuto a Napoli nel 2015 il Premio Internazionale di Letteratura Emily Dickinson.<\/p>\n\n\n\n<p>Nel 2018 ha affrontato la crisi dei rifugiati e la questione dell&#8217;unit\u00e0 europea con il titolo &#8220;Il sangue del profugo rivela&#8221;.<\/p>\n\n\n\n<p><\/p>\n","protected":false},"excerpt":{"rendered":"<p>Il Risveglio di Saffo di Gino Pacifico Marted\u00ec 31 gennaio, alle ore 19:30, Gino Pacifico sar\u00e0 ospite presso<\/p>\n","protected":false},"author":2,"featured_media":37937,"comment_status":"closed","ping_status":"closed","sticky":false,"template":"","format":"image","meta":{"sfsi_plus_gutenberg_text_before_share":"","sfsi_plus_gutenberg_show_text_before_share":"","sfsi_plus_gutenberg_icon_type":"","sfsi_plus_gutenberg_icon_alignemt":"","sfsi_plus_gutenburg_max_per_row":"","footnotes":""},"categories":[5],"tags":[],"class_list":["post-37936","post","type-post","status-publish","format-image","has-post-thumbnail","hentry","category-mondragone","post_format-post-format-image"],"_links":{"self":[{"href":"https:\/\/www.thereportzone.it\/index.php?rest_route=\/wp\/v2\/posts\/37936"}],"collection":[{"href":"https:\/\/www.thereportzone.it\/index.php?rest_route=\/wp\/v2\/posts"}],"about":[{"href":"https:\/\/www.thereportzone.it\/index.php?rest_route=\/wp\/v2\/types\/post"}],"author":[{"embeddable":true,"href":"https:\/\/www.thereportzone.it\/index.php?rest_route=\/wp\/v2\/users\/2"}],"replies":[{"embeddable":true,"href":"https:\/\/www.thereportzone.it\/index.php?rest_route=%2Fwp%2Fv2%2Fcomments&post=37936"}],"version-history":[{"count":1,"href":"https:\/\/www.thereportzone.it\/index.php?rest_route=\/wp\/v2\/posts\/37936\/revisions"}],"predecessor-version":[{"id":37938,"href":"https:\/\/www.thereportzone.it\/index.php?rest_route=\/wp\/v2\/posts\/37936\/revisions\/37938"}],"wp:featuredmedia":[{"embeddable":true,"href":"https:\/\/www.thereportzone.it\/index.php?rest_route=\/wp\/v2\/media\/37937"}],"wp:attachment":[{"href":"https:\/\/www.thereportzone.it\/index.php?rest_route=%2Fwp%2Fv2%2Fmedia&parent=37936"}],"wp:term":[{"taxonomy":"category","embeddable":true,"href":"https:\/\/www.thereportzone.it\/index.php?rest_route=%2Fwp%2Fv2%2Fcategories&post=37936"},{"taxonomy":"post_tag","embeddable":true,"href":"https:\/\/www.thereportzone.it\/index.php?rest_route=%2Fwp%2Fv2%2Ftags&post=37936"}],"curies":[{"name":"wp","href":"https:\/\/api.w.org\/{rel}","templated":true}]}}