{"id":3786,"date":"2015-12-03T19:56:22","date_gmt":"2015-12-03T19:56:22","guid":{"rendered":"http:\/\/www.thereportzone.it\/?p=3786"},"modified":"2015-12-03T19:56:22","modified_gmt":"2015-12-03T19:56:22","slug":"centro-democratico-fulvio-valerio-cascella-nuovo-coordinatore-cittadino-di-aversa","status":"publish","type":"post","link":"https:\/\/www.thereportzone.it\/?p=3786","title":{"rendered":"Centro Democratico: Fulvio Valerio Cascella nuovo coordinatore cittadino di Aversa"},"content":{"rendered":"<p><strong><a href=\"http:\/\/www.thereportzone.it\/wp-content\/uploads\/2015\/12\/12299190_680722098731710_4388193827519161436_n.jpg\"><img fetchpriority=\"high\" decoding=\"async\" class=\"size-medium wp-image-3788 alignright\" src=\"http:\/\/www.thereportzone.it\/wp-content\/uploads\/2015\/12\/12299190_680722098731710_4388193827519161436_n-225x300.jpg\" alt=\"12299190_680722098731710_4388193827519161436_n\" width=\"225\" height=\"300\" \/><\/a>3 Dicembre 2015 &#8211; Marcianise<\/strong>.\u00a0Fulvio Valerio Cascella, \u00e8 il nuovo coordinatore cittadino di Aversa.\u00a0Continua l\u2019attivit\u00e0 di radicamento sul territorio provinciale di Centro Democratico della Provincia di Caserta. E\u2019 la volta del Comune di Aversa dove il dr. Fulvio Valerio Cascella, gi\u00e0 consigliere comunale, ha accettato di coordinare il partito di Tabacci Nella citt\u00e0 normanna.<br \/>\nLaureato in Sociologia,impegnato da sempre sulle tematiche socio-culturali, \u00e8 stato dirigente , a livello provinciale , sia delle ACLI ( Associazioni Cristiane Lavoratori Italiane ) che del MCL ( Movimento Cristiano Lavoratori.).Nell\u2019ambito della diffusione delle idee e dei valori del volontariato, ha dato vita a numerose associazioni che hanno operato sia a livello locale che nazionale. A conferma di un impegno prolungato nel tempo, attualmente \u00e8 amministratore di un\u2019impresa sociale. Attento testimone delle dinamiche socio-economiche del Meridione d\u2019Italia, ha esaminato meticolosamente le radici storiche della nostra societ\u00e0. Frutto di tali riflessioni, \u00e8 stata la pubblicazione di due libri , \u201c Raccontateci un\u2019altra storia \u201c e \u201c Frammenti d\u2019Italia \u201c, dove in qualit\u00e0 d\u2019autore, descrive alcuni dei motivi che stanno alla base dell\u2019ampio divario esistente tra Nord e Sud, e propone originali soluzioni.<br \/>\n\u201cAvendo constatato un\u2019ampia convergenza riguardo a numerose tematiche affrontate con i dirigenti provinciali , quali ad esempio , politiche giovanili, del lavoro, dell\u2019ambiente, della sanit\u00e0, siamo giunti alla conclusione di aderire con forte convinzione e partecipazione, agli ideali ed alle proposte formulate dal Centro Democratico.Nel corso delle riunioni, si \u00e8 anche esaminata la situazione politico-amministrativa della Citt\u00e0 di Aversa, e si \u00e8 giunti alla determinazione di programmare una serie di iniziative promosse dal Centro Democratico, che siano finalizzate in maniera concreta a promuovere il rilancio della comunit\u00e0 aversana. Auspichiamo di poter concretamente contribuire alla diffusione dei valori e dei principi affermati dal Centro Democratico\u201d.<br \/>\n\u201cCi corre l\u2019obbligo di sottolineare la disponibilit\u00e0, e l\u2019impegno profuso dagli esponenti principali del Centro Democratico di Caserta, in special modo del Segretario Provinciale Ingegnere Giuseppe Riccio, dell\u2019Onorevole Giovanni Zannini, a cui vanno i nostri ringraziamenti\u201d.<\/p>\n","protected":false},"excerpt":{"rendered":"<p>3 Dicembre 2015 &#8211; Marcianise.\u00a0Fulvio Valerio Cascella, \u00e8 il nuovo coordinatore cittadino di Aversa.\u00a0Continua l\u2019attivit\u00e0 di radicamento sul<\/p>\n","protected":false},"author":2,"featured_media":3787,"comment_status":"closed","ping_status":"closed","sticky":false,"template":"","format":"standard","meta":{"sfsi_plus_gutenberg_text_before_share":"","sfsi_plus_gutenberg_show_text_before_share":"","sfsi_plus_gutenberg_icon_type":"","sfsi_plus_gutenberg_icon_alignemt":"","sfsi_plus_gutenburg_max_per_row":"","footnotes":""},"categories":[9],"tags":[3975,4119,4120,4121],"class_list":["post-3786","post","type-post","status-publish","format-standard","has-post-thumbnail","hentry","category-politica","tag-centro-democratico","tag-centro-democratico-aversa","tag-centro-democratico-caserta","tag-marcanise-politica"],"_links":{"self":[{"href":"https:\/\/www.thereportzone.it\/index.php?rest_route=\/wp\/v2\/posts\/3786"}],"collection":[{"href":"https:\/\/www.thereportzone.it\/index.php?rest_route=\/wp\/v2\/posts"}],"about":[{"href":"https:\/\/www.thereportzone.it\/index.php?rest_route=\/wp\/v2\/types\/post"}],"author":[{"embeddable":true,"href":"https:\/\/www.thereportzone.it\/index.php?rest_route=\/wp\/v2\/users\/2"}],"replies":[{"embeddable":true,"href":"https:\/\/www.thereportzone.it\/index.php?rest_route=%2Fwp%2Fv2%2Fcomments&post=3786"}],"version-history":[{"count":0,"href":"https:\/\/www.thereportzone.it\/index.php?rest_route=\/wp\/v2\/posts\/3786\/revisions"}],"wp:featuredmedia":[{"embeddable":true,"href":"https:\/\/www.thereportzone.it\/index.php?rest_route=\/"}],"wp:attachment":[{"href":"https:\/\/www.thereportzone.it\/index.php?rest_route=%2Fwp%2Fv2%2Fmedia&parent=3786"}],"wp:term":[{"taxonomy":"category","embeddable":true,"href":"https:\/\/www.thereportzone.it\/index.php?rest_route=%2Fwp%2Fv2%2Fcategories&post=3786"},{"taxonomy":"post_tag","embeddable":true,"href":"https:\/\/www.thereportzone.it\/index.php?rest_route=%2Fwp%2Fv2%2Ftags&post=3786"}],"curies":[{"name":"wp","href":"https:\/\/api.w.org\/{rel}","templated":true}]}}