{"id":37831,"date":"2023-01-06T13:58:22","date_gmt":"2023-01-06T12:58:22","guid":{"rendered":"http:\/\/thereportzone.it\/?p=37831"},"modified":"2023-01-06T13:58:42","modified_gmt":"2023-01-06T12:58:42","slug":"falciano-roma-cgil-prata-nuovo-segretario-flai-campania","status":"publish","type":"post","link":"https:\/\/www.thereportzone.it\/?p=37831","title":{"rendered":"FALCIANO \/ ROMA Cgil: Prata nuovo segretario Flai Campania"},"content":{"rendered":"\n<div class=\"wp-block-columns is-layout-flex wp-container-core-columns-is-layout-1 wp-block-columns-is-layout-flex\">\n<div class=\"wp-block-column is-layout-flow wp-block-column-is-layout-flow\" style=\"flex-basis:100%\">\n<div class=\"wp-block-group is-layout-flow wp-block-group-is-layout-flow\">\n<figure class=\"wp-block-image aligncenter size-full\"><img fetchpriority=\"high\" decoding=\"async\" width=\"691\" height=\"338\" src=\"http:\/\/thereportzone.it\/wp-content\/uploads\/2022\/07\/nuova-st-justin.png\" alt=\"\" class=\"wp-image-36457\"\/><\/figure>\n<\/div>\n<\/div>\n<\/div>\n\n\n\n<figure class=\"wp-block-image size-full\"><img decoding=\"async\" width=\"1100\" height=\"588\" src=\"http:\/\/thereportzone.it\/wp-content\/uploads\/2022\/11\/nuova-AZIENDA-AGRICOLA-GIOVANNI-TOSCANO.jpg\" alt=\"\" class=\"wp-image-37396\"\/><\/figure>\n\n\n\n<figure class=\"wp-block-image size-full\"><img decoding=\"async\" width=\"998\" height=\"140\" src=\"http:\/\/thereportzone.it\/wp-content\/uploads\/2022\/07\/SodaPDF-converted-quattro-BUONO.jpg\" alt=\"\" class=\"wp-image-36456\"\/><\/figure>\n\n\n\n<p>\u00c8 Igor Prata, attuale segretario generale della Flai-Cgil Caserta, il nuovo segretario generale regionale della categoria dell&#8217;agroindustria della Cgil, eletto oggi al termine del secondo congresso della Flai-Cgil Campania e Napoli, che si \u00e8 tenuto a Salerno.<\/p>\n\n\n\n<p>Prata succede a Giovanna Basile, che ha guidato la categoria nell&#8217;ultimo quadriennio.\u00a0<br><br>&#8220;Ringrazio la Flai-Cgil Nazionale e la Cgil Campania per avermi indicato alla guida della Flai-Cgil Campania e Napoli.<\/p>\n\n\n\n<figure class=\"wp-block-image aligncenter size-full is-style-default\"><img loading=\"lazy\" decoding=\"async\" width=\"750\" height=\"937\" src=\"https:\/\/linkwireless.it\/wordpress\/wp-content\/uploads\/2022\/05\/jarama-pizza-allabrace.jpg\" alt=\"\" class=\"wp-image-417\" srcset=\"https:\/\/www.thereportzone.it\/wp-content\/uploads\/2022\/05\/jarama-pizza-allabrace.jpg 750w, https:\/\/www.thereportzone.it\/wp-content\/uploads\/2022\/05\/jarama-pizza-allabrace-240x300.jpg 240w\" sizes=\"(max-width: 750px) 100vw, 750px\" \/><\/figure>\n\n\n\n<p>&#8211; le prime parole di Prata al termine delle votazioni dell&#8217;assemblea generale &#8211; Il mio, il nostro impegno, sar\u00e0 in continuit\u00e0 con quanto fatto fino ad oggi, ovvero continuare a lottare per chiedere tutele, diritti e salvaguardia per le lavoratrici e i lavoratori dell&#8217;agroindustria in questa regione. Serve anche un forte rilancio per i settori della forestazione e dei consorzi di bonifica. E ancora la lotta al caporalato per la trasparenza e la legalit\u00e0 e &#8211; ha concluso il neo eletto segretario generale &#8211; investimenti maggiori nel settore agricolo per rilanciare la Campania&#8221;.&nbsp;<\/p>\n\n\n\n<p>Ai lavori congressuali, ai quali hanno portato il loro saluto i segretari generali di Fai Cisl Campania, Bruno Ferraro e Uila Uil Campania, Emilio Saggese e l&#8217;assessore regionale alla Legalit\u00e0, Mario Morcone, hanno partecipato il segretario generale Flai-Cgil Nazionale, Giovanni Mininni e il segretario generale Cgil Napoli e Campania, Nicola Ricci.&nbsp;<\/p>\n\n\n\n<p>&#8220;In questo secondo congresso della Flai Cgil Campania e Napoli &#8211; ha detto Giovanni Mininni &#8211; il primo punto \u00e8 la necessit\u00e0 per il lavoro di essere ascoltato. Il settore dell&#8217;agroindustria, che \u00e8 un fiore all&#8217;occhiello per il nostro export, deve essere valorizzato sotto il profilo dei diritti delle lavoratrici e dei lavoratori, della redistribuzione della ricchezza e di contrasto alla precariet\u00e0, perch\u00e9 all&#8217;interno di questo settore c&#8217;\u00e8 ancora tanta illegalit\u00e0 e ci sono troppi contratti precari, che affliggono soprattutto i giovani. Il caporalato, come abbiamo sempre denunciato, \u00e8 al 60 per cento a livello nazionale. Ecco perch\u00e9 &#8211; ha spiegato il segretario generale Flai-Cgil Nazionale &#8211; non abbiamo gradito e abbiamo contrastato il fatto che il Governo, nell&#8217;ultima legge di bilancio, abbia approvato un emendamento che ha sostituito la liberalizzazione dei voucher introducendo un sistema di assunzioni subordinate in agricoltura, di cui non c&#8217;era assolutamente bisogno, per normare il lavoro occasionale&#8221;.&nbsp;<\/p>\n\n\n\n<p>&#8220;Il lavoro &#8211; ha ribadito il segretario generale Cgil Napoli e Campania, Nicola Ricci &#8211; \u00e8 centrale nel dibattito di questo Paese e nelle proposte e nella discussione dei nostri congressi.&nbsp;<\/p>\n\n\n\n<p>Non \u00e8 una discussione formale ma sostanziale: qualit\u00e0 del lavoro, le condizioni salariali ed una discussione sull&#8217;ultima manovra finanziaria e dell&#8217;idea che questo Governo dello sviluppo del Paese. Abbiamo cercato di contrastare questa manovra finanziaria con una settimana di mobilitazioni a dicembre che hanno portato anche allo sciopero generale di 8 ore. Con questi congressi vogliamo teniamo alta anche la nostra mobilitazione, con proposte che guardano alle lavoratrici e ai lavoratori, alle famiglie e ai pensionati e soprattutto per capire come aggredire la crisi di fronte ad un&#8217;inflazione che continua a crescere. A differenza di ci\u00f2 che si legge e si sente in giro, non va tutto bene in questo Paese: la bolletta energetica \u00e8 aumentata del 40 per cento, il costo della benzina \u00e8 aumentato di 20 centesimi. Per affrontare tutto ci\u00f2 &#8211; ha concluso Ricci &#8211; occorre un aumento del potere d&#8217;acquisto e, di conseguenza, un aumento dei salari&#8221;. (ANSA)<\/p>\n\n\n\n<figure class=\"wp-block-image size-full\"><img loading=\"lazy\" decoding=\"async\" width=\"2048\" height=\"1536\" src=\"http:\/\/thereportzone.it\/wp-content\/uploads\/2023\/01\/6AD457B8-5DFD-4D6F-AF89-BCD254DD8B8F.jpeg\" alt=\"\" class=\"wp-image-37833\"\/><\/figure>\n\n\n\n<figure class=\"wp-block-image size-full\"><img loading=\"lazy\" decoding=\"async\" width=\"1600\" height=\"1200\" src=\"http:\/\/thereportzone.it\/wp-content\/uploads\/2023\/01\/3469AC35-33D5-43A9-8003-149F7239F59F.jpeg\" alt=\"\" class=\"wp-image-37832\"\/><\/figure>\n","protected":false},"excerpt":{"rendered":"<p>\u00c8 Igor Prata, attuale segretario generale della Flai-Cgil Caserta, il nuovo segretario generale regionale della categoria dell&#8217;agroindustria della<\/p>\n","protected":false},"author":2,"featured_media":37834,"comment_status":"closed","ping_status":"closed","sticky":false,"template":"","format":"image","meta":{"sfsi_plus_gutenberg_text_before_share":"","sfsi_plus_gutenberg_show_text_before_share":"","sfsi_plus_gutenberg_icon_type":"","sfsi_plus_gutenberg_icon_alignemt":"","sfsi_plus_gutenburg_max_per_row":"","footnotes":""},"categories":[8,4],"tags":[],"class_list":["post-37831","post","type-post","status-publish","format-image","has-post-thumbnail","hentry","category-cronaca","category-falciano","post_format-post-format-image"],"_links":{"self":[{"href":"https:\/\/www.thereportzone.it\/index.php?rest_route=\/wp\/v2\/posts\/37831"}],"collection":[{"href":"https:\/\/www.thereportzone.it\/index.php?rest_route=\/wp\/v2\/posts"}],"about":[{"href":"https:\/\/www.thereportzone.it\/index.php?rest_route=\/wp\/v2\/types\/post"}],"author":[{"embeddable":true,"href":"https:\/\/www.thereportzone.it\/index.php?rest_route=\/wp\/v2\/users\/2"}],"replies":[{"embeddable":true,"href":"https:\/\/www.thereportzone.it\/index.php?rest_route=%2Fwp%2Fv2%2Fcomments&post=37831"}],"version-history":[{"count":1,"href":"https:\/\/www.thereportzone.it\/index.php?rest_route=\/wp\/v2\/posts\/37831\/revisions"}],"predecessor-version":[{"id":37835,"href":"https:\/\/www.thereportzone.it\/index.php?rest_route=\/wp\/v2\/posts\/37831\/revisions\/37835"}],"wp:featuredmedia":[{"embeddable":true,"href":"https:\/\/www.thereportzone.it\/index.php?rest_route=\/wp\/v2\/media\/37834"}],"wp:attachment":[{"href":"https:\/\/www.thereportzone.it\/index.php?rest_route=%2Fwp%2Fv2%2Fmedia&parent=37831"}],"wp:term":[{"taxonomy":"category","embeddable":true,"href":"https:\/\/www.thereportzone.it\/index.php?rest_route=%2Fwp%2Fv2%2Fcategories&post=37831"},{"taxonomy":"post_tag","embeddable":true,"href":"https:\/\/www.thereportzone.it\/index.php?rest_route=%2Fwp%2Fv2%2Ftags&post=37831"}],"curies":[{"name":"wp","href":"https:\/\/api.w.org\/{rel}","templated":true}]}}