{"id":37824,"date":"2023-01-05T10:12:31","date_gmt":"2023-01-05T09:12:31","guid":{"rendered":"http:\/\/thereportzone.it\/?p=37824"},"modified":"2023-01-05T10:12:37","modified_gmt":"2023-01-05T09:12:37","slug":"lamministrazione-di-leone-annuncia-linizio-dei-preparativi-per-il-carnevale-cellolese-2023","status":"publish","type":"post","link":"https:\/\/www.thereportzone.it\/?p=37824","title":{"rendered":"L\u2019amministrazione Di Leone annuncia l\u2019inizio dei preparativi per il Carnevale Cellolese 2023"},"content":{"rendered":"\n<div class=\"wp-block-columns is-layout-flex wp-container-core-columns-is-layout-1 wp-block-columns-is-layout-flex\">\n<div class=\"wp-block-column is-layout-flow wp-block-column-is-layout-flow\" style=\"flex-basis:100%\">\n<div class=\"wp-block-group is-layout-flow wp-block-group-is-layout-flow\">\n<figure class=\"wp-block-image aligncenter size-full\"><img fetchpriority=\"high\" decoding=\"async\" width=\"691\" height=\"338\" src=\"http:\/\/thereportzone.it\/wp-content\/uploads\/2022\/07\/nuova-st-justin.png\" alt=\"\" class=\"wp-image-36457\"\/><\/figure>\n<\/div>\n<\/div>\n<\/div>\n\n\n\n<figure class=\"wp-block-image size-full\"><img decoding=\"async\" width=\"1100\" height=\"588\" src=\"http:\/\/thereportzone.it\/wp-content\/uploads\/2022\/11\/nuova-AZIENDA-AGRICOLA-GIOVANNI-TOSCANO.jpg\" alt=\"\" class=\"wp-image-37396\"\/><\/figure>\n\n\n\n<figure class=\"wp-block-image size-full\"><img decoding=\"async\" width=\"998\" height=\"140\" src=\"http:\/\/thereportzone.it\/wp-content\/uploads\/2022\/07\/SodaPDF-converted-quattro-BUONO.jpg\" alt=\"\" class=\"wp-image-36456\"\/><\/figure>\n\n\n\n<p>CELLOLE &#8211; CARNEVALE CELLOLESE 2023. L\u2019amministrazione Di Leone annuncia l\u2019inizio dei preparativi per il Carnevale Cellolese 2023.<\/p>\n\n\n\n<p>L\u2019idea (gi\u00e0 divenuta realt\u00e0) \u00e8 quella di un gruppo guidato dall\u2019ideatore del Carnevale Cellolese, ovvero Filippo Farina, nominato gi\u00e0 Direttore e Coordinatore dell\u2019edizione del 2023. Filippo ritorna dopo 20 anni a guidare l\u2019organizzazione del Carnevale ed a supportarlo come Vice Coordinatore \u00e8 stato nominato Giuseppe Fusciello, anch\u2019egli storica anima del carnevale e grande carrista. <\/p>\n\n\n\n<figure class=\"wp-block-image aligncenter size-full is-style-default\"><img loading=\"lazy\" decoding=\"async\" width=\"750\" height=\"937\" src=\"https:\/\/linkwireless.it\/wordpress\/wp-content\/uploads\/2022\/05\/jarama-pizza-allabrace.jpg\" alt=\"\" class=\"wp-image-417\" srcset=\"https:\/\/www.thereportzone.it\/wp-content\/uploads\/2022\/05\/jarama-pizza-allabrace.jpg 750w, https:\/\/www.thereportzone.it\/wp-content\/uploads\/2022\/05\/jarama-pizza-allabrace-240x300.jpg 240w\" sizes=\"(max-width: 750px) 100vw, 750px\" \/><\/figure>\n\n\n\n<p>\u201cCon il ritorno di Filippo, si \u00e8 riacceso un grande entusiasmo, \u00e8 ritornato tutto il suo<br>gruppo storico in prima linea e tanti giovani sono pronti ad aiutarlo. Sar\u00e0 un grande<br>Carnevale.\u201d &#8211; afferma emozionato il Sindaco di Cellole dott. Guido Di Leone.<\/p>\n\n\n\n<p><\/p>\n","protected":false},"excerpt":{"rendered":"<p>CELLOLE &#8211; CARNEVALE CELLOLESE 2023. L\u2019amministrazione Di Leone annuncia l\u2019inizio dei preparativi per il Carnevale Cellolese 2023. L\u2019idea<\/p>\n","protected":false},"author":2,"featured_media":37825,"comment_status":"closed","ping_status":"closed","sticky":false,"template":"","format":"image","meta":{"sfsi_plus_gutenberg_text_before_share":"","sfsi_plus_gutenberg_show_text_before_share":"","sfsi_plus_gutenberg_icon_type":"","sfsi_plus_gutenberg_icon_alignemt":"","sfsi_plus_gutenburg_max_per_row":"","footnotes":""},"categories":[2943],"tags":[],"class_list":["post-37824","post","type-post","status-publish","format-image","has-post-thumbnail","hentry","category-cellole","post_format-post-format-image"],"_links":{"self":[{"href":"https:\/\/www.thereportzone.it\/index.php?rest_route=\/wp\/v2\/posts\/37824"}],"collection":[{"href":"https:\/\/www.thereportzone.it\/index.php?rest_route=\/wp\/v2\/posts"}],"about":[{"href":"https:\/\/www.thereportzone.it\/index.php?rest_route=\/wp\/v2\/types\/post"}],"author":[{"embeddable":true,"href":"https:\/\/www.thereportzone.it\/index.php?rest_route=\/wp\/v2\/users\/2"}],"replies":[{"embeddable":true,"href":"https:\/\/www.thereportzone.it\/index.php?rest_route=%2Fwp%2Fv2%2Fcomments&post=37824"}],"version-history":[{"count":1,"href":"https:\/\/www.thereportzone.it\/index.php?rest_route=\/wp\/v2\/posts\/37824\/revisions"}],"predecessor-version":[{"id":37826,"href":"https:\/\/www.thereportzone.it\/index.php?rest_route=\/wp\/v2\/posts\/37824\/revisions\/37826"}],"wp:featuredmedia":[{"embeddable":true,"href":"https:\/\/www.thereportzone.it\/index.php?rest_route=\/wp\/v2\/media\/37825"}],"wp:attachment":[{"href":"https:\/\/www.thereportzone.it\/index.php?rest_route=%2Fwp%2Fv2%2Fmedia&parent=37824"}],"wp:term":[{"taxonomy":"category","embeddable":true,"href":"https:\/\/www.thereportzone.it\/index.php?rest_route=%2Fwp%2Fv2%2Fcategories&post=37824"},{"taxonomy":"post_tag","embeddable":true,"href":"https:\/\/www.thereportzone.it\/index.php?rest_route=%2Fwp%2Fv2%2Ftags&post=37824"}],"curies":[{"name":"wp","href":"https:\/\/api.w.org\/{rel}","templated":true}]}}