{"id":37805,"date":"2022-12-30T10:22:58","date_gmt":"2022-12-30T09:22:58","guid":{"rendered":"http:\/\/thereportzone.it\/?p=37805"},"modified":"2022-12-30T10:23:18","modified_gmt":"2022-12-30T09:23:18","slug":"lauro-sessa-chiude-lo-storico-barbiere-bartolo-un-gentiluomo-artigiano-che-ha-fatto-scuola","status":"publish","type":"post","link":"https:\/\/www.thereportzone.it\/?p=37805","title":{"rendered":"Lauro\/Sessa: chiude lo storico barbiere Bartolo. Un gentiluomo artigiano che ha fatto scuola\u00a0"},"content":{"rendered":"\n<div class=\"wp-block-columns is-layout-flex wp-container-core-columns-is-layout-1 wp-block-columns-is-layout-flex\">\n<div class=\"wp-block-column is-layout-flow wp-block-column-is-layout-flow\" style=\"flex-basis:100%\">\n<div class=\"wp-block-group is-layout-flow wp-block-group-is-layout-flow\">\n<figure class=\"wp-block-image aligncenter size-full\"><img fetchpriority=\"high\" decoding=\"async\" width=\"691\" height=\"338\" src=\"http:\/\/thereportzone.it\/wp-content\/uploads\/2022\/07\/nuova-st-justin.png\" alt=\"\" class=\"wp-image-36457\"\/><\/figure>\n<\/div>\n<\/div>\n<\/div>\n\n\n\n<figure class=\"wp-block-image size-full\"><img decoding=\"async\" width=\"1100\" height=\"588\" src=\"http:\/\/thereportzone.it\/wp-content\/uploads\/2022\/11\/nuova-AZIENDA-AGRICOLA-GIOVANNI-TOSCANO.jpg\" alt=\"\" class=\"wp-image-37396\"\/><\/figure>\n\n\n\n<figure class=\"wp-block-image size-full\"><img decoding=\"async\" width=\"998\" height=\"140\" src=\"http:\/\/thereportzone.it\/wp-content\/uploads\/2022\/07\/SodaPDF-converted-quattro-BUONO.jpg\" alt=\"\" class=\"wp-image-36456\"\/><\/figure>\n\n\n\n<p>Con la fine del 2022, chiude uno degli storici coiffeur del territorio aurunco. <strong><em>Alcide Ciccaglione<\/em><\/strong> in arte <strong><em>Bartolo <\/em><\/strong>ha curato capelli e barbe di decine di generazioni. <\/p>\n\n\n\n<figure class=\"wp-block-image aligncenter size-full is-style-default\"><img loading=\"lazy\" decoding=\"async\" width=\"750\" height=\"937\" src=\"https:\/\/linkwireless.it\/wordpress\/wp-content\/uploads\/2022\/05\/jarama-pizza-allabrace.jpg\" alt=\"\" class=\"wp-image-417\" srcset=\"https:\/\/www.thereportzone.it\/wp-content\/uploads\/2022\/05\/jarama-pizza-allabrace.jpg 750w, https:\/\/www.thereportzone.it\/wp-content\/uploads\/2022\/05\/jarama-pizza-allabrace-240x300.jpg 240w\" sizes=\"(max-width: 750px) 100vw, 750px\" \/><\/figure>\n\n\n\n<p>Il locale sito nel centro storico di Lauro di Sessa Aurunca fu inaugurato nel 1982, ma Bartolo, tranne una parentesi all&#8217;estero, sin da ragazzino si \u00e8 sempre dedicato con passione al mondo dell&#8217;acconciatura maschile. Allievo del maestro dei migliori barbieri casertani, Armando Coiro, \u00e8 diventato a sua volta maestro di tanti giovani barbieri locali. <\/p>\n\n\n\n<p>Ora si potr\u00e0 godere il riposo e la pensione e grande emozione in casa Ciccaglione per i figli Marco, Emilio ed Ivan e la moglie Annamaria ma anche per tutta la comunit\u00e0 laurese, poich\u00e9 la bottega di Bartolo \u00e8 stata per molti anche luogo di ritrovo quotidiano ed amicizia. <\/p>\n\n\n\n<p>Ora Un pensiero giunge da un professionista di origine laurese l&#8217;Avv. Alberto Verrengia; &#8220;Bartolo \u00e8 stato un esempio di professionalit\u00e0 e di competenza, ma anche un simbolo di compostezza. Un vero artigiano gentiluomo&#8221;.<\/p>\n\n\n\n<figure class=\"wp-block-image aligncenter size-full\"><img loading=\"lazy\" decoding=\"async\" width=\"720\" height=\"960\" src=\"http:\/\/thereportzone.it\/wp-content\/uploads\/2022\/12\/bartolo-1.jpg\" alt=\"\" class=\"wp-image-37806\"\/><\/figure>\n","protected":false},"excerpt":{"rendered":"<p>Con la fine del 2022, chiude uno degli storici coiffeur del territorio aurunco. Alcide Ciccaglione in arte Bartolo<\/p>\n","protected":false},"author":2,"featured_media":37807,"comment_status":"closed","ping_status":"closed","sticky":false,"template":"","format":"image","meta":{"sfsi_plus_gutenberg_text_before_share":"","sfsi_plus_gutenberg_show_text_before_share":"","sfsi_plus_gutenberg_icon_type":"","sfsi_plus_gutenberg_icon_alignemt":"","sfsi_plus_gutenburg_max_per_row":"","footnotes":""},"categories":[2948,8],"tags":[],"class_list":["post-37805","post","type-post","status-publish","format-image","has-post-thumbnail","hentry","category-comuni","category-cronaca","post_format-post-format-image"],"_links":{"self":[{"href":"https:\/\/www.thereportzone.it\/index.php?rest_route=\/wp\/v2\/posts\/37805"}],"collection":[{"href":"https:\/\/www.thereportzone.it\/index.php?rest_route=\/wp\/v2\/posts"}],"about":[{"href":"https:\/\/www.thereportzone.it\/index.php?rest_route=\/wp\/v2\/types\/post"}],"author":[{"embeddable":true,"href":"https:\/\/www.thereportzone.it\/index.php?rest_route=\/wp\/v2\/users\/2"}],"replies":[{"embeddable":true,"href":"https:\/\/www.thereportzone.it\/index.php?rest_route=%2Fwp%2Fv2%2Fcomments&post=37805"}],"version-history":[{"count":2,"href":"https:\/\/www.thereportzone.it\/index.php?rest_route=\/wp\/v2\/posts\/37805\/revisions"}],"predecessor-version":[{"id":37810,"href":"https:\/\/www.thereportzone.it\/index.php?rest_route=\/wp\/v2\/posts\/37805\/revisions\/37810"}],"wp:featuredmedia":[{"embeddable":true,"href":"https:\/\/www.thereportzone.it\/index.php?rest_route=\/wp\/v2\/media\/37807"}],"wp:attachment":[{"href":"https:\/\/www.thereportzone.it\/index.php?rest_route=%2Fwp%2Fv2%2Fmedia&parent=37805"}],"wp:term":[{"taxonomy":"category","embeddable":true,"href":"https:\/\/www.thereportzone.it\/index.php?rest_route=%2Fwp%2Fv2%2Fcategories&post=37805"},{"taxonomy":"post_tag","embeddable":true,"href":"https:\/\/www.thereportzone.it\/index.php?rest_route=%2Fwp%2Fv2%2Ftags&post=37805"}],"curies":[{"name":"wp","href":"https:\/\/api.w.org\/{rel}","templated":true}]}}